{"id":27784,"date":"2023-02-13T15:15:32","date_gmt":"2023-02-13T18:15:32","guid":{"rendered":"https:\/\/radiorevelacionfm.cl\/?p=27784"},"modified":"2023-02-13T15:15:32","modified_gmt":"2023-02-13T18:15:32","slug":"fenpruss-se-refiere-a-denuncias-de-acoso-y-abuso-sexual-por-parte-de-trabajadoras-en-hospital-de-puerto-aysen","status":"publish","type":"post","link":"https:\/\/radiorevelacionfm.cl\/?p=27784","title":{"rendered":"Fenpruss se refiere a denuncias de acoso y abuso sexual por parte de trabajadoras en Hospital de Puerto Ays\u00e9n"},"content":{"rendered":"<div class=\"flex_column av_one_full  flex_column_div av-zero-column-padding first  avia-builder-el-0  el_before_av_one_full  avia-builder-el-first  \" style='border-radius:0px; '><div  class='avia-image-container  av-styling-    avia-builder-el-1  avia-builder-el-no-sibling  avia-align-center '  itemprop=\"image\" itemscope=\"itemscope\" itemtype=\"https:\/\/schema.org\/ImageObject\"  ><div class='avia-image-container-inner'><div class='avia-image-overlay-wrap'><img decoding=\"async\" class='wp-image-4153 avia-img-lazy-loading-not-4153 avia_image' src=\"https:\/\/radiorevelacionfm.cl\/wp-content\/uploads\/2021\/05\/hospital-puerto-aysen1_optimized.jpg\" alt='' title='hospital-puerto-ays\u00e9n1_optimized' height=\"711\" width=\"1280\"  itemprop=\"thumbnailUrl\" srcset=\"https:\/\/radiorevelacionfm.cl\/wp-content\/uploads\/2021\/05\/hospital-puerto-aysen1_optimized.jpg 1280w, https:\/\/radiorevelacionfm.cl\/wp-content\/uploads\/2021\/05\/hospital-puerto-aysen1_optimized-300x167.jpg 300w, https:\/\/radiorevelacionfm.cl\/wp-content\/uploads\/2021\/05\/hospital-puerto-aysen1_optimized-1030x572.jpg 1030w, https:\/\/radiorevelacionfm.cl\/wp-content\/uploads\/2021\/05\/hospital-puerto-aysen1_optimized-768x427.jpg 768w, https:\/\/radiorevelacionfm.cl\/wp-content\/uploads\/2021\/05\/hospital-puerto-aysen1_optimized-705x392.jpg 705w, https:\/\/radiorevelacionfm.cl\/wp-content\/uploads\/2021\/05\/hospital-puerto-aysen1_optimized-600x333.jpg 600w\" sizes=\"(max-width: 1280px) 100vw, 1280px\" \/><\/div><\/div><\/div><\/div><div class=\"flex_column av_one_full  flex_column_div av-zero-column-padding first  avia-builder-el-2  el_after_av_one_full  el_before_av_one_full  column-top-margin\" style='border-radius:0px; '><section class=\"av_textblock_section \"  itemscope=\"itemscope\" itemtype=\"https:\/\/schema.org\/BlogPosting\" itemprop=\"blogPost\" ><div class='avia_textblock  '   itemprop=\"text\" ><p style=\"text-align: center;\"><strong><span style=\"font-size: 18pt;\">Fenpruss se refiere a denuncias de acoso y abuso sexual por parte de trabajadoras en Hospital de Puerto Ays\u00e9n\u00a0<\/span><\/strong><\/p>\n<div id=\"gtx-trans\" style=\"position: absolute; left: -50px; top: 4.31534px;\">\n<div class=\"gtx-trans-icon\"><\/div>\n<\/div>\n<\/div><\/section><\/div><div class=\"flex_column av_one_full  flex_column_div av-zero-column-padding first  avia-builder-el-4  el_after_av_one_full  el_before_av_hr  column-top-margin\" style='border-radius:0px; '><section class=\"av_textblock_section \"  itemscope=\"itemscope\" itemtype=\"https:\/\/schema.org\/BlogPosting\" itemprop=\"blogPost\" ><div class='avia_textblock  '   itemprop=\"text\" ><p style=\"text-align: justify;\">En base a los \u00faltimos acontecimientos ocurridos referentes a denuncias de acoso y abuso sexual en nuestro hospital por parte de trabajadoras, como Fenpruss Puerto Ays\u00e9n declaramos lo siguiente:<\/p>\n<p style=\"text-align: justify;\">Nuestra organizaci\u00f3n desde sus comienzos a acompa\u00f1ado y asesorado a v\u00edctimas y denunciantes de hechos de acoso sexual y laboral, haciendo esfuerzos reales en generar cambios profundos, teniendo injerencia en protocolos sobre el tema, y generando un trabajo tanto con autoridades locales del Servicio Salud Ays\u00e9n, autoridades de gobierno como la Seremi de la Mujer y Equidad de G\u00e9nero y a nivel de nuestra propia institucionalidad como Confederaci\u00f3n Fenpruss, exigiendo y promoviendo los cambios que se requieren para erradicar situaciones de Acoso, Maltrato Laboral y\/o Sexual (MALS) mediante los procesos y herramientas ya existentes en nuestra Red de Salud Ays\u00e9n y por consiguiente el Hospital de Puerto Ays\u00e9n.<\/p>\n<p style=\"text-align: justify;\">Hacemos un llamado a mantener una conducta responsable tanto a nivel personal como desde vocer\u00edas gremiales hacia las y los funcionarios, y de cara a los medios de comunicaci\u00f3n, en pos de no generar re-victimizaci\u00f3n, velar por inhibir el da\u00f1o hacia el entorno de las familias de los funcionarias y funcionarios involucrados, llamamos a no difundir informaci\u00f3n que puede ser err\u00f3nea que perjudique las investigaciones que se est\u00e9n realizando a nivel local o judicial, permitiendo investigaciones transparentes y ajustadas a derecho, de igual manera apoyamos las instancias de protesta cuando nuestras compa\u00f1eras de trabajo que han sido v\u00edctimas de acoso sexual y laboral no han encontrado justicia en los procesos internos del Servicio de Salud Ays\u00e9n.<\/p>\n<p style=\"text-align: justify;\">Referente a lo anterior hacemos un llamado al SSA ser eficientes en los procesos investigativos procurando celeridad, generando resultados que se concreten en sanciones ejemplificadoras hacia victimarios y no hacia las v\u00edctimas que muchas veces son castigadas por denunciar, el objetivo principal y deber de esta administraci\u00f3n del SSA es hacer justicia hacia las partes involucradas y evitar que estos procesos se eternicen en el tiempo con el consiguiente da\u00f1o a los funcionarios involucrados su entorno familiar y laboral, es por ello que se hace imprescindible la formaci\u00f3n de Fiscales especializados en perspectiva de g\u00e9neros, solicitud que FENPRUSS ha realizado constantemente hace varios a\u00f1os al Servicio de Salud Ays\u00e9n.<\/p>\n<p style=\"text-align: justify;\">DIRECTORIO FENPRUSS PUERTO AYS\u00c9N<\/p>\n<\/div><\/section><\/div><div  style='height:50px' class='hr hr-invisible   avia-builder-el-6  el_after_av_one_full  el_before_av_social_share '><span class='hr-inner ' ><span class='hr-inner-style'><\/span><\/span><\/div><\/p>\n<div  class='av-social-sharing-box  avia-builder-el-7  el_after_av_hr  el_before_av_hr  '><div class='av-share-box'><h5 class='av-share-link-description av-no-toc '>Compartir esta noticia<\/h5><ul class='av-share-box-list noLightbox'><li class='av-share-link av-social-link-facebook' ><a target=\"_blank\" aria-label=\"Compartir en Facebook\" href='https:\/\/www.facebook.com\/sharer.php?u=https:\/\/radiorevelacionfm.cl\/?p=27784&#038;t=Fenpruss%20se%20refiere%20a%20denuncias%20de%20acoso%20y%20abuso%20sexual%20por%20parte%20de%20trabajadoras%20en%20Hospital%20de%20Puerto%20Ays%C3%A9n' aria-hidden='false' data-av_icon='\ue8f3' data-av_iconfont='entypo-fontello' title='' data-avia-related-tooltip='Compartir en Facebook' rel=\"noopener\"><span class='avia_hidden_link_text'>Compartir en Facebook<\/span><\/a><\/li><li class='av-share-link av-social-link-twitter' ><a target=\"_blank\" aria-label=\"Compartir en Twitter\" href='https:\/\/twitter.com\/share?text=Fenpruss%20se%20refiere%20a%20denuncias%20de%20acoso%20y%20abuso%20sexual%20por%20parte%20de%20trabajadoras%20en%20Hospital%20de%20Puerto%20Ays%C3%A9n&#038;url=https:\/\/radiorevelacionfm.cl\/?p=27784' aria-hidden='false' data-av_icon='\ue8f1' data-av_iconfont='entypo-fontello' title='' data-avia-related-tooltip='Compartir en Twitter' rel=\"noopener\"><span class='avia_hidden_link_text'>Compartir en Twitter<\/span><\/a><\/li><li class='av-share-link av-social-link-whatsapp' ><a target=\"_blank\" aria-label=\"Compartir en Whatsapp\" href='https:\/\/api.whatsapp.com\/send?text=https:\/\/radiorevelacionfm.cl\/?p=27784' aria-hidden='false' data-av_icon='\uf232' data-av_iconfont='entypo-fontello' title='' data-avia-related-tooltip='Compartir en Whatsapp' rel=\"noopener\"><span class='avia_hidden_link_text'>Compartir en Whatsapp<\/span><\/a><\/li><li class='av-share-link av-social-link-linkedin' ><a target=\"_blank\" aria-label=\"Compartir en LinkedIn\" href='https:\/\/linkedin.com\/shareArticle?mini=true&#038;title=Fenpruss%20se%20refiere%20a%20denuncias%20de%20acoso%20y%20abuso%20sexual%20por%20parte%20de%20trabajadoras%20en%20Hospital%20de%20Puerto%20Ays%C3%A9n&#038;url=https:\/\/radiorevelacionfm.cl\/?p=27784' aria-hidden='false' data-av_icon='\ue8fc' data-av_iconfont='entypo-fontello' title='' data-avia-related-tooltip='Compartir en LinkedIn' rel=\"noopener\"><span class='avia_hidden_link_text'>Compartir en LinkedIn<\/span><\/a><\/li><li class='av-share-link av-social-link-mail' ><a  aria-label=\"Compartir por correo\" href='mailto:?subject=Fenpruss%20se%20refiere%20a%20denuncias%20de%20acoso%20y%20abuso%20sexual%20por%20parte%20de%20trabajadoras%20en%20Hospital%20de%20Puerto%20Ays%C3%A9n&#038;body=https:\/\/radiorevelacionfm.cl\/?p=27784' aria-hidden='false' data-av_icon='\ue805' data-av_iconfont='entypo-fontello' title='' data-avia-related-tooltip='Compartir por correo'><span class='avia_hidden_link_text'>Compartir por correo<\/span><\/a><\/li><\/ul><\/div><\/div>\n<div  style='height:50px' class='hr hr-invisible   avia-builder-el-8  el_after_av_social_share  el_before_av_comments_list '><span class='hr-inner ' ><span class='hr-inner-style'><\/span><\/span><\/div>\n<div  class='av-buildercomment  av-blog-meta-html-info-disabled av-blog-meta-tag-disabled  '><\/div>\n","protected":false},"excerpt":{"rendered":"","protected":false},"author":1,"featured_media":4153,"comment_status":"open","ping_status":"open","sticky":false,"template":"","format":"standard","meta":{"footnotes":""},"categories":[46],"tags":[],"class_list":["post-27784","post","type-post","status-publish","format-standard","has-post-thumbnail","hentry","category-salud"],"jetpack_featured_media_url":"https:\/\/radiorevelacionfm.cl\/wp-content\/uploads\/2021\/05\/hospital-puerto-aysen1_optimized.jpg","_links":{"self":[{"href":"https:\/\/radiorevelacionfm.cl\/index.php?rest_route=\/wp\/v2\/posts\/27784","targetHints":{"allow":["GET"]}}],"collection":[{"href":"https:\/\/radiorevelacionfm.cl\/index.php?rest_route=\/wp\/v2\/posts"}],"about":[{"href":"https:\/\/radiorevelacionfm.cl\/index.php?rest_route=\/wp\/v2\/types\/post"}],"author":[{"embeddable":true,"href":"https:\/\/radiorevelacionfm.cl\/index.php?rest_route=\/wp\/v2\/users\/1"}],"replies":[{"embeddable":true,"href":"https:\/\/radiorevelacionfm.cl\/index.php?rest_route=%2Fwp%2Fv2%2Fcomments&post=27784"}],"version-history":[{"count":2,"href":"https:\/\/radiorevelacionfm.cl\/index.php?rest_route=\/wp\/v2\/posts\/27784\/revisions"}],"predecessor-version":[{"id":27786,"href":"https:\/\/radiorevelacionfm.cl\/index.php?rest_route=\/wp\/v2\/posts\/27784\/revisions\/27786"}],"wp:featuredmedia":[{"embeddable":true,"href":"https:\/\/radiorevelacionfm.cl\/index.php?rest_route=\/wp\/v2\/media\/4153"}],"wp:attachment":[{"href":"https:\/\/radiorevelacionfm.cl\/index.php?rest_route=%2Fwp%2Fv2%2Fmedia&parent=27784"}],"wp:term":[{"taxonomy":"category","embeddable":true,"href":"https:\/\/radiorevelacionfm.cl\/index.php?rest_route=%2Fwp%2Fv2%2Fcategories&post=27784"},{"taxonomy":"post_tag","embeddable":true,"href":"https:\/\/radiorevelacionfm.cl\/index.php?rest_route=%2Fwp%2Fv2%2Ftags&post=27784"}],"curies":[{"name":"wp","href":"https:\/\/api.w.org\/{rel}","templated":true}]}}