{"id":27782,"date":"2023-02-13T18:17:16","date_gmt":"2023-02-13T21:17:16","guid":{"rendered":"https:\/\/radiorevelacionfm.cl\/?p=27782"},"modified":"2023-02-14T10:46:19","modified_gmt":"2023-02-14T13:46:19","slug":"invitan-a-la-comunidad-a-evento-que-unira-ciencia-nutricion-y-actividad-fisica-en-plaza-de-coyhaique","status":"publish","type":"post","link":"https:\/\/radiorevelacionfm.cl\/?p=27782","title":{"rendered":"Invitan a la comunidad a evento que unir\u00e1 ciencia, nutrici\u00f3n y actividad f\u00edsica en Plaza de Coyhaique"},"content":{"rendered":"<div class=\"flex_column av_one_full  flex_column_div av-zero-column-padding first  avia-builder-el-0  el_before_av_one_full  avia-builder-el-first  \" style='border-radius:0px; '><div  class='avia-image-container  av-styling-    avia-builder-el-1  avia-builder-el-no-sibling  avia-align-center '  itemprop=\"image\" itemscope=\"itemscope\" itemtype=\"https:\/\/schema.org\/ImageObject\"  ><div class='avia-image-container-inner'><div class='avia-image-overlay-wrap'><img decoding=\"async\" class='wp-image-27807 avia-img-lazy-loading-not-27807 avia_image' src=\"https:\/\/radiorevelacionfm.cl\/wp-content\/uploads\/2023\/02\/CP-Verano-1-1.jpeg\" alt='' title='CP Verano (1) (1)' height=\"600\" width=\"600\"  itemprop=\"thumbnailUrl\" srcset=\"https:\/\/radiorevelacionfm.cl\/wp-content\/uploads\/2023\/02\/CP-Verano-1-1.jpeg 600w, https:\/\/radiorevelacionfm.cl\/wp-content\/uploads\/2023\/02\/CP-Verano-1-1-300x300.jpeg 300w, https:\/\/radiorevelacionfm.cl\/wp-content\/uploads\/2023\/02\/CP-Verano-1-1-80x80.jpeg 80w, https:\/\/radiorevelacionfm.cl\/wp-content\/uploads\/2023\/02\/CP-Verano-1-1-36x36.jpeg 36w, https:\/\/radiorevelacionfm.cl\/wp-content\/uploads\/2023\/02\/CP-Verano-1-1-180x180.jpeg 180w, https:\/\/radiorevelacionfm.cl\/wp-content\/uploads\/2023\/02\/CP-Verano-1-1-100x100.jpeg 100w\" sizes=\"(max-width: 600px) 100vw, 600px\" \/><\/div><\/div><\/div><\/div><div class=\"flex_column av_one_full  flex_column_div av-zero-column-padding first  avia-builder-el-2  el_after_av_one_full  el_before_av_one_full  column-top-margin\" style='border-radius:0px; '><section class=\"av_textblock_section \"  itemscope=\"itemscope\" itemtype=\"https:\/\/schema.org\/BlogPosting\" itemprop=\"blogPost\" ><div class='avia_textblock  '   itemprop=\"text\" ><p style=\"text-align: center;\"><strong><span style=\"font-size: 18pt;\">Invitan a la comunidad a evento que unir\u00e1 ciencia, nutrici\u00f3n y actividad f\u00edsica en Plaza de Coyhaique<\/span><\/strong><\/p>\n<div id=\"gtx-trans\" style=\"position: absolute; left: -50px; top: 4.31534px;\">\n<div class=\"gtx-trans-icon\"><\/div>\n<\/div>\n<\/div><\/section><\/div><\/p>\n<div class=\"flex_column av_one_full  flex_column_div av-zero-column-padding first  avia-builder-el-4  el_after_av_one_full  el_before_av_hr  column-top-margin\" style='border-radius:0px; '><section class=\"av_textblock_section \"  itemscope=\"itemscope\" itemtype=\"https:\/\/schema.org\/BlogPosting\" itemprop=\"blogPost\" ><div class='avia_textblock  '   itemprop=\"text\" ><p style=\"text-align: justify;\">El grupo infantil Cantando Aprendo a Hablar ser\u00e1 el encargado de hacer cantar y bailar a grandes y peque\u00f1os. La cita es el viernes 17 de febrero, a partir de las 15 horas, en la Plaza de Armas de Coyhaique.<\/p>\n<p style=\"text-align: justify;\">Aprender a preparar un cordero de temporada con hongos silvestres junto al chef Cristian Balboa (CB Gastronom\u00eda), entender la importancia de una buena nutrici\u00f3n y la promoci\u00f3n de una vida saludable junto a especialistas, son los objetivos de esta iniciativa familiar organizada por el programa Ciencia P\u00fablica del Ministerio de Ciencia, Tecnolog\u00eda, Conocimiento e Innovaci\u00f3n (CTCI).<\/p>\n<p style=\"text-align: justify;\">Bajo el <em>#Tambi\u00e9nEsCiencia<\/em>, la seremi de Ciencia de la macrozona Austral, Ver\u00f3nica Vallejos, coment\u00f3 que una de las razones que motiv\u00f3 la realizaci\u00f3n de esta actividad son los altos niveles de obesidad y sobrepeso existentes en Chile -74% de la poblaci\u00f3n adulta y al 52% de los ni\u00f1os y ni\u00f1as- siendo el pa\u00eds de la OCDE con la mayor tasa. \u201cComo Ministerio, y a trav\u00e9s de Ciencia P\u00fablica, esperamos que la comunidad se sume a llevar una vida saludable compartiendo conocimientos sobre nutrici\u00f3n y salud, as\u00ed como de alimentos regionales, de una manera l\u00fadica e interactiva\u201d.<\/p>\n<p style=\"text-align: justify;\">Agreg\u00f3 que \u201cCiencia P\u00fablica en Verano\u201d es una buena oportunidad para que las personas se apropien de los espacios, y disfruten y aprendan en familia. \u201cContaremos con diversos especialistas, tendremos a un reconocido chef quien nos ense\u00f1ar\u00e1 en vivo a preparar un plato t\u00edpico de la zona y nos acompa\u00f1ar\u00e1n diferentes stands relacionados a las ciencias. Todos ellos nos ayudar\u00e1n a realzar conceptos y fen\u00f3menos de CTCI relacionados con nutrici\u00f3n y vida saludable con el fin de entregar informaci\u00f3n con base cient\u00edfica que ayude a las personas a tomar decisiones, cuidar la salud de su cuerpo y entorno, as\u00ed como a derribar falsas creencias\u201d.<\/p>\n<p style=\"text-align: justify;\">La comunidad coyhaiquina podr\u00e1 participar de esta actividad gratuita el viernes 17 de febrero a partir de las 15 horas, donde habr\u00e1 activaciones deportivas y la participaci\u00f3n de especialistas que responder\u00e1n a la audiencia dudas cient\u00edficas. Tambi\u00e9n podr\u00e1n acceder a demostraciones cient\u00edficas y gastron\u00f3micas, la proyecci\u00f3n de la serie \u201c<a href=\"https:\/\/www.youtube.com\/playlist?list=PLtpKK9eiPs3uwI93NC6p6JQzMRgDspoBd\">Dale color<\/a>\u201d y al show de \u201c<a href=\"https:\/\/cantandoaprendo.cl\/\">Cantando Aprendo a Hablar<\/a>\u201d.<\/p>\n<\/div><\/section><\/div>\n<div  style='height:50px' class='hr hr-invisible   avia-builder-el-6  el_after_av_one_full  el_before_av_social_share '><span class='hr-inner ' ><span class='hr-inner-style'><\/span><\/span><\/div>\n<div  class='av-social-sharing-box  avia-builder-el-7  el_after_av_hr  el_before_av_hr  '><div class='av-share-box'><h5 class='av-share-link-description av-no-toc '>Compartir esta noticia<\/h5><ul class='av-share-box-list noLightbox'><li class='av-share-link av-social-link-facebook' ><a target=\"_blank\" aria-label=\"Compartir en Facebook\" href='https:\/\/www.facebook.com\/sharer.php?u=https:\/\/radiorevelacionfm.cl\/?p=27782&#038;t=Invitan%20a%20la%20comunidad%20a%20evento%20que%20unir%C3%A1%20ciencia%2C%20nutrici%C3%B3n%20y%20actividad%20f%C3%ADsica%20en%20Plaza%20de%20Coyhaique' aria-hidden='false' data-av_icon='\ue8f3' data-av_iconfont='entypo-fontello' title='' data-avia-related-tooltip='Compartir en Facebook' rel=\"noopener\"><span class='avia_hidden_link_text'>Compartir en Facebook<\/span><\/a><\/li><li class='av-share-link av-social-link-twitter' ><a target=\"_blank\" aria-label=\"Compartir en Twitter\" href='https:\/\/twitter.com\/share?text=Invitan%20a%20la%20comunidad%20a%20evento%20que%20unir%C3%A1%20ciencia%2C%20nutrici%C3%B3n%20y%20actividad%20f%C3%ADsica%20en%20Plaza%20de%20Coyhaique&#038;url=https:\/\/radiorevelacionfm.cl\/?p=27782' aria-hidden='false' data-av_icon='\ue8f1' data-av_iconfont='entypo-fontello' title='' data-avia-related-tooltip='Compartir en Twitter' rel=\"noopener\"><span class='avia_hidden_link_text'>Compartir en Twitter<\/span><\/a><\/li><li class='av-share-link av-social-link-whatsapp' ><a target=\"_blank\" aria-label=\"Compartir en Whatsapp\" href='https:\/\/api.whatsapp.com\/send?text=https:\/\/radiorevelacionfm.cl\/?p=27782' aria-hidden='false' data-av_icon='\uf232' data-av_iconfont='entypo-fontello' title='' data-avia-related-tooltip='Compartir en Whatsapp' rel=\"noopener\"><span class='avia_hidden_link_text'>Compartir en Whatsapp<\/span><\/a><\/li><li class='av-share-link av-social-link-linkedin' ><a target=\"_blank\" aria-label=\"Compartir en LinkedIn\" href='https:\/\/linkedin.com\/shareArticle?mini=true&#038;title=Invitan%20a%20la%20comunidad%20a%20evento%20que%20unir%C3%A1%20ciencia%2C%20nutrici%C3%B3n%20y%20actividad%20f%C3%ADsica%20en%20Plaza%20de%20Coyhaique&#038;url=https:\/\/radiorevelacionfm.cl\/?p=27782' aria-hidden='false' data-av_icon='\ue8fc' data-av_iconfont='entypo-fontello' title='' data-avia-related-tooltip='Compartir en LinkedIn' rel=\"noopener\"><span class='avia_hidden_link_text'>Compartir en LinkedIn<\/span><\/a><\/li><li class='av-share-link av-social-link-mail' ><a  aria-label=\"Compartir por correo\" href='mailto:?subject=Invitan%20a%20la%20comunidad%20a%20evento%20que%20unir%C3%A1%20ciencia%2C%20nutrici%C3%B3n%20y%20actividad%20f%C3%ADsica%20en%20Plaza%20de%20Coyhaique&#038;body=https:\/\/radiorevelacionfm.cl\/?p=27782' aria-hidden='false' data-av_icon='\ue805' data-av_iconfont='entypo-fontello' title='' data-avia-related-tooltip='Compartir por correo'><span class='avia_hidden_link_text'>Compartir por correo<\/span><\/a><\/li><\/ul><\/div><\/div>\n<div  style='height:50px' class='hr hr-invisible   avia-builder-el-8  el_after_av_social_share  el_before_av_comments_list '><span class='hr-inner ' ><span class='hr-inner-style'><\/span><\/span><\/div>\n<div  class='av-buildercomment  av-blog-meta-html-info-disabled av-blog-meta-tag-disabled  '><\/div>\n","protected":false},"excerpt":{"rendered":"","protected":false},"author":1,"featured_media":27808,"comment_status":"open","ping_status":"open","sticky":false,"template":"","format":"standard","meta":{"footnotes":""},"categories":[53],"tags":[],"class_list":["post-27782","post","type-post","status-publish","format-standard","has-post-thumbnail","hentry","category-ciencia"],"jetpack_featured_media_url":"https:\/\/radiorevelacionfm.cl\/wp-content\/uploads\/2023\/02\/cp-verano-2-1_optimized.jpeg","_links":{"self":[{"href":"https:\/\/radiorevelacionfm.cl\/index.php?rest_route=\/wp\/v2\/posts\/27782","targetHints":{"allow":["GET"]}}],"collection":[{"href":"https:\/\/radiorevelacionfm.cl\/index.php?rest_route=\/wp\/v2\/posts"}],"about":[{"href":"https:\/\/radiorevelacionfm.cl\/index.php?rest_route=\/wp\/v2\/types\/post"}],"author":[{"embeddable":true,"href":"https:\/\/radiorevelacionfm.cl\/index.php?rest_route=\/wp\/v2\/users\/1"}],"replies":[{"embeddable":true,"href":"https:\/\/radiorevelacionfm.cl\/index.php?rest_route=%2Fwp%2Fv2%2Fcomments&post=27782"}],"version-history":[{"count":3,"href":"https:\/\/radiorevelacionfm.cl\/index.php?rest_route=\/wp\/v2\/posts\/27782\/revisions"}],"predecessor-version":[{"id":27806,"href":"https:\/\/radiorevelacionfm.cl\/index.php?rest_route=\/wp\/v2\/posts\/27782\/revisions\/27806"}],"wp:featuredmedia":[{"embeddable":true,"href":"https:\/\/radiorevelacionfm.cl\/index.php?rest_route=\/wp\/v2\/media\/27808"}],"wp:attachment":[{"href":"https:\/\/radiorevelacionfm.cl\/index.php?rest_route=%2Fwp%2Fv2%2Fmedia&parent=27782"}],"wp:term":[{"taxonomy":"category","embeddable":true,"href":"https:\/\/radiorevelacionfm.cl\/index.php?rest_route=%2Fwp%2Fv2%2Fcategories&post=27782"},{"taxonomy":"post_tag","embeddable":true,"href":"https:\/\/radiorevelacionfm.cl\/index.php?rest_route=%2Fwp%2Fv2%2Ftags&post=27782"}],"curies":[{"name":"wp","href":"https:\/\/api.w.org\/{rel}","templated":true}]}}