{"id":27778,"date":"2023-02-13T11:08:19","date_gmt":"2023-02-13T14:08:19","guid":{"rendered":"https:\/\/radiorevelacionfm.cl\/?p=27778"},"modified":"2023-02-13T11:08:19","modified_gmt":"2023-02-13T14:08:19","slug":"region-de-aysen-ya-cuenta-con-primer-grupo-de-recicladores-de-base-certificados","status":"publish","type":"post","link":"https:\/\/radiorevelacionfm.cl\/?p=27778","title":{"rendered":"Regi\u00f3n de Ays\u00e9n ya cuenta con primer grupo de Recicladores de Base Certificados"},"content":{"rendered":"<div class=\"flex_column av_one_full  flex_column_div av-zero-column-padding first  avia-builder-el-0  el_before_av_one_full  avia-builder-el-first  \" style='border-radius:0px; '><div  class='avia-image-container  av-styling-    avia-builder-el-1  avia-builder-el-no-sibling  avia-align-center '  itemprop=\"image\" itemscope=\"itemscope\" itemtype=\"https:\/\/schema.org\/ImageObject\"  ><div class='avia-image-container-inner'><div class='avia-image-overlay-wrap'><img decoding=\"async\" class='wp-image-27779 avia-img-lazy-loading-not-27779 avia_image' src=\"https:\/\/radiorevelacionfm.cl\/wp-content\/uploads\/2023\/02\/Recicladores-Aysen.jpeg\" alt='' title='Recicladores Aysen' height=\"600\" width=\"800\"  itemprop=\"thumbnailUrl\" srcset=\"https:\/\/radiorevelacionfm.cl\/wp-content\/uploads\/2023\/02\/Recicladores-Aysen.jpeg 800w, https:\/\/radiorevelacionfm.cl\/wp-content\/uploads\/2023\/02\/Recicladores-Aysen-300x225.jpeg 300w, https:\/\/radiorevelacionfm.cl\/wp-content\/uploads\/2023\/02\/Recicladores-Aysen-768x576.jpeg 768w, https:\/\/radiorevelacionfm.cl\/wp-content\/uploads\/2023\/02\/Recicladores-Aysen-705x529.jpeg 705w, https:\/\/radiorevelacionfm.cl\/wp-content\/uploads\/2023\/02\/Recicladores-Aysen-600x450.jpeg 600w\" sizes=\"(max-width: 800px) 100vw, 800px\" \/><\/div><\/div><\/div><\/div><div class=\"flex_column av_one_full  flex_column_div av-zero-column-padding first  avia-builder-el-2  el_after_av_one_full  el_before_av_one_full  column-top-margin\" style='border-radius:0px; '><section class=\"av_textblock_section \"  itemscope=\"itemscope\" itemtype=\"https:\/\/schema.org\/BlogPosting\" itemprop=\"blogPost\" ><div class='avia_textblock  '   itemprop=\"text\" ><p style=\"text-align: center;\"><strong><span style=\"font-size: 18pt;\">Regi\u00f3n de Ays\u00e9n ya cuenta con primer grupo de Recicladores de Base Certificados<\/span><\/strong><\/p>\n<div id=\"gtx-trans\" style=\"position: absolute; left: -50px; top: 4.31534px;\">\n<div class=\"gtx-trans-icon\"><\/div>\n<\/div>\n<\/div><\/section><\/div><div class=\"flex_column av_one_full  flex_column_div av-zero-column-padding first  avia-builder-el-4  el_after_av_one_full  el_before_av_hr  column-top-margin\" style='border-radius:0px; '><section class=\"av_textblock_section \"  itemscope=\"itemscope\" itemtype=\"https:\/\/schema.org\/BlogPosting\" itemprop=\"blogPost\" ><div class='avia_textblock  '   itemprop=\"text\" ><p style=\"text-align: justify;\">En una ceremonia realizada en la ciudad de Puerto Ays\u00e9n, 6 mujeres y 8 hombres se convirtieron en los primeros Recicladores de Base certificados de la regi\u00f3n de Ays\u00e9n. Dando un paso importante como actores estrat\u00e9gicos del proceso de reutilizaci\u00f3n y reciclaje.<\/p>\n<p style=\"text-align: justify;\">Los procesos de certificaci\u00f3n de competencias fueron ejecutados por el Centro certificador Asesor\u00edas Xitla y financiados por Sence.<\/p>\n<p style=\"text-align: justify;\">Para obtener este certificado, los recicladores y recicladoras pasaron por un proceso que permiti\u00f3 evaluar sus habilidades y conocimientos en el desarrollo de su oficio. Con el fin de acreditar sus competencias laborales sin importar c\u00f3mo est\u00e1s hayan sido adquiridas. Otorg\u00e1ndoles una herramienta de empleabilidad concreta que, tal como lo se\u00f1ala el art\u00edculo 32 de la Ley de Fomento al Reciclaje, \u201cles permitir\u00e1 acceder a establecer convenios y contratos con empresas para la gesti\u00f3n de sus residuos\u201d.<\/p>\n<p style=\"text-align: justify;\">Por su parte Rodrigo D\u00edaz, Seremi de Trabajo y Previsi\u00f3n Social de Ays\u00e9n, \u201cPara nosotros como Gobierno y Como Ministerio del Trabajo y Previsi\u00f3n Social, actividades como esta son fundamentales, las certificaciones de competencias es algo que a las personas, a los trabajadores les cambia la vida, as\u00ed es que de ese punto vista ac\u00e1 para la comuna de Ays\u00e9n el hecho de haber podido certificar hoy d\u00eda estos recicladores de base es un tremendo aporte a la sostenibilidad medio ambiental de nuestra comuna y tambi\u00e9n de nuestra regi\u00f3n, me gustar\u00eda destacar que el d\u00eda de hoy contamos con la presencia del vicepresidente de Chile Valora, quien viaj\u00f3 especialmente a esta actividad, destacar la importancia que chile valora le da a regi\u00f3n, recalcar que hoy d\u00eda contamos con una coordinadora regional, situaci\u00f3n que nos permite poder proyectarnos y poder certificar dentro de los perfiles existentes en toda la regi\u00f3n\u201d se\u00f1al\u00f3.<\/p>\n<p style=\"text-align: justify;\">Para el seremi de Medio Ambiente de la Regi\u00f3n de Ays\u00e9n, Juli\u00e1n Cardenas, \u201cMuy importante poder apoyar y potenciar a la comunidad a nuestros trabajadoras y trabajadores, en procesos tan importantes como lo son adquirir competencias para ser recicladoras base, porque estamos enfrentando hoy d\u00eda una triple crisis, una crisis clim\u00e1tica, una crisis ecosist\u00e9mica y una crisis de contaminaci\u00f3n y necesitamos que entre todos y todas unamos fuerzas para remediar esta situaci\u00f3n, es muy importante que podamos unirnos, que podamos potenciarnos, estoy muy feliz de esta actividad, muy feliz del desarrollo de las distintas competencias que se le han inculcado a estos trabajadores y trabajadoras\u201d explic\u00f3.<\/p>\n<p style=\"text-align: justify;\">Valeska Valenzuela, coordinadora regional del Sistema Nacional de Certificaci\u00f3n de Competencias Laborales \u2013 ChileValora, destac\u00f3 que los recicladores y recicladoras que hoy se certifican pasaron por un exhaustivo proceso de evaluaci\u00f3n que les abre puertas de empleabilidad y movilidad laboral para una mejor calidad de vida, puesto que implica la formalizaci\u00f3n y regularizaci\u00f3n de su actividad, reconoci\u00e9ndose como gestores de residuos y otorg\u00e1ndoles un rol fundamental para el \u00e9xito en la aplicaci\u00f3n de la Ley REP en nuestra regi\u00f3n.<\/p>\n<p style=\"text-align: justify;\">Valeska B\u00f3rquez, quien obtuvo su certificaci\u00f3n de oficio en Recicladores Base, destac\u00f3 este tipo de iniciativas \u201cMe pareci\u00f3 una oportunidad muy buena para mostrar toda la experiencia que tenemos ya que no hab\u00eda tenido la oportunidad de demostrar, debido que yo llevo un largo tiempo trabajando como recicladora, soy prestadora de servicios de la Municipalidad, entonces por ah\u00ed yo conoc\u00ed este tema tan bonito que es ser reciclador, con Chile Valora, junto a SENCE y el centro de asesor\u00edas Xitla, me dieron la oportunidad para que yo con el certificado pueda demostrar toda mi experiencia y por supuesto lo recomiendo a todos aquellos que tengan un oficio y que tengan la oportunidad de poder evaluarse para certificarse y as\u00ed demostrar su experiencia, cien por ciento recomendable\u201d puntualiz\u00f3.<\/p>\n<p style=\"text-align: justify;\">Cabe se\u00f1alar que el S\u00e9ptimo Reporte del Estado del Medio Ambiente (REMA) 2022, revel\u00f3 que en las cifras de generaci\u00f3n de residuos municipales por habitantes sit\u00faan a las regiones de Magallanes y Ays\u00e9n como las de mayor tasa de generaci\u00f3n de residuos per c\u00e1pita de un total nacional de 7,9 millones de toneladas de residuos municipales.<\/p>\n<\/div><\/section><\/div><div  style='height:50px' class='hr hr-invisible   avia-builder-el-6  el_after_av_one_full  el_before_av_social_share '><span class='hr-inner ' ><span class='hr-inner-style'><\/span><\/span><\/div><\/p>\n<div  class='av-social-sharing-box  avia-builder-el-7  el_after_av_hr  el_before_av_hr  '><div class='av-share-box'><h5 class='av-share-link-description av-no-toc '>Compartir esta noticia<\/h5><ul class='av-share-box-list noLightbox'><li class='av-share-link av-social-link-facebook' ><a target=\"_blank\" aria-label=\"Compartir en Facebook\" href='https:\/\/www.facebook.com\/sharer.php?u=https:\/\/radiorevelacionfm.cl\/?p=27778&#038;t=Regi%C3%B3n%20de%20Ays%C3%A9n%20ya%20cuenta%20con%20primer%20grupo%20de%20Recicladores%20de%20Base%20Certificados' aria-hidden='false' data-av_icon='\ue8f3' data-av_iconfont='entypo-fontello' title='' data-avia-related-tooltip='Compartir en Facebook' rel=\"noopener\"><span class='avia_hidden_link_text'>Compartir en Facebook<\/span><\/a><\/li><li class='av-share-link av-social-link-twitter' ><a target=\"_blank\" aria-label=\"Compartir en Twitter\" href='https:\/\/twitter.com\/share?text=Regi%C3%B3n%20de%20Ays%C3%A9n%20ya%20cuenta%20con%20primer%20grupo%20de%20Recicladores%20de%20Base%20Certificados&#038;url=https:\/\/radiorevelacionfm.cl\/?p=27778' aria-hidden='false' data-av_icon='\ue8f1' data-av_iconfont='entypo-fontello' title='' data-avia-related-tooltip='Compartir en Twitter' rel=\"noopener\"><span class='avia_hidden_link_text'>Compartir en Twitter<\/span><\/a><\/li><li class='av-share-link av-social-link-whatsapp' ><a target=\"_blank\" aria-label=\"Compartir en Whatsapp\" href='https:\/\/api.whatsapp.com\/send?text=https:\/\/radiorevelacionfm.cl\/?p=27778' aria-hidden='false' data-av_icon='\uf232' data-av_iconfont='entypo-fontello' title='' data-avia-related-tooltip='Compartir en Whatsapp' rel=\"noopener\"><span class='avia_hidden_link_text'>Compartir en Whatsapp<\/span><\/a><\/li><li class='av-share-link av-social-link-linkedin' ><a target=\"_blank\" aria-label=\"Compartir en LinkedIn\" href='https:\/\/linkedin.com\/shareArticle?mini=true&#038;title=Regi%C3%B3n%20de%20Ays%C3%A9n%20ya%20cuenta%20con%20primer%20grupo%20de%20Recicladores%20de%20Base%20Certificados&#038;url=https:\/\/radiorevelacionfm.cl\/?p=27778' aria-hidden='false' data-av_icon='\ue8fc' data-av_iconfont='entypo-fontello' title='' data-avia-related-tooltip='Compartir en LinkedIn' rel=\"noopener\"><span class='avia_hidden_link_text'>Compartir en LinkedIn<\/span><\/a><\/li><li class='av-share-link av-social-link-mail' ><a  aria-label=\"Compartir por correo\" href='mailto:?subject=Regi%C3%B3n%20de%20Ays%C3%A9n%20ya%20cuenta%20con%20primer%20grupo%20de%20Recicladores%20de%20Base%20Certificados&#038;body=https:\/\/radiorevelacionfm.cl\/?p=27778' aria-hidden='false' data-av_icon='\ue805' data-av_iconfont='entypo-fontello' title='' data-avia-related-tooltip='Compartir por correo'><span class='avia_hidden_link_text'>Compartir por correo<\/span><\/a><\/li><\/ul><\/div><\/div>\n<div  style='height:50px' class='hr hr-invisible   avia-builder-el-8  el_after_av_social_share  el_before_av_comments_list '><span class='hr-inner ' ><span class='hr-inner-style'><\/span><\/span><\/div>\n<div  class='av-buildercomment  av-blog-meta-html-info-disabled av-blog-meta-tag-disabled  '><\/div>\n","protected":false},"excerpt":{"rendered":"","protected":false},"author":1,"featured_media":27779,"comment_status":"open","ping_status":"open","sticky":false,"template":"","format":"standard","meta":{"footnotes":""},"categories":[38],"tags":[],"class_list":["post-27778","post","type-post","status-publish","format-standard","has-post-thumbnail","hentry","category-regional"],"jetpack_featured_media_url":"https:\/\/radiorevelacionfm.cl\/wp-content\/uploads\/2023\/02\/Recicladores-Aysen.jpeg","_links":{"self":[{"href":"https:\/\/radiorevelacionfm.cl\/index.php?rest_route=\/wp\/v2\/posts\/27778","targetHints":{"allow":["GET"]}}],"collection":[{"href":"https:\/\/radiorevelacionfm.cl\/index.php?rest_route=\/wp\/v2\/posts"}],"about":[{"href":"https:\/\/radiorevelacionfm.cl\/index.php?rest_route=\/wp\/v2\/types\/post"}],"author":[{"embeddable":true,"href":"https:\/\/radiorevelacionfm.cl\/index.php?rest_route=\/wp\/v2\/users\/1"}],"replies":[{"embeddable":true,"href":"https:\/\/radiorevelacionfm.cl\/index.php?rest_route=%2Fwp%2Fv2%2Fcomments&post=27778"}],"version-history":[{"count":2,"href":"https:\/\/radiorevelacionfm.cl\/index.php?rest_route=\/wp\/v2\/posts\/27778\/revisions"}],"predecessor-version":[{"id":27781,"href":"https:\/\/radiorevelacionfm.cl\/index.php?rest_route=\/wp\/v2\/posts\/27778\/revisions\/27781"}],"wp:featuredmedia":[{"embeddable":true,"href":"https:\/\/radiorevelacionfm.cl\/index.php?rest_route=\/wp\/v2\/media\/27779"}],"wp:attachment":[{"href":"https:\/\/radiorevelacionfm.cl\/index.php?rest_route=%2Fwp%2Fv2%2Fmedia&parent=27778"}],"wp:term":[{"taxonomy":"category","embeddable":true,"href":"https:\/\/radiorevelacionfm.cl\/index.php?rest_route=%2Fwp%2Fv2%2Fcategories&post=27778"},{"taxonomy":"post_tag","embeddable":true,"href":"https:\/\/radiorevelacionfm.cl\/index.php?rest_route=%2Fwp%2Fv2%2Ftags&post=27778"}],"curies":[{"name":"wp","href":"https:\/\/api.w.org\/{rel}","templated":true}]}}