{"id":27771,"date":"2023-02-12T20:29:47","date_gmt":"2023-02-12T23:29:47","guid":{"rendered":"https:\/\/radiorevelacionfm.cl\/?p=27771"},"modified":"2023-02-12T20:29:47","modified_gmt":"2023-02-12T23:29:47","slug":"la-historia-y-el-deporte-se-unen-en-palena-rio-abajo-una-expedicion-de-tres-dias-sumergida-en-los-bosques-pristinos-de-la-region-de-aysen","status":"publish","type":"post","link":"https:\/\/radiorevelacionfm.cl\/?p=27771","title":{"rendered":"La historia y el deporte se unen en \u201cPalena R\u00edo Abajo\u201d una expedici\u00f3n de tres d\u00edas sumergida en los bosques pr\u00edstinos de la Regi\u00f3n de Ays\u00e9n"},"content":{"rendered":"<div class=\"flex_column av_one_full  flex_column_div av-zero-column-padding first  avia-builder-el-0  el_before_av_one_full  avia-builder-el-first  \" style='border-radius:0px; '><div  class='avia-image-container  av-styling-    avia-builder-el-1  avia-builder-el-no-sibling  avia-align-center '  itemprop=\"image\" itemscope=\"itemscope\" itemtype=\"https:\/\/schema.org\/ImageObject\"  ><div class='avia-image-container-inner'><div class='avia-image-overlay-wrap'><img decoding=\"async\" class='wp-image-27772 avia-img-lazy-loading-not-27772 avia_image' src=\"https:\/\/radiorevelacionfm.cl\/wp-content\/uploads\/2023\/02\/dsc_0221-1_optimized-1.jpg\" alt='' title='dsc_0221-(1)_optimized (1)' height=\"600\" width=\"900\"  itemprop=\"thumbnailUrl\" srcset=\"https:\/\/radiorevelacionfm.cl\/wp-content\/uploads\/2023\/02\/dsc_0221-1_optimized-1.jpg 900w, https:\/\/radiorevelacionfm.cl\/wp-content\/uploads\/2023\/02\/dsc_0221-1_optimized-1-300x200.jpg 300w, https:\/\/radiorevelacionfm.cl\/wp-content\/uploads\/2023\/02\/dsc_0221-1_optimized-1-768x512.jpg 768w, https:\/\/radiorevelacionfm.cl\/wp-content\/uploads\/2023\/02\/dsc_0221-1_optimized-1-705x470.jpg 705w, https:\/\/radiorevelacionfm.cl\/wp-content\/uploads\/2023\/02\/dsc_0221-1_optimized-1-600x400.jpg 600w\" sizes=\"(max-width: 900px) 100vw, 900px\" \/><\/div><\/div><\/div><\/div><div class=\"flex_column av_one_full  flex_column_div av-zero-column-padding first  avia-builder-el-2  el_after_av_one_full  el_before_av_one_full  column-top-margin\" style='border-radius:0px; '><section class=\"av_textblock_section \"  itemscope=\"itemscope\" itemtype=\"https:\/\/schema.org\/BlogPosting\" itemprop=\"blogPost\" ><div class='avia_textblock  '   itemprop=\"text\" ><p style=\"text-align: center;\"><span style=\"font-size: 18pt;\"><b>La historia y el deporte se unen en \u201cPalena R\u00edo Abajo\u201d una expedici\u00f3n de tres d\u00edas sumergida en los bosques pr\u00edstinos de la Regi\u00f3n de Ays\u00e9n<\/b><\/span><\/p>\n<div id=\"gtx-trans\" style=\"position: absolute; left: -50px; top: 4.31534px;\">\n<div class=\"gtx-trans-icon\"><\/div>\n<\/div>\n<\/div><\/section><\/div><div class=\"flex_column av_one_full  flex_column_div av-zero-column-padding first  avia-builder-el-4  el_after_av_one_full  el_before_av_hr  column-top-margin\" style='border-radius:0px; '><section class=\"av_textblock_section \"  itemscope=\"itemscope\" itemtype=\"https:\/\/schema.org\/BlogPosting\" itemprop=\"blogPost\" ><div class='avia_textblock  '   itemprop=\"text\" ><p style=\"font-weight: 400; text-align: justify;\">En medio de bosques pr\u00edstinos, grandes monta\u00f1as y con la compa\u00f1\u00eda de innumerables aves nativas, se llev\u00f3 a cabo una traves\u00eda de tres d\u00edas, remando 80 km desde La Junta hasta Ra\u00fal Mar\u00edn Balmaceda. Este fue el escenario de una aventura \u00fanica en Chile llamada \u201cPalena R\u00edo Abajo\u201d.<\/p>\n<p style=\"font-weight: 400; text-align: justify;\">M\u00e1s de 40 personas se reunieron en La Junta con un sue\u00f1o en com\u00fan, vivir una experiencia en medio de la naturaleza, mientras bajan remando por el r\u00edo Palena desde la cordillera hasta el mar. Adoptando el sentido de ritual, la agencia Yagan Expeditions, lleva realizando de forma inquebrantable \u201cPalena R\u00edo Abajo\u201d la primera semana de febrero durante los \u00faltimos siete a\u00f1os.<\/p>\n<p style=\"font-weight: 400; text-align: justify;\">Nicol\u00e1s Perry fue uno de los participantes locales que se sum\u00f3 a esta traves\u00eda, \u201ccreo que fue un viaje que desde principio a fin te permite conocer lugares que no podr\u00edas tocar o ver desde otro punto de vista que no sea desde el agua\u201d as\u00ed describi\u00f3 su experiencia al llegar a tierra firme en Ra\u00fal Mar\u00edn Balmaceda.<\/p>\n<p style=\"font-weight: 400; text-align: justify;\"><strong>R\u00edo Palena: La carretera de los primeros habitantes<\/strong><\/p>\n<p style=\"font-weight: 400; text-align: justify;\">Honrar al r\u00edo a trav\u00e9s del deporte y conmemorar a las primeras personas que se transportaron por a trav\u00e9s de \u00e9l, son los principales objetivos de este encuentro anual.<\/p>\n<p style=\"font-weight: 400; text-align: justify;\">Los pioneros de la zona norte de la regi\u00f3n, actualmente los abuelos y abuelas de gran parte de la comunidad local, marcaron un precedente al utilizar el r\u00edo Palena como una verdadera carretera fluvial, la cual cruzaban con botes de madera y largos bastones, tanto para bajar como para subir por su caudal.<\/p>\n<p style=\"font-weight: 400; text-align: justify;\">De esta manera se potenci\u00f3 la conectividad, facilitando el comercio y el abastecimiento de la zona, creando as\u00ed, los primeros asentamientos.<\/p>\n<p style=\"font-weight: 400; text-align: justify;\"><strong>Participantes de todo Chile vivieron la experiencia \u201cPalena R\u00edo Abajo\u201d<\/strong><\/p>\n<p style=\"font-weight: 400; text-align: justify;\">A diferencia de los primeros habitantes, hoy en d\u00eda se cuenta con m\u00e1s equipo y tecnolog\u00eda para hacer de esta experiencia una aventura segura y familiar, pero que no deja de tener un grado de dificultad, donde la clave es la motivaci\u00f3n y el trabajo en equipo.<\/p>\n<p style=\"font-weight: 400; text-align: justify;\">M\u00f3nica Arellano, viaj\u00f3 sola desde Puerto Montt para realizar esta traves\u00eda, y afirm\u00f3 que es fundamental para las mujeres darse estos espacios y desaf\u00edos, \u201cyo creo que nosotras no tenemos l\u00edmites, siempre estamos muy dispuestas a todo, solo que a veces no nos concedemos esos tiempos para vivir experiencias. Igual es una invitaci\u00f3n a las mujeres a tener tiempo de autocuidado, a elegir lugares y expediciones\u201d.<\/p>\n<p style=\"font-weight: 400; text-align: justify;\">Tres participantes llegaron a La Junta desde San Pedro de Atacama, quienes viajaron m\u00e1s de 3 mil kil\u00f3metros para sumarse a esta nueva versi\u00f3n de \u201cPalena R\u00edo Abajo\u201d. Uno de ellos fue Miguel Alpaca, qui\u00e9n program\u00f3 esta actividad desde hace un a\u00f1o, la cual cumpli\u00f3 con todas sus expectativas, \u201clos paisajes son lo mejor de toda la traves\u00eda (\u2026) yo vengo de San Pedro de Atacama, el desierto m\u00e1s \u00e1rido del mundo y venir ac\u00e1 a la abundancia m\u00e1xima de agua fue incre\u00edble, fue de otro mundo\u201d.<\/p>\n<p style=\"font-weight: 400; text-align: justify;\"><strong>La magia del R\u00edo Palena m\u00e1s cerca de la comunidad<\/strong><\/p>\n<p style=\"font-weight: 400; text-align: justify;\">Fueron 3 d\u00edas y 80 kil\u00f3metros recorridos con m\u00e1s de alguna sorpresa.<\/p>\n<p style=\"font-weight: 400; text-align: justify;\">Varios Mart\u00edn Pescador y lobos de mar acompa\u00f1aron a las 20 embarcaciones durante su trayecto, inmerso en el bosque siempre verde, caracterizado por sus coig\u00fces, helechos y arrayanes, teniendo de fondo al imponente Volc\u00e1n Melimoyu con sus dos puntas blancas.<\/p>\n<p style=\"font-weight: 400; text-align: justify;\">Una aventura que mezcla de forma perfecta la paz y la armon\u00eda de la naturaleza, con el esfuerzo f\u00edsico y mental para lograr la meta de cada d\u00eda.<\/p>\n<p style=\"font-weight: 400; text-align: justify;\">Verena Toskana-Lanzendorff agradeci\u00f3 lo accesible de la actividad, lo que facilit\u00f3 que m\u00e1s personas puedan conocer el r\u00edo, \u201ces algo que sonaba ut\u00f3pico, se agradece ah\u00ed a toda la gente que apoya para que esto suceda, porque as\u00ed se acerca al r\u00edo Palena a la gente y hace que m\u00e1s personas podamos disfrutar de este lindo lugar\u201d.<\/p>\n<p style=\"font-weight: 400; text-align: justify;\">Al momento de poner el primer pie en la Junta, Bruno D\u00edaz pudo decir \u201cmisi\u00f3n cumplida\u201d a una nueva versi\u00f3n de Palena R\u00edo Abajo. Agradeci\u00f3 al staff, a las personas que formaron parte de esta experiencia y tambi\u00e9n, a quienes colaboraron para que este evento fuera posible, como PER Turismo, Sernatur Ays\u00e9n, Gobierno Regional, Marley Coffee, Stanley, Cerveza Tropera, Destiler\u00eda Tepaluma, Tronco Patagonia, Opinel, entre otros.<\/p>\n<p style=\"font-weight: 400; text-align: justify;\">\u201cCuando uno hace las cosas con coraz\u00f3n las cosas salen bien, estamos motivados y a darle al Palena R\u00edo Abajo 2024\u201d a\u00f1adi\u00f3.<\/p>\n<p style=\"font-weight: 400; text-align: justify;\">La actividad que inici\u00f3 con 40 desconocidos, finaliz\u00f3 con un equipo afiatado que al tocar tierra firme en el estuario Pitipalena de Ra\u00fal Mar\u00edn Balmaceda, dijo \u201cmisi\u00f3n cumplida\u201d entre abrazos, l\u00e1grimas y risas, y con ganas de repetirlo cada a\u00f1o para que esta tradici\u00f3n siga fluyendo y creciendo en cada versi\u00f3n.<\/p>\n<\/div><\/section><\/div><div  style='height:50px' class='hr hr-invisible   avia-builder-el-6  el_after_av_one_full  el_before_av_social_share '><span class='hr-inner ' ><span class='hr-inner-style'><\/span><\/span><\/div><\/p>\n<div  class='av-social-sharing-box  avia-builder-el-7  el_after_av_hr  el_before_av_hr  '><div class='av-share-box'><h5 class='av-share-link-description av-no-toc '>Compartir esta noticia<\/h5><ul class='av-share-box-list noLightbox'><li class='av-share-link av-social-link-facebook' ><a target=\"_blank\" aria-label=\"Compartir en Facebook\" href='https:\/\/www.facebook.com\/sharer.php?u=https:\/\/radiorevelacionfm.cl\/?p=27771&#038;t=La%20historia%20y%20el%20deporte%20se%20unen%20en%20%E2%80%9CPalena%20R%C3%ADo%20Abajo%E2%80%9D%20una%20expedici%C3%B3n%20de%20tres%20d%C3%ADas%20sumergida%20en%20los%20bosques%20pr%C3%ADstinos%20de%20la%20Regi%C3%B3n%20de%20Ays%C3%A9n' aria-hidden='false' data-av_icon='\ue8f3' data-av_iconfont='entypo-fontello' title='' data-avia-related-tooltip='Compartir en Facebook' rel=\"noopener\"><span class='avia_hidden_link_text'>Compartir en Facebook<\/span><\/a><\/li><li class='av-share-link av-social-link-twitter' ><a target=\"_blank\" aria-label=\"Compartir en Twitter\" href='https:\/\/twitter.com\/share?text=La%20historia%20y%20el%20deporte%20se%20unen%20en%20%E2%80%9CPalena%20R%C3%ADo%20Abajo%E2%80%9D%20una%20expedici%C3%B3n%20de%20tres%20d%C3%ADas%20sumergida%20en%20los%20bosques%20pr%C3%ADstinos%20de%20la%20Regi%C3%B3n%20de%20Ays%C3%A9n&#038;url=https:\/\/radiorevelacionfm.cl\/?p=27771' aria-hidden='false' data-av_icon='\ue8f1' data-av_iconfont='entypo-fontello' title='' data-avia-related-tooltip='Compartir en Twitter' rel=\"noopener\"><span class='avia_hidden_link_text'>Compartir en Twitter<\/span><\/a><\/li><li class='av-share-link av-social-link-whatsapp' ><a target=\"_blank\" aria-label=\"Compartir en Whatsapp\" href='https:\/\/api.whatsapp.com\/send?text=https:\/\/radiorevelacionfm.cl\/?p=27771' aria-hidden='false' data-av_icon='\uf232' data-av_iconfont='entypo-fontello' title='' data-avia-related-tooltip='Compartir en Whatsapp' rel=\"noopener\"><span class='avia_hidden_link_text'>Compartir en Whatsapp<\/span><\/a><\/li><li class='av-share-link av-social-link-linkedin' ><a target=\"_blank\" aria-label=\"Compartir en LinkedIn\" href='https:\/\/linkedin.com\/shareArticle?mini=true&#038;title=La%20historia%20y%20el%20deporte%20se%20unen%20en%20%E2%80%9CPalena%20R%C3%ADo%20Abajo%E2%80%9D%20una%20expedici%C3%B3n%20de%20tres%20d%C3%ADas%20sumergida%20en%20los%20bosques%20pr%C3%ADstinos%20de%20la%20Regi%C3%B3n%20de%20Ays%C3%A9n&#038;url=https:\/\/radiorevelacionfm.cl\/?p=27771' aria-hidden='false' data-av_icon='\ue8fc' data-av_iconfont='entypo-fontello' title='' data-avia-related-tooltip='Compartir en LinkedIn' rel=\"noopener\"><span class='avia_hidden_link_text'>Compartir en LinkedIn<\/span><\/a><\/li><li class='av-share-link av-social-link-mail' ><a  aria-label=\"Compartir por correo\" href='mailto:?subject=La%20historia%20y%20el%20deporte%20se%20unen%20en%20%E2%80%9CPalena%20R%C3%ADo%20Abajo%E2%80%9D%20una%20expedici%C3%B3n%20de%20tres%20d%C3%ADas%20sumergida%20en%20los%20bosques%20pr%C3%ADstinos%20de%20la%20Regi%C3%B3n%20de%20Ays%C3%A9n&#038;body=https:\/\/radiorevelacionfm.cl\/?p=27771' aria-hidden='false' data-av_icon='\ue805' data-av_iconfont='entypo-fontello' title='' data-avia-related-tooltip='Compartir por correo'><span class='avia_hidden_link_text'>Compartir por correo<\/span><\/a><\/li><\/ul><\/div><\/div>\n<div  style='height:50px' class='hr hr-invisible   avia-builder-el-8  el_after_av_social_share  el_before_av_comments_list '><span class='hr-inner ' ><span class='hr-inner-style'><\/span><\/span><\/div>\n<div  class='av-buildercomment  av-blog-meta-html-info-disabled av-blog-meta-tag-disabled  '><\/div>\n","protected":false},"excerpt":{"rendered":"","protected":false},"author":1,"featured_media":27772,"comment_status":"open","ping_status":"open","sticky":false,"template":"","format":"standard","meta":{"footnotes":""},"categories":[38],"tags":[],"class_list":["post-27771","post","type-post","status-publish","format-standard","has-post-thumbnail","hentry","category-regional"],"jetpack_featured_media_url":"https:\/\/radiorevelacionfm.cl\/wp-content\/uploads\/2023\/02\/dsc_0221-1_optimized-1.jpg","_links":{"self":[{"href":"https:\/\/radiorevelacionfm.cl\/index.php?rest_route=\/wp\/v2\/posts\/27771","targetHints":{"allow":["GET"]}}],"collection":[{"href":"https:\/\/radiorevelacionfm.cl\/index.php?rest_route=\/wp\/v2\/posts"}],"about":[{"href":"https:\/\/radiorevelacionfm.cl\/index.php?rest_route=\/wp\/v2\/types\/post"}],"author":[{"embeddable":true,"href":"https:\/\/radiorevelacionfm.cl\/index.php?rest_route=\/wp\/v2\/users\/1"}],"replies":[{"embeddable":true,"href":"https:\/\/radiorevelacionfm.cl\/index.php?rest_route=%2Fwp%2Fv2%2Fcomments&post=27771"}],"version-history":[{"count":2,"href":"https:\/\/radiorevelacionfm.cl\/index.php?rest_route=\/wp\/v2\/posts\/27771\/revisions"}],"predecessor-version":[{"id":27774,"href":"https:\/\/radiorevelacionfm.cl\/index.php?rest_route=\/wp\/v2\/posts\/27771\/revisions\/27774"}],"wp:featuredmedia":[{"embeddable":true,"href":"https:\/\/radiorevelacionfm.cl\/index.php?rest_route=\/wp\/v2\/media\/27772"}],"wp:attachment":[{"href":"https:\/\/radiorevelacionfm.cl\/index.php?rest_route=%2Fwp%2Fv2%2Fmedia&parent=27771"}],"wp:term":[{"taxonomy":"category","embeddable":true,"href":"https:\/\/radiorevelacionfm.cl\/index.php?rest_route=%2Fwp%2Fv2%2Fcategories&post=27771"},{"taxonomy":"post_tag","embeddable":true,"href":"https:\/\/radiorevelacionfm.cl\/index.php?rest_route=%2Fwp%2Fv2%2Ftags&post=27771"}],"curies":[{"name":"wp","href":"https:\/\/api.w.org\/{rel}","templated":true}]}}