{"id":2777,"date":"2021-02-18T19:58:21","date_gmt":"2021-02-18T22:58:21","guid":{"rendered":"https:\/\/radiorevelacionfm.cl\/?p=2777"},"modified":"2021-02-18T19:58:21","modified_gmt":"2021-02-18T22:58:21","slug":"anuncian-dos-nuevos-eventos-deportivos-recreativos-online-de-aysen-se-mueve-en-verano","status":"publish","type":"post","link":"https:\/\/radiorevelacionfm.cl\/?p=2777","title":{"rendered":"Anuncian dos nuevos eventos deportivos recreativos online de \u00abAys\u00e9n se Mueve en Verano\u00bb"},"content":{"rendered":"<div class=\"flex_column av_one_full  flex_column_div av-zero-column-padding first  avia-builder-el-0  el_before_av_one_full  avia-builder-el-first  \" style='border-radius:0px; '><div  class='avia-image-container  av-styling-    avia-builder-el-1  avia-builder-el-no-sibling  avia-align-center '  itemprop=\"image\" itemscope=\"itemscope\" itemtype=\"https:\/\/schema.org\/ImageObject\"  ><div class='avia-image-container-inner'><div class='avia-image-overlay-wrap'><img decoding=\"async\" class='wp-image-0 avia-img-lazy-loading-not-0 avia_image' src=\"https:\/\/radiorevelacionfm.cl\/wp-content\/uploads\/2021\/02\/evento-1.jpeg\" alt='' title=''   itemprop=\"thumbnailUrl\"  \/><\/div><\/div><\/div><\/div><div class=\"flex_column av_one_full  flex_column_div av-zero-column-padding first  avia-builder-el-2  el_after_av_one_full  el_before_av_one_full  column-top-margin\" style='border-radius:0px; '><section class=\"av_textblock_section \"  itemscope=\"itemscope\" itemtype=\"https:\/\/schema.org\/BlogPosting\" itemprop=\"blogPost\" ><div class='avia_textblock  '   itemprop=\"text\" ><p style=\"text-align: center;\"><span style=\"font-size: 18pt;\"><strong>Anuncian dos nuevos eventos deportivos recreativos online de \u00abAys\u00e9n se Mueve en Verano\u00bb <\/strong><\/span><\/p>\n<div id=\"gtx-trans\" style=\"position: absolute; left: -50px; top: 4.31534px;\">\n<div class=\"gtx-trans-icon\"><\/div>\n<\/div>\n<\/div><\/section><\/div><div class=\"flex_column av_one_full  flex_column_div av-zero-column-padding first  avia-builder-el-4  el_after_av_one_full  el_before_av_hr  column-top-margin\" style='border-radius:0px; '><section class=\"av_textblock_section \"  itemscope=\"itemscope\" itemtype=\"https:\/\/schema.org\/BlogPosting\" itemprop=\"blogPost\" ><div class='avia_textblock  '   itemprop=\"text\" ><p style=\"text-align: justify;\">Este mi\u00e9rcoles se realiz\u00f3 el primer encuentro masivo virtual veraniego en torno al baile y la actividad f\u00edsica que se transmite a trav\u00e9s del Facebook institucional Mindep Ays\u00e9n.<\/p>\n<p style=\"text-align: justify;\">Con gran \u00e9xito se desarroll\u00f3 \u00a0<u>e<\/u>l evento \u00abAys\u00e9n se Mueve en Verano\u00bb impulsado por el Ministerio\u00a0 del Deporte y el IND a trav\u00e9s del \u00a0Departamento de Participaci\u00f3n Social con el objetivo de mantener \u00a0activa a la comunidad durante el periodo estival.<\/p>\n<div>\n<p style=\"text-align: justify;\">En este sentido el Seremi del Deporte Rodrigo Cubilla Retamal, hizo un invitaci\u00f3n a la comunidad a participar\u00a0\u00a0y sumarse a estos eventos de verano,\u00a0\u00a0se\u00f1alando adem\u00e1s \u00aba trav\u00e9s de \u00e9stas actividades online queremos acompa\u00f1arlos en sus hogares, motiv\u00e1ndolos a practicar deporte y a seguir cuid\u00e1ndose, los eventos son en vivo y\u00a0 muy entretenidas porque los participantes pueden conversar a trav\u00e9s del chat y donde adem\u00e1s sorteamos kits deportivos para seguir entrenando en casa\u00bb.<\/p>\n<p style=\"text-align: justify;\">PROXIMOS EVENTOS<\/p>\n<p style=\"text-align: justify;\">El pr\u00f3ximo evento de baile entretenido estar\u00e1 a cargo de los instructores Sandra Cand\u00eda y Ariel Soto y se realizar\u00e1 el viernes 26 de febrero a partir de las 19.00 horas a trav\u00e9s Facebook, mientras el que 8 de marzo se realizar\u00e1 un evento especial para conmemorar el D\u00eda Internacional de la Mujer\u00bb<\/p>\n<p style=\"text-align: justify;\">Para participar en los eventos \u00a0#EntrenaEnCasa, deben \u00a0inscribirse en\u00a0<a href=\"http:\/\/www.ind.cl\/\" target=\"_blank\" rel=\"noopener noreferrer\">www.ind.cl<\/a> y conectarse al Facebook Mindep Ays\u00e9n.<\/p>\n<\/div>\n<\/div><\/section><\/div><div  style='height:50px' class='hr hr-invisible   avia-builder-el-6  el_after_av_one_full  el_before_av_social_share '><span class='hr-inner ' ><span class='hr-inner-style'><\/span><\/span><\/div><\/p>\n<div  class='av-social-sharing-box  avia-builder-el-7  el_after_av_hr  el_before_av_hr  '><div class='av-share-box'><h5 class='av-share-link-description av-no-toc '>Compartir esta noticia<\/h5><ul class='av-share-box-list noLightbox'><li class='av-share-link av-social-link-facebook' ><a target=\"_blank\" aria-label=\"Compartir en Facebook\" href='https:\/\/www.facebook.com\/sharer.php?u=https:\/\/radiorevelacionfm.cl\/?p=2777&#038;t=Anuncian%20dos%20nuevos%20eventos%20deportivos%20recreativos%20online%20de%20%C2%ABAys%C3%A9n%20se%20Mueve%20en%20Verano%C2%BB' aria-hidden='false' data-av_icon='\ue8f3' data-av_iconfont='entypo-fontello' title='' data-avia-related-tooltip='Compartir en Facebook' rel=\"noopener\"><span class='avia_hidden_link_text'>Compartir en Facebook<\/span><\/a><\/li><li class='av-share-link av-social-link-twitter' ><a target=\"_blank\" aria-label=\"Compartir en Twitter\" href='https:\/\/twitter.com\/share?text=Anuncian%20dos%20nuevos%20eventos%20deportivos%20recreativos%20online%20de%20%C2%ABAys%C3%A9n%20se%20Mueve%20en%20Verano%C2%BB&#038;url=https:\/\/radiorevelacionfm.cl\/?p=2777' aria-hidden='false' data-av_icon='\ue8f1' data-av_iconfont='entypo-fontello' title='' data-avia-related-tooltip='Compartir en Twitter' rel=\"noopener\"><span class='avia_hidden_link_text'>Compartir en Twitter<\/span><\/a><\/li><li class='av-share-link av-social-link-whatsapp' ><a target=\"_blank\" aria-label=\"Compartir en Whatsapp\" href='https:\/\/api.whatsapp.com\/send?text=https:\/\/radiorevelacionfm.cl\/?p=2777' aria-hidden='false' data-av_icon='\uf232' data-av_iconfont='entypo-fontello' title='' data-avia-related-tooltip='Compartir en Whatsapp' rel=\"noopener\"><span class='avia_hidden_link_text'>Compartir en Whatsapp<\/span><\/a><\/li><li class='av-share-link av-social-link-linkedin' ><a target=\"_blank\" aria-label=\"Compartir en LinkedIn\" href='https:\/\/linkedin.com\/shareArticle?mini=true&#038;title=Anuncian%20dos%20nuevos%20eventos%20deportivos%20recreativos%20online%20de%20%C2%ABAys%C3%A9n%20se%20Mueve%20en%20Verano%C2%BB&#038;url=https:\/\/radiorevelacionfm.cl\/?p=2777' aria-hidden='false' data-av_icon='\ue8fc' data-av_iconfont='entypo-fontello' title='' data-avia-related-tooltip='Compartir en LinkedIn' rel=\"noopener\"><span class='avia_hidden_link_text'>Compartir en LinkedIn<\/span><\/a><\/li><li class='av-share-link av-social-link-mail' ><a  aria-label=\"Compartir por correo\" href='mailto:?subject=Anuncian%20dos%20nuevos%20eventos%20deportivos%20recreativos%20online%20de%20%C2%ABAys%C3%A9n%20se%20Mueve%20en%20Verano%C2%BB&#038;body=https:\/\/radiorevelacionfm.cl\/?p=2777' aria-hidden='false' data-av_icon='\ue805' data-av_iconfont='entypo-fontello' title='' data-avia-related-tooltip='Compartir por correo'><span class='avia_hidden_link_text'>Compartir por correo<\/span><\/a><\/li><\/ul><\/div><\/div>\n<div  style='height:50px' class='hr hr-invisible   avia-builder-el-8  el_after_av_social_share  el_before_av_comments_list '><span class='hr-inner ' ><span class='hr-inner-style'><\/span><\/span><\/div>\n<div  class='av-buildercomment  av-blog-meta-html-info-disabled av-blog-meta-tag-disabled  '><\/div>\n","protected":false},"excerpt":{"rendered":"","protected":false},"author":1,"featured_media":0,"comment_status":"open","ping_status":"open","sticky":false,"template":"","format":"standard","meta":{"footnotes":""},"categories":[40],"tags":[],"class_list":["post-2777","post","type-post","status-publish","format-standard","hentry","category-deportes"],"jetpack_featured_media_url":"","_links":{"self":[{"href":"https:\/\/radiorevelacionfm.cl\/index.php?rest_route=\/wp\/v2\/posts\/2777","targetHints":{"allow":["GET"]}}],"collection":[{"href":"https:\/\/radiorevelacionfm.cl\/index.php?rest_route=\/wp\/v2\/posts"}],"about":[{"href":"https:\/\/radiorevelacionfm.cl\/index.php?rest_route=\/wp\/v2\/types\/post"}],"author":[{"embeddable":true,"href":"https:\/\/radiorevelacionfm.cl\/index.php?rest_route=\/wp\/v2\/users\/1"}],"replies":[{"embeddable":true,"href":"https:\/\/radiorevelacionfm.cl\/index.php?rest_route=%2Fwp%2Fv2%2Fcomments&post=2777"}],"version-history":[{"count":1,"href":"https:\/\/radiorevelacionfm.cl\/index.php?rest_route=\/wp\/v2\/posts\/2777\/revisions"}],"predecessor-version":[{"id":2779,"href":"https:\/\/radiorevelacionfm.cl\/index.php?rest_route=\/wp\/v2\/posts\/2777\/revisions\/2779"}],"wp:attachment":[{"href":"https:\/\/radiorevelacionfm.cl\/index.php?rest_route=%2Fwp%2Fv2%2Fmedia&parent=2777"}],"wp:term":[{"taxonomy":"category","embeddable":true,"href":"https:\/\/radiorevelacionfm.cl\/index.php?rest_route=%2Fwp%2Fv2%2Fcategories&post=2777"},{"taxonomy":"post_tag","embeddable":true,"href":"https:\/\/radiorevelacionfm.cl\/index.php?rest_route=%2Fwp%2Fv2%2Ftags&post=2777"}],"curies":[{"name":"wp","href":"https:\/\/api.w.org\/{rel}","templated":true}]}}