{"id":27767,"date":"2023-02-12T15:19:46","date_gmt":"2023-02-12T18:19:46","guid":{"rendered":"https:\/\/radiorevelacionfm.cl\/?p=27767"},"modified":"2023-02-12T15:19:46","modified_gmt":"2023-02-12T18:19:46","slug":"sag-aysen-recuerda-a-viajeros-no-ingresar-productos-de-riesgo-para-evitar-posibles-enfermedades-o-plagas-en-el-agro","status":"publish","type":"post","link":"https:\/\/radiorevelacionfm.cl\/?p=27767","title":{"rendered":"SAG Ays\u00e9n recuerda a viajeros no ingresar productos de riesgo para evitar posibles enfermedades o plagas en el agro"},"content":{"rendered":"<div class=\"flex_column av_one_full  flex_column_div av-zero-column-padding first  avia-builder-el-0  el_before_av_one_full  avia-builder-el-first  \" style='border-radius:0px; '><div  class='avia-image-container  av-styling-    avia-builder-el-1  avia-builder-el-no-sibling  avia-align-center '  itemprop=\"image\" itemscope=\"itemscope\" itemtype=\"https:\/\/schema.org\/ImageObject\"  ><div class='avia-image-container-inner'><div class='avia-image-overlay-wrap'><img decoding=\"async\" class='wp-image-27768 avia-img-lazy-loading-not-27768 avia_image' src=\"https:\/\/radiorevelacionfm.cl\/wp-content\/uploads\/2023\/02\/IMG-20230212-WA0008-1-1.jpg\" alt='' title='IMG-20230212-WA0008 (1) (1)' height=\"600\" width=\"856\"  itemprop=\"thumbnailUrl\" srcset=\"https:\/\/radiorevelacionfm.cl\/wp-content\/uploads\/2023\/02\/IMG-20230212-WA0008-1-1.jpg 856w, https:\/\/radiorevelacionfm.cl\/wp-content\/uploads\/2023\/02\/IMG-20230212-WA0008-1-1-300x210.jpg 300w, https:\/\/radiorevelacionfm.cl\/wp-content\/uploads\/2023\/02\/IMG-20230212-WA0008-1-1-768x538.jpg 768w, https:\/\/radiorevelacionfm.cl\/wp-content\/uploads\/2023\/02\/IMG-20230212-WA0008-1-1-705x494.jpg 705w, https:\/\/radiorevelacionfm.cl\/wp-content\/uploads\/2023\/02\/IMG-20230212-WA0008-1-1-600x421.jpg 600w\" sizes=\"(max-width: 856px) 100vw, 856px\" \/><\/div><\/div><\/div><\/div><div class=\"flex_column av_one_full  flex_column_div av-zero-column-padding first  avia-builder-el-2  el_after_av_one_full  el_before_av_one_full  column-top-margin\" style='border-radius:0px; '><section class=\"av_textblock_section \"  itemscope=\"itemscope\" itemtype=\"https:\/\/schema.org\/BlogPosting\" itemprop=\"blogPost\" ><div class='avia_textblock  '   itemprop=\"text\" ><p style=\"text-align: center;\"><strong><span style=\"font-size: 18pt;\">SAG Ays\u00e9n recuerda a viajeros no ingresar productos de riesgo para evitar posibles enfermedades o plagas en el agro<\/span><\/strong><\/p>\n<div id=\"gtx-trans\" style=\"position: absolute; left: -50px; top: 4.31534px;\">\n<div class=\"gtx-trans-icon\"><\/div>\n<\/div>\n<\/div><\/section><\/div><div class=\"flex_column av_one_full  flex_column_div av-zero-column-padding first  avia-builder-el-4  el_after_av_one_full  el_before_av_hr  column-top-margin\" style='border-radius:0px; '><section class=\"av_textblock_section \"  itemscope=\"itemscope\" itemtype=\"https:\/\/schema.org\/BlogPosting\" itemprop=\"blogPost\" ><div class='avia_textblock  '   itemprop=\"text\" ><p style=\"text-align: justify;\">Dado el aumento de viajeros a trav\u00e9s de los distintos controles fronterizos de la regi\u00f3n por la temporada estival, el Servicio Agr\u00edcola y Ganadero del Ministerio de Agricultura, realiz\u00f3 un llamado a informarse sobre los productos de ingreso regulados por la entidad, con lo cual se agiliza la inspecci\u00f3n y por consiguiente tr\u00e1mite de ingreso al pa\u00eds.<\/p>\n<p style=\"text-align: justify;\">\u201cJunto el SAG queremos hacer un llamado a los usuarios\/as de nuestros pasos fronterizos, a tomar resguardos en materia de ingreso de productos, con el fin de agilizar su tr\u00e1mite migratorio a nuestro pa\u00eds. Pero, fundamentalmente apoyar la protecci\u00f3n de nuestro patrimonio fito y zoosanitario evitando el ingreso de productos que puedan generar enfermedades o plagas y afectar de manera directa a agricultura familiar campesina de Ays\u00e9n.\u201d, se\u00f1al\u00f3 el Seremi de Agricultura, Alan Espinoza Ortiz.<\/p>\n<p style=\"text-align: justify;\">Llamado que fue reforzado por Cristi\u00e1n Lozano Espinosa, Encargado Regional de Control Frontera de SAG Ays\u00e9n quien se\u00f1alo que \u201ca pesar de las constantes campa\u00f1as comunicacionales, se sigue observando un alto n\u00famero de pasajeros que ingresan con productos no autorizados. Lo que implica la interceptaci\u00f3n de los productos su posterior toma de muestra en casos pertinentes, y su posterior destrucci\u00f3n\u201d, detall\u00f3<\/p>\n<p style=\"text-align: justify;\">Durante el a\u00f1o 2022 se efectu\u00f3 a nivel regional m\u00e1s de 4.200 intercepciones de productos, con casi tres toneladas de productos destruidos. De estos productos, un 80% corresponde a productos de origen vegetal, donde destacan frutas, verduras, legumbres, artesan\u00edas y maderas. En tanto, desde el punto de vista de productos pecuarios, lo m\u00e1s interceptado son carne y huevos.<\/p>\n<p style=\"text-align: justify;\">\u201cRecordar la importancia que toda persona mayor de 18 a\u00f1os lea en detalle la Declaraci\u00f3n Jurada Conjunta (DJC), que en el reverso entrega un listado de los productos que controla SAG, y en caso de traer algo que le genere duda, mejor lo declare para que sea un inspector o inspectora SAG quien autorice. Para evitar multas y retrasos en su ingreso al pa\u00eds\u201d, se\u00f1alo Lozano.<\/p>\n<p style=\"text-align: justify;\">Durante esta temporada estival el aumento de ingresos de pasajeros ha alcanzado los niveles de pre pandemia, en especial por el control fronterizo Jeinimeni, as\u00ed como el paso Huemules, el cual ha absorbido la demanda de pasajeros que habitualmente ingresaba por Coyhaique alto.<\/p>\n<p style=\"text-align: justify;\">Finalmente, recordar que, a excepci\u00f3n de Coyhaique alto, todos los controles fronterizos est\u00e1n operando con absoluta normalidad.<\/p>\n<p style=\"text-align: justify;\">Los horarios de funcionamiento son los siguientes:<\/p>\n<ul style=\"text-align: justify;\">\n<li>Pasos fronterizos de Provincia de Coyhaique: 08:00 \u2013 21:00 hrs<\/li>\n<li>Pasos fronterizos Provincia General Carrera: Jeinimeni: 08:00 \u2013 22:00 horas; Pallavicini: 08:00 \u2013 21:30 horas.<\/li>\n<\/ul>\n<p style=\"text-align: justify;\">Para mayor informaci\u00f3n, visite la p\u00e1gina web del Servicio o escr\u00edbanos a contacto.aysen@sag.gob.cl.<\/p>\n<\/div><\/section><\/div><div  style='height:50px' class='hr hr-invisible   avia-builder-el-6  el_after_av_one_full  el_before_av_social_share '><span class='hr-inner ' ><span class='hr-inner-style'><\/span><\/span><\/div><\/p>\n<div  class='av-social-sharing-box  avia-builder-el-7  el_after_av_hr  el_before_av_hr  '><div class='av-share-box'><h5 class='av-share-link-description av-no-toc '>Compartir esta noticia<\/h5><ul class='av-share-box-list noLightbox'><li class='av-share-link av-social-link-facebook' ><a target=\"_blank\" aria-label=\"Compartir en Facebook\" href='https:\/\/www.facebook.com\/sharer.php?u=https:\/\/radiorevelacionfm.cl\/?p=27767&#038;t=SAG%20Ays%C3%A9n%20recuerda%20a%20viajeros%20no%20ingresar%20productos%20de%20riesgo%20para%20evitar%20posibles%20enfermedades%20o%20plagas%20en%20el%20agro' aria-hidden='false' data-av_icon='\ue8f3' data-av_iconfont='entypo-fontello' title='' data-avia-related-tooltip='Compartir en Facebook' rel=\"noopener\"><span class='avia_hidden_link_text'>Compartir en Facebook<\/span><\/a><\/li><li class='av-share-link av-social-link-twitter' ><a target=\"_blank\" aria-label=\"Compartir en Twitter\" href='https:\/\/twitter.com\/share?text=SAG%20Ays%C3%A9n%20recuerda%20a%20viajeros%20no%20ingresar%20productos%20de%20riesgo%20para%20evitar%20posibles%20enfermedades%20o%20plagas%20en%20el%20agro&#038;url=https:\/\/radiorevelacionfm.cl\/?p=27767' aria-hidden='false' data-av_icon='\ue8f1' data-av_iconfont='entypo-fontello' title='' data-avia-related-tooltip='Compartir en Twitter' rel=\"noopener\"><span class='avia_hidden_link_text'>Compartir en Twitter<\/span><\/a><\/li><li class='av-share-link av-social-link-whatsapp' ><a target=\"_blank\" aria-label=\"Compartir en Whatsapp\" href='https:\/\/api.whatsapp.com\/send?text=https:\/\/radiorevelacionfm.cl\/?p=27767' aria-hidden='false' data-av_icon='\uf232' data-av_iconfont='entypo-fontello' title='' data-avia-related-tooltip='Compartir en Whatsapp' rel=\"noopener\"><span class='avia_hidden_link_text'>Compartir en Whatsapp<\/span><\/a><\/li><li class='av-share-link av-social-link-linkedin' ><a target=\"_blank\" aria-label=\"Compartir en LinkedIn\" href='https:\/\/linkedin.com\/shareArticle?mini=true&#038;title=SAG%20Ays%C3%A9n%20recuerda%20a%20viajeros%20no%20ingresar%20productos%20de%20riesgo%20para%20evitar%20posibles%20enfermedades%20o%20plagas%20en%20el%20agro&#038;url=https:\/\/radiorevelacionfm.cl\/?p=27767' aria-hidden='false' data-av_icon='\ue8fc' data-av_iconfont='entypo-fontello' title='' data-avia-related-tooltip='Compartir en LinkedIn' rel=\"noopener\"><span class='avia_hidden_link_text'>Compartir en LinkedIn<\/span><\/a><\/li><li class='av-share-link av-social-link-mail' ><a  aria-label=\"Compartir por correo\" href='mailto:?subject=SAG%20Ays%C3%A9n%20recuerda%20a%20viajeros%20no%20ingresar%20productos%20de%20riesgo%20para%20evitar%20posibles%20enfermedades%20o%20plagas%20en%20el%20agro&#038;body=https:\/\/radiorevelacionfm.cl\/?p=27767' aria-hidden='false' data-av_icon='\ue805' data-av_iconfont='entypo-fontello' title='' data-avia-related-tooltip='Compartir por correo'><span class='avia_hidden_link_text'>Compartir por correo<\/span><\/a><\/li><\/ul><\/div><\/div>\n<div  style='height:50px' class='hr hr-invisible   avia-builder-el-8  el_after_av_social_share  el_before_av_comments_list '><span class='hr-inner ' ><span class='hr-inner-style'><\/span><\/span><\/div>\n<div  class='av-buildercomment  av-blog-meta-html-info-disabled av-blog-meta-tag-disabled  '><\/div>\n","protected":false},"excerpt":{"rendered":"","protected":false},"author":1,"featured_media":27768,"comment_status":"open","ping_status":"open","sticky":false,"template":"","format":"standard","meta":{"footnotes":""},"categories":[58],"tags":[],"class_list":["post-27767","post","type-post","status-publish","format-standard","has-post-thumbnail","hentry","category-agricultura"],"jetpack_featured_media_url":"https:\/\/radiorevelacionfm.cl\/wp-content\/uploads\/2023\/02\/IMG-20230212-WA0008-1-1.jpg","_links":{"self":[{"href":"https:\/\/radiorevelacionfm.cl\/index.php?rest_route=\/wp\/v2\/posts\/27767","targetHints":{"allow":["GET"]}}],"collection":[{"href":"https:\/\/radiorevelacionfm.cl\/index.php?rest_route=\/wp\/v2\/posts"}],"about":[{"href":"https:\/\/radiorevelacionfm.cl\/index.php?rest_route=\/wp\/v2\/types\/post"}],"author":[{"embeddable":true,"href":"https:\/\/radiorevelacionfm.cl\/index.php?rest_route=\/wp\/v2\/users\/1"}],"replies":[{"embeddable":true,"href":"https:\/\/radiorevelacionfm.cl\/index.php?rest_route=%2Fwp%2Fv2%2Fcomments&post=27767"}],"version-history":[{"count":2,"href":"https:\/\/radiorevelacionfm.cl\/index.php?rest_route=\/wp\/v2\/posts\/27767\/revisions"}],"predecessor-version":[{"id":27770,"href":"https:\/\/radiorevelacionfm.cl\/index.php?rest_route=\/wp\/v2\/posts\/27767\/revisions\/27770"}],"wp:featuredmedia":[{"embeddable":true,"href":"https:\/\/radiorevelacionfm.cl\/index.php?rest_route=\/wp\/v2\/media\/27768"}],"wp:attachment":[{"href":"https:\/\/radiorevelacionfm.cl\/index.php?rest_route=%2Fwp%2Fv2%2Fmedia&parent=27767"}],"wp:term":[{"taxonomy":"category","embeddable":true,"href":"https:\/\/radiorevelacionfm.cl\/index.php?rest_route=%2Fwp%2Fv2%2Fcategories&post=27767"},{"taxonomy":"post_tag","embeddable":true,"href":"https:\/\/radiorevelacionfm.cl\/index.php?rest_route=%2Fwp%2Fv2%2Ftags&post=27767"}],"curies":[{"name":"wp","href":"https:\/\/api.w.org\/{rel}","templated":true}]}}