{"id":27760,"date":"2023-02-12T12:36:28","date_gmt":"2023-02-12T15:36:28","guid":{"rendered":"https:\/\/radiorevelacionfm.cl\/?p=27760"},"modified":"2023-02-12T12:36:28","modified_gmt":"2023-02-12T15:36:28","slug":"un-75-de-avance-presenta-construccion-de-viviendas-para-comite-no-tengo-casa-propia-de-puerto-aysen","status":"publish","type":"post","link":"https:\/\/radiorevelacionfm.cl\/?p=27760","title":{"rendered":"Un 75% de avance presenta construcci\u00f3n de viviendas para Comit\u00e9 \u201cNo Tengo Casa Propia\u201d de Puerto Ays\u00e9n"},"content":{"rendered":"<div class=\"flex_column av_one_full  flex_column_div av-zero-column-padding first  avia-builder-el-0  el_before_av_one_full  avia-builder-el-first  \" style='border-radius:0px; '><div  class='avia-image-container  av-styling-    avia-builder-el-1  avia-builder-el-no-sibling  avia-align-center '  itemprop=\"image\" itemscope=\"itemscope\" itemtype=\"https:\/\/schema.org\/ImageObject\"  ><div class='avia-image-container-inner'><div class='avia-image-overlay-wrap'><img decoding=\"async\" class='wp-image-27761 avia-img-lazy-loading-not-27761 avia_image' src=\"https:\/\/radiorevelacionfm.cl\/wp-content\/uploads\/2023\/02\/foto-panoramica-avance-obra-comite-no-tengo-casa-propia-puerto-aysen-1_optimized.jpeg\" alt='' title='foto-panor\u00e1mica-avance-obra-comit\u00e9-no-tengo-casa-propia-puerto-ays\u00e9n-(1)_optimized' height=\"600\" width=\"800\"  itemprop=\"thumbnailUrl\" srcset=\"https:\/\/radiorevelacionfm.cl\/wp-content\/uploads\/2023\/02\/foto-panoramica-avance-obra-comite-no-tengo-casa-propia-puerto-aysen-1_optimized.jpeg 800w, https:\/\/radiorevelacionfm.cl\/wp-content\/uploads\/2023\/02\/foto-panoramica-avance-obra-comite-no-tengo-casa-propia-puerto-aysen-1_optimized-300x225.jpeg 300w, https:\/\/radiorevelacionfm.cl\/wp-content\/uploads\/2023\/02\/foto-panoramica-avance-obra-comite-no-tengo-casa-propia-puerto-aysen-1_optimized-768x576.jpeg 768w, https:\/\/radiorevelacionfm.cl\/wp-content\/uploads\/2023\/02\/foto-panoramica-avance-obra-comite-no-tengo-casa-propia-puerto-aysen-1_optimized-705x529.jpeg 705w, https:\/\/radiorevelacionfm.cl\/wp-content\/uploads\/2023\/02\/foto-panoramica-avance-obra-comite-no-tengo-casa-propia-puerto-aysen-1_optimized-600x450.jpeg 600w\" sizes=\"(max-width: 800px) 100vw, 800px\" \/><\/div><\/div><\/div><\/div><div class=\"flex_column av_one_full  flex_column_div av-zero-column-padding first  avia-builder-el-2  el_after_av_one_full  el_before_av_one_full  column-top-margin\" style='border-radius:0px; '><section class=\"av_textblock_section \"  itemscope=\"itemscope\" itemtype=\"https:\/\/schema.org\/BlogPosting\" itemprop=\"blogPost\" ><div class='avia_textblock  '   itemprop=\"text\" ><p style=\"text-align: center;\"><strong><span style=\"font-size: 18pt;\">Un 75% de avance presenta construcci\u00f3n de viviendas para Comit\u00e9 \u201cNo Tengo Casa Propia\u201d de Puerto Ays\u00e9n<\/span><\/strong><\/p>\n<div id=\"gtx-trans\" style=\"position: absolute; left: -50px; top: 4.31534px;\">\n<div class=\"gtx-trans-icon\"><\/div>\n<\/div>\n<\/div><\/section><\/div><div class=\"flex_column av_one_full  flex_column_div av-zero-column-padding first  avia-builder-el-4  el_after_av_one_full  el_before_av_hr  column-top-margin\" style='border-radius:0px; '><section class=\"av_textblock_section \"  itemscope=\"itemscope\" itemtype=\"https:\/\/schema.org\/BlogPosting\" itemprop=\"blogPost\" ><div class='avia_textblock  '   itemprop=\"text\" ><p style=\"text-align: justify;\">Un avance f\u00edsico de un 75% presenta actualmente la construcci\u00f3n del conjunto habitacional que en los pr\u00f3ximos meses dar\u00e1 soluci\u00f3n definitiva a los 50 integrantes del comit\u00e9 \u201cNo Tengo Casa Propia\u201d, de Puerto Ays\u00e9n.<\/p>\n<p style=\"text-align: justify;\">As\u00ed lo pudieron comprobar dirigentes y beneficiarios de dicha agrupaci\u00f3n en reciente visita a terreno encabezada por la Seremi de Vivienda y Urbanismo, Paulina Ruz Delf\u00edn, con participaci\u00f3n de representantes de la Entidad Patrocinante Dalco y de la empresa L Y D, encargada de la construcci\u00f3n de este nuevo barrio.<\/p>\n<p style=\"text-align: justify;\">Al finalizar el recorrido la Seremi Paulina Ruz calific\u00f3 la visita como \u201cmuy productiva\u201d, porque adem\u00e1s de apreciar el avance en las obras tuvieron la oportunidad de reunir a los socios y socias del comit\u00e9 para que la empresa constructora y la Entidad Patrocinante entregaran informaci\u00f3n detallada y aclararan en directo cualquier tipo de dudas.<\/p>\n<p style=\"text-align: justify;\">\u201cEn el contexto de nuestro Plan de Emergencia Habitacional estamos realizando las visitas a terreno correspondientes y tambi\u00e9n apoyar en distintos mecanismos para acelerar los procesos y llegar a la meta que tenemos propuesta a nivel regional, que es construir mil 293 viviendas a lo largo de este periodo. Seguimos trabajando comprometidos con la comunidad y por supuesto solucionando dudas y acompa\u00f1ando en todo lo que sea necesario para lograr el fin \u00faltimo, que es garantizar el derecho a la vivienda digna a todas las familias de la regi\u00f3n de Ays\u00e9n\u201d, manifest\u00f3.<\/p>\n<p style=\"text-align: justify;\">Por su parte, una de las dirigentas del comit\u00e9 \u201cNo tengo casa Propia\u201d, Mar\u00eda Canales, destac\u00f3 la presencia de las autoridades y sobre todo el gran avance que presenta la obra, algo que los hace so\u00f1ar que en los pr\u00f3ximos meses ya podr\u00e1n habitar su anhelado conjunto habitacional.<\/p>\n<p style=\"text-align: justify;\">\u201cLa verdad es que esta visita ha sido muy emocionante, ver ya casi el t\u00e9rmino de las viviendas, es una alegr\u00eda para todos ya que somos un comit\u00e9 que estamos desde el 2014, as\u00ed que esto es una felicidad inmensa. Ver a las familias, sus caras, sus rostros nos llena de satisfacci\u00f3n al comprobar que hicimos algo bien. A veces hay que dejar un poco m\u00e1s de tiempo, dejar a sus hogares para poder hacer las gestiones, pero es tambi\u00e9n muy bonito eso, muy gratificante para uno, as\u00ed que muy feliz\u201d, se\u00f1al\u00f3.<\/p>\n<p style=\"text-align: justify;\">El proyecto para el comit\u00e9 \u201cNo tengo casa Propia\u201d se ubica en el sector Ribera Norte de Puerto Ays\u00e9n y contempla la construcci\u00f3n de 50 viviendas alto est\u00e1ndar en dise\u00f1o, aislaci\u00f3n t\u00e9rmica y seguridad, con 47 viviendas de dos pisos y 3 edificaciones de un piso habilitadas para personas con movilidad reducida.<\/p>\n<\/div><\/section><\/div><div  style='height:50px' class='hr hr-invisible   avia-builder-el-6  el_after_av_one_full  el_before_av_social_share '><span class='hr-inner ' ><span class='hr-inner-style'><\/span><\/span><\/div><\/p>\n<div  class='av-social-sharing-box  avia-builder-el-7  el_after_av_hr  el_before_av_hr  '><div class='av-share-box'><h5 class='av-share-link-description av-no-toc '>Compartir esta noticia<\/h5><ul class='av-share-box-list noLightbox'><li class='av-share-link av-social-link-facebook' ><a target=\"_blank\" aria-label=\"Compartir en Facebook\" href='https:\/\/www.facebook.com\/sharer.php?u=https:\/\/radiorevelacionfm.cl\/?p=27760&#038;t=Un%2075%25%20de%20avance%20presenta%20construcci%C3%B3n%20de%20viviendas%20para%20Comit%C3%A9%20%E2%80%9CNo%20Tengo%20Casa%20Propia%E2%80%9D%20de%20Puerto%20Ays%C3%A9n' aria-hidden='false' data-av_icon='\ue8f3' data-av_iconfont='entypo-fontello' title='' data-avia-related-tooltip='Compartir en Facebook' rel=\"noopener\"><span class='avia_hidden_link_text'>Compartir en Facebook<\/span><\/a><\/li><li class='av-share-link av-social-link-twitter' ><a target=\"_blank\" aria-label=\"Compartir en Twitter\" href='https:\/\/twitter.com\/share?text=Un%2075%25%20de%20avance%20presenta%20construcci%C3%B3n%20de%20viviendas%20para%20Comit%C3%A9%20%E2%80%9CNo%20Tengo%20Casa%20Propia%E2%80%9D%20de%20Puerto%20Ays%C3%A9n&#038;url=https:\/\/radiorevelacionfm.cl\/?p=27760' aria-hidden='false' data-av_icon='\ue8f1' data-av_iconfont='entypo-fontello' title='' data-avia-related-tooltip='Compartir en Twitter' rel=\"noopener\"><span class='avia_hidden_link_text'>Compartir en Twitter<\/span><\/a><\/li><li class='av-share-link av-social-link-whatsapp' ><a target=\"_blank\" aria-label=\"Compartir en Whatsapp\" href='https:\/\/api.whatsapp.com\/send?text=https:\/\/radiorevelacionfm.cl\/?p=27760' aria-hidden='false' data-av_icon='\uf232' data-av_iconfont='entypo-fontello' title='' data-avia-related-tooltip='Compartir en Whatsapp' rel=\"noopener\"><span class='avia_hidden_link_text'>Compartir en Whatsapp<\/span><\/a><\/li><li class='av-share-link av-social-link-linkedin' ><a target=\"_blank\" aria-label=\"Compartir en LinkedIn\" href='https:\/\/linkedin.com\/shareArticle?mini=true&#038;title=Un%2075%25%20de%20avance%20presenta%20construcci%C3%B3n%20de%20viviendas%20para%20Comit%C3%A9%20%E2%80%9CNo%20Tengo%20Casa%20Propia%E2%80%9D%20de%20Puerto%20Ays%C3%A9n&#038;url=https:\/\/radiorevelacionfm.cl\/?p=27760' aria-hidden='false' data-av_icon='\ue8fc' data-av_iconfont='entypo-fontello' title='' data-avia-related-tooltip='Compartir en LinkedIn' rel=\"noopener\"><span class='avia_hidden_link_text'>Compartir en LinkedIn<\/span><\/a><\/li><li class='av-share-link av-social-link-mail' ><a  aria-label=\"Compartir por correo\" href='mailto:?subject=Un%2075%25%20de%20avance%20presenta%20construcci%C3%B3n%20de%20viviendas%20para%20Comit%C3%A9%20%E2%80%9CNo%20Tengo%20Casa%20Propia%E2%80%9D%20de%20Puerto%20Ays%C3%A9n&#038;body=https:\/\/radiorevelacionfm.cl\/?p=27760' aria-hidden='false' data-av_icon='\ue805' data-av_iconfont='entypo-fontello' title='' data-avia-related-tooltip='Compartir por correo'><span class='avia_hidden_link_text'>Compartir por correo<\/span><\/a><\/li><\/ul><\/div><\/div>\n<div  style='height:50px' class='hr hr-invisible   avia-builder-el-8  el_after_av_social_share  el_before_av_comments_list '><span class='hr-inner ' ><span class='hr-inner-style'><\/span><\/span><\/div>\n<div  class='av-buildercomment  av-blog-meta-html-info-disabled av-blog-meta-tag-disabled  '><\/div>\n","protected":false},"excerpt":{"rendered":"","protected":false},"author":1,"featured_media":27761,"comment_status":"open","ping_status":"open","sticky":false,"template":"","format":"standard","meta":{"footnotes":""},"categories":[57],"tags":[],"class_list":["post-27760","post","type-post","status-publish","format-standard","has-post-thumbnail","hentry","category-vivienda"],"jetpack_featured_media_url":"https:\/\/radiorevelacionfm.cl\/wp-content\/uploads\/2023\/02\/foto-panoramica-avance-obra-comite-no-tengo-casa-propia-puerto-aysen-1_optimized.jpeg","_links":{"self":[{"href":"https:\/\/radiorevelacionfm.cl\/index.php?rest_route=\/wp\/v2\/posts\/27760","targetHints":{"allow":["GET"]}}],"collection":[{"href":"https:\/\/radiorevelacionfm.cl\/index.php?rest_route=\/wp\/v2\/posts"}],"about":[{"href":"https:\/\/radiorevelacionfm.cl\/index.php?rest_route=\/wp\/v2\/types\/post"}],"author":[{"embeddable":true,"href":"https:\/\/radiorevelacionfm.cl\/index.php?rest_route=\/wp\/v2\/users\/1"}],"replies":[{"embeddable":true,"href":"https:\/\/radiorevelacionfm.cl\/index.php?rest_route=%2Fwp%2Fv2%2Fcomments&post=27760"}],"version-history":[{"count":2,"href":"https:\/\/radiorevelacionfm.cl\/index.php?rest_route=\/wp\/v2\/posts\/27760\/revisions"}],"predecessor-version":[{"id":27766,"href":"https:\/\/radiorevelacionfm.cl\/index.php?rest_route=\/wp\/v2\/posts\/27760\/revisions\/27766"}],"wp:featuredmedia":[{"embeddable":true,"href":"https:\/\/radiorevelacionfm.cl\/index.php?rest_route=\/wp\/v2\/media\/27761"}],"wp:attachment":[{"href":"https:\/\/radiorevelacionfm.cl\/index.php?rest_route=%2Fwp%2Fv2%2Fmedia&parent=27760"}],"wp:term":[{"taxonomy":"category","embeddable":true,"href":"https:\/\/radiorevelacionfm.cl\/index.php?rest_route=%2Fwp%2Fv2%2Fcategories&post=27760"},{"taxonomy":"post_tag","embeddable":true,"href":"https:\/\/radiorevelacionfm.cl\/index.php?rest_route=%2Fwp%2Fv2%2Ftags&post=27760"}],"curies":[{"name":"wp","href":"https:\/\/api.w.org\/{rel}","templated":true}]}}