{"id":27748,"date":"2023-02-10T19:27:49","date_gmt":"2023-02-10T22:27:49","guid":{"rendered":"https:\/\/radiorevelacionfm.cl\/?p=27748"},"modified":"2023-02-10T19:51:42","modified_gmt":"2023-02-10T22:51:42","slug":"un-total-de-77-efectivos-del-ejercito-de-aysen-van-en-apoyo-a-la-region-de-nuble","status":"publish","type":"post","link":"https:\/\/radiorevelacionfm.cl\/?p=27748","title":{"rendered":"Un total de 77 efectivos del Ej\u00e9rcito de Ays\u00e9n van en apoyo a la Regi\u00f3n de \u00d1uble"},"content":{"rendered":"<div class=\"flex_column av_one_full  flex_column_div av-zero-column-padding first  avia-builder-el-0  el_before_av_one_full  avia-builder-el-first  \" style='border-radius:0px; '><div  class='avia-image-container  av-styling-    avia-builder-el-1  avia-builder-el-no-sibling  avia-align-center '  itemprop=\"image\" itemscope=\"itemscope\" itemtype=\"https:\/\/schema.org\/ImageObject\"  ><div class='avia-image-container-inner'><div class='avia-image-overlay-wrap'><img decoding=\"async\" class='wp-image-27749 avia-img-lazy-loading-not-27749 avia_image' src=\"https:\/\/radiorevelacionfm.cl\/wp-content\/uploads\/2023\/02\/20230210_164944-1-1.jpg\" alt='' title='20230210_164944 (1) (1)' height=\"600\" width=\"1108\"  itemprop=\"thumbnailUrl\" srcset=\"https:\/\/radiorevelacionfm.cl\/wp-content\/uploads\/2023\/02\/20230210_164944-1-1.jpg 1108w, https:\/\/radiorevelacionfm.cl\/wp-content\/uploads\/2023\/02\/20230210_164944-1-1-300x162.jpg 300w, https:\/\/radiorevelacionfm.cl\/wp-content\/uploads\/2023\/02\/20230210_164944-1-1-1030x558.jpg 1030w, https:\/\/radiorevelacionfm.cl\/wp-content\/uploads\/2023\/02\/20230210_164944-1-1-768x416.jpg 768w, https:\/\/radiorevelacionfm.cl\/wp-content\/uploads\/2023\/02\/20230210_164944-1-1-705x382.jpg 705w, https:\/\/radiorevelacionfm.cl\/wp-content\/uploads\/2023\/02\/20230210_164944-1-1-600x325.jpg 600w\" sizes=\"(max-width: 1108px) 100vw, 1108px\" \/><\/div><\/div><\/div><\/div>\n<div class=\"flex_column av_one_full  flex_column_div av-zero-column-padding first  avia-builder-el-2  el_after_av_one_full  el_before_av_one_full  column-top-margin\" style='border-radius:0px; '><section class=\"av_textblock_section \"  itemscope=\"itemscope\" itemtype=\"https:\/\/schema.org\/BlogPosting\" itemprop=\"blogPost\" ><div class='avia_textblock  '   itemprop=\"text\" ><p style=\"text-align: center;\"><strong><span style=\"font-size: 18pt;\">Un total de 77 efectivos del Ej\u00e9rcito de Ays\u00e9n van en apoyo a la Regi\u00f3n de \u00d1uble<\/span><\/strong><\/p>\n<div id=\"gtx-trans\" style=\"position: absolute; left: -50px; top: 4.31534px;\">\n<div class=\"gtx-trans-icon\"><\/div>\n<\/div>\n<\/div><\/section><\/div><div class=\"flex_column av_one_full  flex_column_div av-zero-column-padding first  avia-builder-el-4  el_after_av_one_full  el_before_av_hr  column-top-margin\" style='border-radius:0px; '><section class=\"av_textblock_section \"  itemscope=\"itemscope\" itemtype=\"https:\/\/schema.org\/BlogPosting\" itemprop=\"blogPost\" ><div class='avia_textblock  '   itemprop=\"text\" ><p style=\"text-align: justify;\">Desde el aeropuerto Balmaceda, hoy viernes 10 de febrero a las 18 horas, 77 efectivos del Destacamento Motorizado N\u00b014 \u201cAys\u00e9n\u201d y del Regimiento N\u00b08 \u201cChilo\u00e9\u201d, unidades dependientes de la IV Divisi\u00f3n de Ej\u00e9rcito, ser\u00e1n transportados en un avi\u00f3n de Fuerza A\u00e9rea de Chile, para ir en apoyo a la comunidad que se encuentra afectada por los terribles incendios en la Regi\u00f3n del \u00d1uble.<\/p>\n<p style=\"text-align: justify;\">En este contexto, la principal tarea del personal militar ser\u00e1 la evacuaci\u00f3n de civiles de las zonas siniestradas, y brindar todo el apoyo y ayuda necesaria a la comunidad y en lo que dispuesto por el Jefe de la Defensa Nacional de la Regi\u00f3n del \u00d1uble, General de Brigada Jorge Salinas Schlack, principalmente en tareas de seguridad en las comunas afectadas por los incendios forestales.<\/p>\n<p style=\"text-align: justify;\">El Comandante en Jefe de la IV Divisi\u00f3n de Ej\u00e9rcito, General de Brigada Mario Sep\u00falveda Fuentes, despidi\u00f3 al personal militar, dese\u00e1ndoles el mayor de los \u00e9xitos.<\/p>\n<\/div><\/section><\/div><\/p>\n<div  style='height:50px' class='hr hr-invisible   avia-builder-el-6  el_after_av_one_full  el_before_av_social_share '><span class='hr-inner ' ><span class='hr-inner-style'><\/span><\/span><\/div>\n<div  class='av-social-sharing-box  avia-builder-el-7  el_after_av_hr  el_before_av_hr  '><div class='av-share-box'><h5 class='av-share-link-description av-no-toc '>Compartir esta noticia<\/h5><ul class='av-share-box-list noLightbox'><li class='av-share-link av-social-link-facebook' ><a target=\"_blank\" aria-label=\"Compartir en Facebook\" href='https:\/\/www.facebook.com\/sharer.php?u=https:\/\/radiorevelacionfm.cl\/?p=27748&#038;t=Un%20total%20de%2077%20efectivos%20del%20Ej%C3%A9rcito%20de%20Ays%C3%A9n%20van%20en%20apoyo%20a%20la%20Regi%C3%B3n%20de%20%C3%91uble' aria-hidden='false' data-av_icon='\ue8f3' data-av_iconfont='entypo-fontello' title='' data-avia-related-tooltip='Compartir en Facebook' rel=\"noopener\"><span class='avia_hidden_link_text'>Compartir en Facebook<\/span><\/a><\/li><li class='av-share-link av-social-link-twitter' ><a target=\"_blank\" aria-label=\"Compartir en Twitter\" href='https:\/\/twitter.com\/share?text=Un%20total%20de%2077%20efectivos%20del%20Ej%C3%A9rcito%20de%20Ays%C3%A9n%20van%20en%20apoyo%20a%20la%20Regi%C3%B3n%20de%20%C3%91uble&#038;url=https:\/\/radiorevelacionfm.cl\/?p=27748' aria-hidden='false' data-av_icon='\ue8f1' data-av_iconfont='entypo-fontello' title='' data-avia-related-tooltip='Compartir en Twitter' rel=\"noopener\"><span class='avia_hidden_link_text'>Compartir en Twitter<\/span><\/a><\/li><li class='av-share-link av-social-link-whatsapp' ><a target=\"_blank\" aria-label=\"Compartir en Whatsapp\" href='https:\/\/api.whatsapp.com\/send?text=https:\/\/radiorevelacionfm.cl\/?p=27748' aria-hidden='false' data-av_icon='\uf232' data-av_iconfont='entypo-fontello' title='' data-avia-related-tooltip='Compartir en Whatsapp' rel=\"noopener\"><span class='avia_hidden_link_text'>Compartir en Whatsapp<\/span><\/a><\/li><li class='av-share-link av-social-link-linkedin' ><a target=\"_blank\" aria-label=\"Compartir en LinkedIn\" href='https:\/\/linkedin.com\/shareArticle?mini=true&#038;title=Un%20total%20de%2077%20efectivos%20del%20Ej%C3%A9rcito%20de%20Ays%C3%A9n%20van%20en%20apoyo%20a%20la%20Regi%C3%B3n%20de%20%C3%91uble&#038;url=https:\/\/radiorevelacionfm.cl\/?p=27748' aria-hidden='false' data-av_icon='\ue8fc' data-av_iconfont='entypo-fontello' title='' data-avia-related-tooltip='Compartir en LinkedIn' rel=\"noopener\"><span class='avia_hidden_link_text'>Compartir en LinkedIn<\/span><\/a><\/li><li class='av-share-link av-social-link-mail' ><a  aria-label=\"Compartir por correo\" href='mailto:?subject=Un%20total%20de%2077%20efectivos%20del%20Ej%C3%A9rcito%20de%20Ays%C3%A9n%20van%20en%20apoyo%20a%20la%20Regi%C3%B3n%20de%20%C3%91uble&#038;body=https:\/\/radiorevelacionfm.cl\/?p=27748' aria-hidden='false' data-av_icon='\ue805' data-av_iconfont='entypo-fontello' title='' data-avia-related-tooltip='Compartir por correo'><span class='avia_hidden_link_text'>Compartir por correo<\/span><\/a><\/li><\/ul><\/div><\/div>\n<div  style='height:50px' class='hr hr-invisible   avia-builder-el-8  el_after_av_social_share  el_before_av_comments_list '><span class='hr-inner ' ><span class='hr-inner-style'><\/span><\/span><\/div>\n<div  class='av-buildercomment  av-blog-meta-html-info-disabled av-blog-meta-tag-disabled  '><\/div>\n","protected":false},"excerpt":{"rendered":"","protected":false},"author":1,"featured_media":27749,"comment_status":"open","ping_status":"open","sticky":false,"template":"","format":"standard","meta":{"footnotes":""},"categories":[38],"tags":[],"class_list":["post-27748","post","type-post","status-publish","format-standard","has-post-thumbnail","hentry","category-regional"],"jetpack_featured_media_url":"https:\/\/radiorevelacionfm.cl\/wp-content\/uploads\/2023\/02\/20230210_164944-1-1.jpg","_links":{"self":[{"href":"https:\/\/radiorevelacionfm.cl\/index.php?rest_route=\/wp\/v2\/posts\/27748","targetHints":{"allow":["GET"]}}],"collection":[{"href":"https:\/\/radiorevelacionfm.cl\/index.php?rest_route=\/wp\/v2\/posts"}],"about":[{"href":"https:\/\/radiorevelacionfm.cl\/index.php?rest_route=\/wp\/v2\/types\/post"}],"author":[{"embeddable":true,"href":"https:\/\/radiorevelacionfm.cl\/index.php?rest_route=\/wp\/v2\/users\/1"}],"replies":[{"embeddable":true,"href":"https:\/\/radiorevelacionfm.cl\/index.php?rest_route=%2Fwp%2Fv2%2Fcomments&post=27748"}],"version-history":[{"count":3,"href":"https:\/\/radiorevelacionfm.cl\/index.php?rest_route=\/wp\/v2\/posts\/27748\/revisions"}],"predecessor-version":[{"id":27751,"href":"https:\/\/radiorevelacionfm.cl\/index.php?rest_route=\/wp\/v2\/posts\/27748\/revisions\/27751"}],"wp:featuredmedia":[{"embeddable":true,"href":"https:\/\/radiorevelacionfm.cl\/index.php?rest_route=\/wp\/v2\/media\/27749"}],"wp:attachment":[{"href":"https:\/\/radiorevelacionfm.cl\/index.php?rest_route=%2Fwp%2Fv2%2Fmedia&parent=27748"}],"wp:term":[{"taxonomy":"category","embeddable":true,"href":"https:\/\/radiorevelacionfm.cl\/index.php?rest_route=%2Fwp%2Fv2%2Fcategories&post=27748"},{"taxonomy":"post_tag","embeddable":true,"href":"https:\/\/radiorevelacionfm.cl\/index.php?rest_route=%2Fwp%2Fv2%2Ftags&post=27748"}],"curies":[{"name":"wp","href":"https:\/\/api.w.org\/{rel}","templated":true}]}}