{"id":27744,"date":"2023-02-10T18:36:07","date_gmt":"2023-02-10T21:36:07","guid":{"rendered":"https:\/\/radiorevelacionfm.cl\/?p=27744"},"modified":"2023-02-10T18:36:07","modified_gmt":"2023-02-10T21:36:07","slug":"mas-de-50-emprendedores-as-de-cochrane-y-tortel-concretan-ideas-de-negocio-y-consolidan-sus-emprendimientos","status":"publish","type":"post","link":"https:\/\/radiorevelacionfm.cl\/?p=27744","title":{"rendered":"M\u00e1s de 50 emprendedores\/as de Cochrane y Tortel concretan ideas de negocio y consolidan sus emprendimientos"},"content":{"rendered":"<div class=\"flex_column av_one_full  flex_column_div av-zero-column-padding first  avia-builder-el-0  el_before_av_one_full  avia-builder-el-first  \" style='border-radius:0px; '><div  class='avia-image-container  av-styling-    avia-builder-el-1  avia-builder-el-no-sibling  avia-align-center '  itemprop=\"image\" itemscope=\"itemscope\" itemtype=\"https:\/\/schema.org\/ImageObject\"  ><div class='avia-image-container-inner'><div class='avia-image-overlay-wrap'><img decoding=\"async\" class='wp-image-27745 avia-img-lazy-loading-not-27745 avia_image' src=\"https:\/\/radiorevelacionfm.cl\/wp-content\/uploads\/2023\/02\/1-Cochrane-1-1.jpg\" alt='' title='1 Cochrane (1) (1)' height=\"600\" width=\"1067\"  itemprop=\"thumbnailUrl\" srcset=\"https:\/\/radiorevelacionfm.cl\/wp-content\/uploads\/2023\/02\/1-Cochrane-1-1.jpg 1067w, https:\/\/radiorevelacionfm.cl\/wp-content\/uploads\/2023\/02\/1-Cochrane-1-1-300x169.jpg 300w, https:\/\/radiorevelacionfm.cl\/wp-content\/uploads\/2023\/02\/1-Cochrane-1-1-1030x579.jpg 1030w, https:\/\/radiorevelacionfm.cl\/wp-content\/uploads\/2023\/02\/1-Cochrane-1-1-768x432.jpg 768w, https:\/\/radiorevelacionfm.cl\/wp-content\/uploads\/2023\/02\/1-Cochrane-1-1-705x396.jpg 705w, https:\/\/radiorevelacionfm.cl\/wp-content\/uploads\/2023\/02\/1-Cochrane-1-1-600x337.jpg 600w\" sizes=\"(max-width: 1067px) 100vw, 1067px\" \/><\/div><\/div><\/div><\/div><div class=\"flex_column av_one_full  flex_column_div av-zero-column-padding first  avia-builder-el-2  el_after_av_one_full  el_before_av_one_full  column-top-margin\" style='border-radius:0px; '><section class=\"av_textblock_section \"  itemscope=\"itemscope\" itemtype=\"https:\/\/schema.org\/BlogPosting\" itemprop=\"blogPost\" ><div class='avia_textblock  '   itemprop=\"text\" ><p style=\"text-align: center;\"><span style=\"font-size: 18pt;\"><strong>M\u00e1s de 50 emprendedores\/as de Cochrane y Tortel concretan ideas de negocio y consolidan sus emprendimientos<\/strong><\/span><\/p>\n<div id=\"gtx-trans\" style=\"position: absolute; left: -50px; top: 4.31534px;\">\n<div class=\"gtx-trans-icon\"><\/div>\n<\/div>\n<\/div><\/section><\/div><div class=\"flex_column av_one_full  flex_column_div av-zero-column-padding first  avia-builder-el-4  el_after_av_one_full  el_before_av_hr  column-top-margin\" style='border-radius:0px; '><section class=\"av_textblock_section \"  itemscope=\"itemscope\" itemtype=\"https:\/\/schema.org\/BlogPosting\" itemprop=\"blogPost\" ><div class='avia_textblock  '   itemprop=\"text\" ><p style=\"text-align: justify;\">Los usuarios y usuarias participantes de los programas Emprendamos Semilla y Emprendamos Avanzado, ejecutado en la comuna de Cochrane, recibieron sus certificados de mano de autoridades regionales y comunales que compartieron este especial momento de cierre de todas las etapas comprendidas por el programa financiado por el Fondo de Solidaridad e Inversi\u00f3n Social, FOSIS.<\/p>\n<p style=\"text-align: justify;\">Una vez concluida la ceremonia se llev\u00f3 a cabo una feria en el primer piso del Mercado Municipal Tamango, donde los protagonistas fueron los propios emprendedores y emprendedoras quienes tuvieron este espacio a su disposici\u00f3n para poder exhibir y comercializar sus productos y servicios.<\/p>\n<p style=\"text-align: justify;\">La emprendedora del sector San Lorenzo de Cochrane, Ang\u00e9lica Vielma, quien elabora conservas y mermeladas artesanales en \u201cManos del Campo\u201d nos coment\u00f3 que \u201ceste programa del FOSIS ha sido muy importante, ya que aprend\u00ed muchas t\u00e9cnicas de desarrollo de gesti\u00f3n de la empresa y econ\u00f3mico. El fondo de inversi\u00f3n lo utilice para adquirir una congeladora y una cocina de gas m\u00e1s grande para poder elabora mayores vol\u00famenes de mermelada y tambi\u00e9n para poder conservar mayor cantidad de fruta y as\u00ed poder producir un stock m\u00e1s grande de mermeladas durante el a\u00f1o.\u201d<\/p>\n<p style=\"text-align: justify;\">Fernanda Leiva, Directora Regional del FOSIS en Ays\u00e9n, asegur\u00f3 que \u201cfue una ceremonia muy emotiva, muy bonita que represent\u00f3 el trabajo que se hizo durante estos meses con la consultora que estuvo trabajando con 55 emprendedores y emprendedoras, dando cuenta de un proceso donde se entregaron muchas herramientas y conocimientos a todos los participantes de estos programas; adem\u00e1s de que se hizo algo muy innovador, una feria posterior donde nuestros usuarios y usuarias pudieron mostrar y vender sus productos\u201d.<\/p>\n<p style=\"text-align: justify;\">La Delegada Presidencial Provincial de Capit\u00e1n Prat, Marta Montiel, particip\u00f3 de esta especial jornada y destac\u00f3 que \u201ces un tremendo aporte este acompa\u00f1amiento, creer que la familia puede, que las mujeres son capaces de sacar adelante un emprendimiento que pasa a ser un ingreso importante para la familia, es un foco muy importante y un fortalecimiento que entrega el FOSIS. El compromiso del Gobierno del Presidente Gabriel Boric es continuar en esta l\u00ednea, fortaleciendo y potenciando las capacidades que tiene cada uno y en funci\u00f3n de eso, que se atrevan a emprender. Esperamos seguir en esta senda, ya que tenemos familias en Tortel, O&#8217;Higgins y Cochrane que esperan poder contar con este apoyo importante para iniciar y mejorar sus distintos emprendimientos.\u201d<\/p>\n<p style=\"text-align: justify;\">Participaron en la ceremonia de certificaci\u00f3n y feria la Delegada Presidencial Provincial de Capit\u00e1n Prat, Marta Montiel; la Directora Regional del FOSIS Ays\u00e9n, Fernanda Leiva; El representante del Alcalde de Cochrane y Encargado del Departamento Social Municipal, Pedro Manqui; el Consejero Regional, V\u00edctor Escobar; los Concejales de Cochrane, Nilda Soto, Miguel Aravena y Eduardo Roa.<\/p>\n<p style=\"text-align: justify;\">El programa Emprendamos tiene el objetivo principal de aumentar los ingresos de los emprendedores, apoy\u00e1ndolos con capacitaci\u00f3n, financiamiento y asesor\u00eda para aprovechar las oportunidades del mercado, generar contacto con otras instituciones que los pueden ayudar a crecer, junto con desarrollar herramientas para gestionar sus negocios.<\/p>\n<\/div><\/section><\/div><div  style='height:50px' class='hr hr-invisible   avia-builder-el-6  el_after_av_one_full  el_before_av_social_share '><span class='hr-inner ' ><span class='hr-inner-style'><\/span><\/span><\/div><\/p>\n<div  class='av-social-sharing-box  avia-builder-el-7  el_after_av_hr  el_before_av_hr  '><div class='av-share-box'><h5 class='av-share-link-description av-no-toc '>Compartir esta noticia<\/h5><ul class='av-share-box-list noLightbox'><li class='av-share-link av-social-link-facebook' ><a target=\"_blank\" aria-label=\"Compartir en Facebook\" href='https:\/\/www.facebook.com\/sharer.php?u=https:\/\/radiorevelacionfm.cl\/?p=27744&#038;t=M%C3%A1s%20de%2050%20emprendedores%2Fas%20de%20Cochrane%20y%20Tortel%20concretan%20ideas%20de%20negocio%20y%20consolidan%20sus%20emprendimientos' aria-hidden='false' data-av_icon='\ue8f3' data-av_iconfont='entypo-fontello' title='' data-avia-related-tooltip='Compartir en Facebook' rel=\"noopener\"><span class='avia_hidden_link_text'>Compartir en Facebook<\/span><\/a><\/li><li class='av-share-link av-social-link-twitter' ><a target=\"_blank\" aria-label=\"Compartir en Twitter\" href='https:\/\/twitter.com\/share?text=M%C3%A1s%20de%2050%20emprendedores%2Fas%20de%20Cochrane%20y%20Tortel%20concretan%20ideas%20de%20negocio%20y%20consolidan%20sus%20emprendimientos&#038;url=https:\/\/radiorevelacionfm.cl\/?p=27744' aria-hidden='false' data-av_icon='\ue8f1' data-av_iconfont='entypo-fontello' title='' data-avia-related-tooltip='Compartir en Twitter' rel=\"noopener\"><span class='avia_hidden_link_text'>Compartir en Twitter<\/span><\/a><\/li><li class='av-share-link av-social-link-whatsapp' ><a target=\"_blank\" aria-label=\"Compartir en Whatsapp\" href='https:\/\/api.whatsapp.com\/send?text=https:\/\/radiorevelacionfm.cl\/?p=27744' aria-hidden='false' data-av_icon='\uf232' data-av_iconfont='entypo-fontello' title='' data-avia-related-tooltip='Compartir en Whatsapp' rel=\"noopener\"><span class='avia_hidden_link_text'>Compartir en Whatsapp<\/span><\/a><\/li><li class='av-share-link av-social-link-linkedin' ><a target=\"_blank\" aria-label=\"Compartir en LinkedIn\" href='https:\/\/linkedin.com\/shareArticle?mini=true&#038;title=M%C3%A1s%20de%2050%20emprendedores%2Fas%20de%20Cochrane%20y%20Tortel%20concretan%20ideas%20de%20negocio%20y%20consolidan%20sus%20emprendimientos&#038;url=https:\/\/radiorevelacionfm.cl\/?p=27744' aria-hidden='false' data-av_icon='\ue8fc' data-av_iconfont='entypo-fontello' title='' data-avia-related-tooltip='Compartir en LinkedIn' rel=\"noopener\"><span class='avia_hidden_link_text'>Compartir en LinkedIn<\/span><\/a><\/li><li class='av-share-link av-social-link-mail' ><a  aria-label=\"Compartir por correo\" href='mailto:?subject=M%C3%A1s%20de%2050%20emprendedores%2Fas%20de%20Cochrane%20y%20Tortel%20concretan%20ideas%20de%20negocio%20y%20consolidan%20sus%20emprendimientos&#038;body=https:\/\/radiorevelacionfm.cl\/?p=27744' aria-hidden='false' data-av_icon='\ue805' data-av_iconfont='entypo-fontello' title='' data-avia-related-tooltip='Compartir por correo'><span class='avia_hidden_link_text'>Compartir por correo<\/span><\/a><\/li><\/ul><\/div><\/div>\n<div  style='height:50px' class='hr hr-invisible   avia-builder-el-8  el_after_av_social_share  el_before_av_comments_list '><span class='hr-inner ' ><span class='hr-inner-style'><\/span><\/span><\/div>\n<div  class='av-buildercomment  av-blog-meta-html-info-disabled av-blog-meta-tag-disabled  '><\/div>\n","protected":false},"excerpt":{"rendered":"","protected":false},"author":1,"featured_media":27745,"comment_status":"open","ping_status":"open","sticky":false,"template":"","format":"standard","meta":{"footnotes":""},"categories":[38],"tags":[],"class_list":["post-27744","post","type-post","status-publish","format-standard","has-post-thumbnail","hentry","category-regional"],"jetpack_featured_media_url":"https:\/\/radiorevelacionfm.cl\/wp-content\/uploads\/2023\/02\/1-Cochrane-1-1.jpg","_links":{"self":[{"href":"https:\/\/radiorevelacionfm.cl\/index.php?rest_route=\/wp\/v2\/posts\/27744","targetHints":{"allow":["GET"]}}],"collection":[{"href":"https:\/\/radiorevelacionfm.cl\/index.php?rest_route=\/wp\/v2\/posts"}],"about":[{"href":"https:\/\/radiorevelacionfm.cl\/index.php?rest_route=\/wp\/v2\/types\/post"}],"author":[{"embeddable":true,"href":"https:\/\/radiorevelacionfm.cl\/index.php?rest_route=\/wp\/v2\/users\/1"}],"replies":[{"embeddable":true,"href":"https:\/\/radiorevelacionfm.cl\/index.php?rest_route=%2Fwp%2Fv2%2Fcomments&post=27744"}],"version-history":[{"count":2,"href":"https:\/\/radiorevelacionfm.cl\/index.php?rest_route=\/wp\/v2\/posts\/27744\/revisions"}],"predecessor-version":[{"id":27747,"href":"https:\/\/radiorevelacionfm.cl\/index.php?rest_route=\/wp\/v2\/posts\/27744\/revisions\/27747"}],"wp:featuredmedia":[{"embeddable":true,"href":"https:\/\/radiorevelacionfm.cl\/index.php?rest_route=\/wp\/v2\/media\/27745"}],"wp:attachment":[{"href":"https:\/\/radiorevelacionfm.cl\/index.php?rest_route=%2Fwp%2Fv2%2Fmedia&parent=27744"}],"wp:term":[{"taxonomy":"category","embeddable":true,"href":"https:\/\/radiorevelacionfm.cl\/index.php?rest_route=%2Fwp%2Fv2%2Fcategories&post=27744"},{"taxonomy":"post_tag","embeddable":true,"href":"https:\/\/radiorevelacionfm.cl\/index.php?rest_route=%2Fwp%2Fv2%2Ftags&post=27744"}],"curies":[{"name":"wp","href":"https:\/\/api.w.org\/{rel}","templated":true}]}}