{"id":27740,"date":"2023-02-11T11:47:25","date_gmt":"2023-02-11T14:47:25","guid":{"rendered":"https:\/\/radiorevelacionfm.cl\/?p=27740"},"modified":"2023-02-11T11:59:50","modified_gmt":"2023-02-11T14:59:50","slug":"invitan-a-toda-la-comunidad-a-participar-del-aniversario-de-islas-las-huichas","status":"publish","type":"post","link":"https:\/\/radiorevelacionfm.cl\/?p=27740","title":{"rendered":"Invitan a toda la comunidad a participar del Aniversario de Islas Huichas"},"content":{"rendered":"<div class=\"flex_column av_one_full  flex_column_div av-zero-column-padding first  avia-builder-el-0  el_before_av_one_full  avia-builder-el-first  \" style='border-radius:0px; '><div  class='avia-image-container  av-styling-    avia-builder-el-1  avia-builder-el-no-sibling  avia-align-center '  itemprop=\"image\" itemscope=\"itemscope\" itemtype=\"https:\/\/schema.org\/ImageObject\"  ><div class='avia-image-container-inner'><div class='avia-image-overlay-wrap'><img decoding=\"async\" class='wp-image-26068 avia-img-lazy-loading-not-26068 avia_image' src=\"https:\/\/radiorevelacionfm.cl\/wp-content\/uploads\/2022\/12\/islas-huichas1-1_optimized-1.jpg\" alt='' title='islas-huichas1-(1)_optimized (1)' height=\"600\" width=\"904\"  itemprop=\"thumbnailUrl\" srcset=\"https:\/\/radiorevelacionfm.cl\/wp-content\/uploads\/2022\/12\/islas-huichas1-1_optimized-1.jpg 904w, https:\/\/radiorevelacionfm.cl\/wp-content\/uploads\/2022\/12\/islas-huichas1-1_optimized-1-300x199.jpg 300w, https:\/\/radiorevelacionfm.cl\/wp-content\/uploads\/2022\/12\/islas-huichas1-1_optimized-1-768x510.jpg 768w, https:\/\/radiorevelacionfm.cl\/wp-content\/uploads\/2022\/12\/islas-huichas1-1_optimized-1-705x468.jpg 705w, https:\/\/radiorevelacionfm.cl\/wp-content\/uploads\/2022\/12\/islas-huichas1-1_optimized-1-600x398.jpg 600w\" sizes=\"(max-width: 904px) 100vw, 904px\" \/><\/div><\/div><\/div><\/div>\n<div class=\"flex_column av_one_full  flex_column_div av-zero-column-padding first  avia-builder-el-2  el_after_av_one_full  el_before_av_one_full  column-top-margin\" style='border-radius:0px; '><section class=\"av_textblock_section \"  itemscope=\"itemscope\" itemtype=\"https:\/\/schema.org\/BlogPosting\" itemprop=\"blogPost\" ><div class='avia_textblock  '   itemprop=\"text\" ><p style=\"text-align: center;\"><strong><span style=\"font-size: 18pt;\">Invitan a toda la comunidad a participar del Aniversario de Islas Huichas<\/span><\/strong><\/p>\n<div id=\"gtx-trans\" style=\"position: absolute; left: -50px; top: 4.31534px;\">\n<div class=\"gtx-trans-icon\"><\/div>\n<\/div>\n<\/div><\/section><\/div><div class=\"flex_column av_one_full  flex_column_div av-zero-column-padding first  avia-builder-el-4  el_after_av_one_full  el_before_av_hr  column-top-margin\" style='border-radius:0px; '><section class=\"av_textblock_section \"  itemscope=\"itemscope\" itemtype=\"https:\/\/schema.org\/BlogPosting\" itemprop=\"blogPost\" ><div class='avia_textblock  '   itemprop=\"text\" ><p style=\"text-align: justify;\">Islas las Huichas celebrar\u00e1n un nuevo aniversario durante este mes de febrero, y lo har\u00e1n con una gran parrilla de actividades para toda la comunidad, las que se realizar\u00e1n desde el 12 hasta el 26 de febrero, y que fueron organizadas de manera conjunta por un comit\u00e9 de habitantes de las localidades, con una especial participaci\u00f3n de los j\u00f3venes.<\/p>\n<p style=\"text-align: justify;\">El alcalde de Ays\u00e9n, Julio Uribe Alvarado, extendi\u00f3 la invitaci\u00f3n a todas las personas a participar de estas actividades. \u201cEste aniversario ha sido construido con la comunidad, y han participado sobre todo los j\u00f3venes. Queremos hacer un llamado a que se acerquen y participen para disfrutar de su aniversario\u201d, indic\u00f3 el jefe comunal.<\/p>\n<p style=\"text-align: justify;\">\u201cContaremos con grandes artistas, incluyendo bandas locales, regionales y nacionales. Tambi\u00e9n tendremos actividades deportivas, infantiles, para adultos mayores, botes aleg\u00f3ricos, candidaturas a reinas, y muchas sorpresas m\u00e1s\u201d, indic\u00f3 Roxana Hern\u00e1ndez, de la Direcci\u00f3n de Desarrollo Comunal de la Municipalidad de Ays\u00e9n.<\/p>\n<p style=\"text-align: justify;\">Adem\u00e1s, Hern\u00e1ndez recalc\u00f3 que el detalle del cronograma del Aniversario podr\u00e1 encontrarse en las redes sociales de la Municipalidad, adem\u00e1s del sitio puertoaysen.cl, espacios en los que pr\u00f3ximamente se anunciar\u00e1n los artistas invitados a este gran evento.<\/p>\n<p style=\"text-align: justify;\">Invitamos a las personas de la comuna y la regi\u00f3n, especialmente a los habitantes de Puerto Aguirre, Caleta Andrade y Estero Copa a hacerse presentes y disfrutar de todos los panoramas que tendremos durante dos semanas en que podr\u00e1n festejar su aniversario.<\/p>\n<\/div><\/section><\/div><\/p>\n<div  style='height:50px' class='hr hr-invisible   avia-builder-el-6  el_after_av_one_full  el_before_av_social_share '><span class='hr-inner ' ><span class='hr-inner-style'><\/span><\/span><\/div>\n<div  class='av-social-sharing-box  avia-builder-el-7  el_after_av_hr  el_before_av_hr  '><div class='av-share-box'><h5 class='av-share-link-description av-no-toc '>Compartir esta noticia<\/h5><ul class='av-share-box-list noLightbox'><li class='av-share-link av-social-link-facebook' ><a target=\"_blank\" aria-label=\"Compartir en Facebook\" href='https:\/\/www.facebook.com\/sharer.php?u=https:\/\/radiorevelacionfm.cl\/?p=27740&#038;t=Invitan%20a%20toda%20la%20comunidad%20a%20participar%20del%20Aniversario%20de%20Islas%20Huichas' aria-hidden='false' data-av_icon='\ue8f3' data-av_iconfont='entypo-fontello' title='' data-avia-related-tooltip='Compartir en Facebook' rel=\"noopener\"><span class='avia_hidden_link_text'>Compartir en Facebook<\/span><\/a><\/li><li class='av-share-link av-social-link-twitter' ><a target=\"_blank\" aria-label=\"Compartir en Twitter\" href='https:\/\/twitter.com\/share?text=Invitan%20a%20toda%20la%20comunidad%20a%20participar%20del%20Aniversario%20de%20Islas%20Huichas&#038;url=https:\/\/radiorevelacionfm.cl\/?p=27740' aria-hidden='false' data-av_icon='\ue8f1' data-av_iconfont='entypo-fontello' title='' data-avia-related-tooltip='Compartir en Twitter' rel=\"noopener\"><span class='avia_hidden_link_text'>Compartir en Twitter<\/span><\/a><\/li><li class='av-share-link av-social-link-whatsapp' ><a target=\"_blank\" aria-label=\"Compartir en Whatsapp\" href='https:\/\/api.whatsapp.com\/send?text=https:\/\/radiorevelacionfm.cl\/?p=27740' aria-hidden='false' data-av_icon='\uf232' data-av_iconfont='entypo-fontello' title='' data-avia-related-tooltip='Compartir en Whatsapp' rel=\"noopener\"><span class='avia_hidden_link_text'>Compartir en Whatsapp<\/span><\/a><\/li><li class='av-share-link av-social-link-linkedin' ><a target=\"_blank\" aria-label=\"Compartir en LinkedIn\" href='https:\/\/linkedin.com\/shareArticle?mini=true&#038;title=Invitan%20a%20toda%20la%20comunidad%20a%20participar%20del%20Aniversario%20de%20Islas%20Huichas&#038;url=https:\/\/radiorevelacionfm.cl\/?p=27740' aria-hidden='false' data-av_icon='\ue8fc' data-av_iconfont='entypo-fontello' title='' data-avia-related-tooltip='Compartir en LinkedIn' rel=\"noopener\"><span class='avia_hidden_link_text'>Compartir en LinkedIn<\/span><\/a><\/li><li class='av-share-link av-social-link-mail' ><a  aria-label=\"Compartir por correo\" href='mailto:?subject=Invitan%20a%20toda%20la%20comunidad%20a%20participar%20del%20Aniversario%20de%20Islas%20Huichas&#038;body=https:\/\/radiorevelacionfm.cl\/?p=27740' aria-hidden='false' data-av_icon='\ue805' data-av_iconfont='entypo-fontello' title='' data-avia-related-tooltip='Compartir por correo'><span class='avia_hidden_link_text'>Compartir por correo<\/span><\/a><\/li><\/ul><\/div><\/div>\n<div  style='height:50px' class='hr hr-invisible   avia-builder-el-8  el_after_av_social_share  el_before_av_comments_list '><span class='hr-inner ' ><span class='hr-inner-style'><\/span><\/span><\/div>\n<div  class='av-buildercomment  av-blog-meta-html-info-disabled av-blog-meta-tag-disabled  '><\/div>\n","protected":false},"excerpt":{"rendered":"","protected":false},"author":1,"featured_media":26068,"comment_status":"open","ping_status":"open","sticky":false,"template":"","format":"standard","meta":{"footnotes":""},"categories":[38],"tags":[],"class_list":["post-27740","post","type-post","status-publish","format-standard","has-post-thumbnail","hentry","category-regional"],"jetpack_featured_media_url":"https:\/\/radiorevelacionfm.cl\/wp-content\/uploads\/2022\/12\/islas-huichas1-1_optimized-1.jpg","_links":{"self":[{"href":"https:\/\/radiorevelacionfm.cl\/index.php?rest_route=\/wp\/v2\/posts\/27740","targetHints":{"allow":["GET"]}}],"collection":[{"href":"https:\/\/radiorevelacionfm.cl\/index.php?rest_route=\/wp\/v2\/posts"}],"about":[{"href":"https:\/\/radiorevelacionfm.cl\/index.php?rest_route=\/wp\/v2\/types\/post"}],"author":[{"embeddable":true,"href":"https:\/\/radiorevelacionfm.cl\/index.php?rest_route=\/wp\/v2\/users\/1"}],"replies":[{"embeddable":true,"href":"https:\/\/radiorevelacionfm.cl\/index.php?rest_route=%2Fwp%2Fv2%2Fcomments&post=27740"}],"version-history":[{"count":3,"href":"https:\/\/radiorevelacionfm.cl\/index.php?rest_route=\/wp\/v2\/posts\/27740\/revisions"}],"predecessor-version":[{"id":27754,"href":"https:\/\/radiorevelacionfm.cl\/index.php?rest_route=\/wp\/v2\/posts\/27740\/revisions\/27754"}],"wp:featuredmedia":[{"embeddable":true,"href":"https:\/\/radiorevelacionfm.cl\/index.php?rest_route=\/wp\/v2\/media\/26068"}],"wp:attachment":[{"href":"https:\/\/radiorevelacionfm.cl\/index.php?rest_route=%2Fwp%2Fv2%2Fmedia&parent=27740"}],"wp:term":[{"taxonomy":"category","embeddable":true,"href":"https:\/\/radiorevelacionfm.cl\/index.php?rest_route=%2Fwp%2Fv2%2Fcategories&post=27740"},{"taxonomy":"post_tag","embeddable":true,"href":"https:\/\/radiorevelacionfm.cl\/index.php?rest_route=%2Fwp%2Fv2%2Ftags&post=27740"}],"curies":[{"name":"wp","href":"https:\/\/api.w.org\/{rel}","templated":true}]}}