{"id":27737,"date":"2023-02-11T12:36:50","date_gmt":"2023-02-11T15:36:50","guid":{"rendered":"https:\/\/radiorevelacionfm.cl\/?p=27737"},"modified":"2023-02-11T12:36:50","modified_gmt":"2023-02-11T15:36:50","slug":"sernapesca-participo-en-impac5-congreso-internacional-sobre-areas-marinas-protegidas","status":"publish","type":"post","link":"https:\/\/radiorevelacionfm.cl\/?p=27737","title":{"rendered":"Sernapesca particip\u00f3 en IMPAC5, congreso internacional sobre \u00e1reas marinas protegidas"},"content":{"rendered":"<div class=\"flex_column av_one_full  flex_column_div av-zero-column-padding first  avia-builder-el-0  el_before_av_one_full  avia-builder-el-first  \" style='border-radius:0px; '><div  class='avia-image-container  av-styling-    avia-builder-el-1  avia-builder-el-no-sibling  avia-align-center '  itemprop=\"image\" itemscope=\"itemscope\" itemtype=\"https:\/\/schema.org\/ImageObject\"  ><div class='avia-image-container-inner'><div class='avia-image-overlay-wrap'><img decoding=\"async\" class='wp-image-27738 avia-img-lazy-loading-not-27738 avia_image' src=\"https:\/\/radiorevelacionfm.cl\/wp-content\/uploads\/2023\/02\/fozztczwyaejfqk-_1_-1_optimized.jpg\" alt='' title='fozztczwyaejfqk-_1_-(1)_optimized' height=\"600\" width=\"1067\"  itemprop=\"thumbnailUrl\" srcset=\"https:\/\/radiorevelacionfm.cl\/wp-content\/uploads\/2023\/02\/fozztczwyaejfqk-_1_-1_optimized.jpg 1067w, https:\/\/radiorevelacionfm.cl\/wp-content\/uploads\/2023\/02\/fozztczwyaejfqk-_1_-1_optimized-300x169.jpg 300w, https:\/\/radiorevelacionfm.cl\/wp-content\/uploads\/2023\/02\/fozztczwyaejfqk-_1_-1_optimized-1030x579.jpg 1030w, https:\/\/radiorevelacionfm.cl\/wp-content\/uploads\/2023\/02\/fozztczwyaejfqk-_1_-1_optimized-768x432.jpg 768w, https:\/\/radiorevelacionfm.cl\/wp-content\/uploads\/2023\/02\/fozztczwyaejfqk-_1_-1_optimized-705x396.jpg 705w, https:\/\/radiorevelacionfm.cl\/wp-content\/uploads\/2023\/02\/fozztczwyaejfqk-_1_-1_optimized-600x337.jpg 600w\" sizes=\"(max-width: 1067px) 100vw, 1067px\" \/><\/div><\/div><\/div><\/div><div class=\"flex_column av_one_full  flex_column_div av-zero-column-padding first  avia-builder-el-2  el_after_av_one_full  el_before_av_one_full  column-top-margin\" style='border-radius:0px; '><section class=\"av_textblock_section \"  itemscope=\"itemscope\" itemtype=\"https:\/\/schema.org\/BlogPosting\" itemprop=\"blogPost\" ><div class='avia_textblock  '   itemprop=\"text\" ><p style=\"font-weight: 400; text-align: center;\"><span style=\"font-size: 18pt;\"><strong>Sernapesca particip\u00f3 en IMPAC5, congreso internacional sobre \u00e1reas marinas protegidas<\/strong><\/span><\/p>\n<div id=\"gtx-trans\" style=\"position: absolute; left: -50px; top: 4.31534px;\">\n<div class=\"gtx-trans-icon\"><\/div>\n<\/div>\n<\/div><\/section><\/div><div class=\"flex_column av_one_full  flex_column_div av-zero-column-padding first  avia-builder-el-4  el_after_av_one_full  el_before_av_hr  column-top-margin\" style='border-radius:0px; '><section class=\"av_textblock_section \"  itemscope=\"itemscope\" itemtype=\"https:\/\/schema.org\/BlogPosting\" itemprop=\"blogPost\" ><div class='avia_textblock  '   itemprop=\"text\" ><p style=\"font-weight: 400; text-align: justify;\">El encargado de la unidad de Conservaci\u00f3n y Biodiversidad del Servicio Nacional de Pesca y Acuicultura, Ricardo S\u00e1ez, represent\u00f3 a la instituci\u00f3n en IMPAC5, un congreso internacional respecto a las \u00e1reas marinas protegidas que se llev\u00f3 a cabo en Vancouver, Canad\u00e1, siendo parte de la comitiva chilena, junto a la delegaci\u00f3n de CONAF y el Ministerio del Medioambiente.<\/p>\n<p style=\"font-weight: 400; text-align: justify;\">IMPAC5 es la quinta versi\u00f3n de este prestigioso congreso que se desarrolla desde 2005 y que re\u00fane a profesionales de la conservaci\u00f3n oce\u00e1nica de todo el mundo para compartir experiencias, pr\u00e1cticas, adem\u00e1s de buscar nuevas formas de cuidar el oc\u00e9ano, con miras de proteger el 30% de las \u00e1reas marinas a nivel mundial para el a\u00f1o 2030.<\/p>\n<p style=\"font-weight: 400; text-align: justify;\">Al respecto el encargado de Conservaci\u00f3n y Biodiversidad explic\u00f3 que su participaci\u00f3n consisti\u00f3 en mostrar los avances en la gesti\u00f3n de Parques y Reservas Marinas, en coordinaci\u00f3n con el Ministerio de Medioambiente, CONAF, Armada de Chile y otros organismos p\u00fablicos y destac\u00f3 la importancia de estas instancias pues \u201cpermiten analizar brechas, buscar recursos, alternativas y alianzas estrat\u00e9gicas para un adecuado manejo de las \u00e1reas marinas protegidas y en este caso a los 16 Parques y Reservas Marinas que administra Sernapesca\u201d.<\/p>\n<p style=\"font-weight: 400; text-align: justify;\">La cumbre culmin\u00f3 este 9 de febrero, con un conversatorio respecto a los problemas que existen a la hora del cuidado de \u00e1reas marinas, con foco en los desaf\u00edos de financiamiento existentes. Dicho foro estuvo a cargo de PEW, fundaci\u00f3n ben\u00e9fica con m\u00e1s de 75 a\u00f1os de trayectoria y uno de los principales auspiciadores del IMPAC5.<\/p>\n<p style=\"font-weight: 400; text-align: justify;\">Adem\u00e1s de participar en este importante congreso, S\u00e1ez realizar\u00e1 una presentaci\u00f3n para la agencia de parques de Canad\u00e1 en una reuni\u00f3n bilateral entre los gobiernos de dicho pa\u00eds y el de Chile cuyo foco es la participaci\u00f3n en la gesti\u00f3n y gobernanza de las comunidades costeras.<\/p>\n<\/div><\/section><\/div><div  style='height:50px' class='hr hr-invisible   avia-builder-el-6  el_after_av_one_full  el_before_av_social_share '><span class='hr-inner ' ><span class='hr-inner-style'><\/span><\/span><\/div><\/p>\n<div  class='av-social-sharing-box  avia-builder-el-7  el_after_av_hr  el_before_av_hr  '><div class='av-share-box'><h5 class='av-share-link-description av-no-toc '>Compartir esta noticia<\/h5><ul class='av-share-box-list noLightbox'><li class='av-share-link av-social-link-facebook' ><a target=\"_blank\" aria-label=\"Compartir en Facebook\" href='https:\/\/www.facebook.com\/sharer.php?u=https:\/\/radiorevelacionfm.cl\/?p=27737&#038;t=Sernapesca%20particip%C3%B3%20en%20IMPAC5%2C%20congreso%20internacional%20sobre%20%C3%A1reas%20marinas%20protegidas' aria-hidden='false' data-av_icon='\ue8f3' data-av_iconfont='entypo-fontello' title='' data-avia-related-tooltip='Compartir en Facebook' rel=\"noopener\"><span class='avia_hidden_link_text'>Compartir en Facebook<\/span><\/a><\/li><li class='av-share-link av-social-link-twitter' ><a target=\"_blank\" aria-label=\"Compartir en Twitter\" href='https:\/\/twitter.com\/share?text=Sernapesca%20particip%C3%B3%20en%20IMPAC5%2C%20congreso%20internacional%20sobre%20%C3%A1reas%20marinas%20protegidas&#038;url=https:\/\/radiorevelacionfm.cl\/?p=27737' aria-hidden='false' data-av_icon='\ue8f1' data-av_iconfont='entypo-fontello' title='' data-avia-related-tooltip='Compartir en Twitter' rel=\"noopener\"><span class='avia_hidden_link_text'>Compartir en Twitter<\/span><\/a><\/li><li class='av-share-link av-social-link-whatsapp' ><a target=\"_blank\" aria-label=\"Compartir en Whatsapp\" href='https:\/\/api.whatsapp.com\/send?text=https:\/\/radiorevelacionfm.cl\/?p=27737' aria-hidden='false' data-av_icon='\uf232' data-av_iconfont='entypo-fontello' title='' data-avia-related-tooltip='Compartir en Whatsapp' rel=\"noopener\"><span class='avia_hidden_link_text'>Compartir en Whatsapp<\/span><\/a><\/li><li class='av-share-link av-social-link-linkedin' ><a target=\"_blank\" aria-label=\"Compartir en LinkedIn\" href='https:\/\/linkedin.com\/shareArticle?mini=true&#038;title=Sernapesca%20particip%C3%B3%20en%20IMPAC5%2C%20congreso%20internacional%20sobre%20%C3%A1reas%20marinas%20protegidas&#038;url=https:\/\/radiorevelacionfm.cl\/?p=27737' aria-hidden='false' data-av_icon='\ue8fc' data-av_iconfont='entypo-fontello' title='' data-avia-related-tooltip='Compartir en LinkedIn' rel=\"noopener\"><span class='avia_hidden_link_text'>Compartir en LinkedIn<\/span><\/a><\/li><li class='av-share-link av-social-link-mail' ><a  aria-label=\"Compartir por correo\" href='mailto:?subject=Sernapesca%20particip%C3%B3%20en%20IMPAC5%2C%20congreso%20internacional%20sobre%20%C3%A1reas%20marinas%20protegidas&#038;body=https:\/\/radiorevelacionfm.cl\/?p=27737' aria-hidden='false' data-av_icon='\ue805' data-av_iconfont='entypo-fontello' title='' data-avia-related-tooltip='Compartir por correo'><span class='avia_hidden_link_text'>Compartir por correo<\/span><\/a><\/li><\/ul><\/div><\/div>\n<div  style='height:50px' class='hr hr-invisible   avia-builder-el-8  el_after_av_social_share  el_before_av_comments_list '><span class='hr-inner ' ><span class='hr-inner-style'><\/span><\/span><\/div>\n<div  class='av-buildercomment  av-blog-meta-html-info-disabled av-blog-meta-tag-disabled  '><\/div>\n","protected":false},"excerpt":{"rendered":"","protected":false},"author":1,"featured_media":27738,"comment_status":"open","ping_status":"open","sticky":false,"template":"","format":"standard","meta":{"footnotes":""},"categories":[60],"tags":[],"class_list":["post-27737","post","type-post","status-publish","format-standard","has-post-thumbnail","hentry","category-pesca"],"jetpack_featured_media_url":"https:\/\/radiorevelacionfm.cl\/wp-content\/uploads\/2023\/02\/fozztczwyaejfqk-_1_-1_optimized.jpg","_links":{"self":[{"href":"https:\/\/radiorevelacionfm.cl\/index.php?rest_route=\/wp\/v2\/posts\/27737","targetHints":{"allow":["GET"]}}],"collection":[{"href":"https:\/\/radiorevelacionfm.cl\/index.php?rest_route=\/wp\/v2\/posts"}],"about":[{"href":"https:\/\/radiorevelacionfm.cl\/index.php?rest_route=\/wp\/v2\/types\/post"}],"author":[{"embeddable":true,"href":"https:\/\/radiorevelacionfm.cl\/index.php?rest_route=\/wp\/v2\/users\/1"}],"replies":[{"embeddable":true,"href":"https:\/\/radiorevelacionfm.cl\/index.php?rest_route=%2Fwp%2Fv2%2Fcomments&post=27737"}],"version-history":[{"count":2,"href":"https:\/\/radiorevelacionfm.cl\/index.php?rest_route=\/wp\/v2\/posts\/27737\/revisions"}],"predecessor-version":[{"id":27758,"href":"https:\/\/radiorevelacionfm.cl\/index.php?rest_route=\/wp\/v2\/posts\/27737\/revisions\/27758"}],"wp:featuredmedia":[{"embeddable":true,"href":"https:\/\/radiorevelacionfm.cl\/index.php?rest_route=\/wp\/v2\/media\/27738"}],"wp:attachment":[{"href":"https:\/\/radiorevelacionfm.cl\/index.php?rest_route=%2Fwp%2Fv2%2Fmedia&parent=27737"}],"wp:term":[{"taxonomy":"category","embeddable":true,"href":"https:\/\/radiorevelacionfm.cl\/index.php?rest_route=%2Fwp%2Fv2%2Fcategories&post=27737"},{"taxonomy":"post_tag","embeddable":true,"href":"https:\/\/radiorevelacionfm.cl\/index.php?rest_route=%2Fwp%2Fv2%2Ftags&post=27737"}],"curies":[{"name":"wp","href":"https:\/\/api.w.org\/{rel}","templated":true}]}}