{"id":2773,"date":"2021-02-18T18:16:31","date_gmt":"2021-02-18T21:16:31","guid":{"rendered":"https:\/\/radiorevelacionfm.cl\/?p=2773"},"modified":"2021-02-18T18:16:31","modified_gmt":"2021-02-18T21:16:31","slug":"gobernador-de-aysen-visita-modernas-instalaciones-del-cesfam-en-la-junta","status":"publish","type":"post","link":"https:\/\/radiorevelacionfm.cl\/?p=2773","title":{"rendered":"Gobernador de Ays\u00e9n visita modernas instalaciones del CESFAM en La Junta"},"content":{"rendered":"<div class=\"flex_column av_one_full  flex_column_div av-zero-column-padding first  avia-builder-el-0  el_before_av_one_full  avia-builder-el-first  \" style='border-radius:0px; '><div  class='avia-image-container  av-styling-    avia-builder-el-1  avia-builder-el-no-sibling  avia-align-center '  itemprop=\"image\" itemscope=\"itemscope\" itemtype=\"https:\/\/schema.org\/ImageObject\"  ><div class='avia-image-container-inner'><div class='avia-image-overlay-wrap'><img decoding=\"async\" class='wp-image-0 avia-img-lazy-loading-not-0 avia_image' src=\"https:\/\/radiorevelacionfm.cl\/wp-content\/uploads\/2021\/02\/4-7-2-1.jpg\" alt='' title=''   itemprop=\"thumbnailUrl\"  \/><\/div><\/div><\/div><\/div><div class=\"flex_column av_one_full  flex_column_div av-zero-column-padding first  avia-builder-el-2  el_after_av_one_full  el_before_av_one_full  column-top-margin\" style='border-radius:0px; '><section class=\"av_textblock_section \"  itemscope=\"itemscope\" itemtype=\"https:\/\/schema.org\/BlogPosting\" itemprop=\"blogPost\" ><div class='avia_textblock  '   itemprop=\"text\" ><p style=\"text-align: center;\"><strong><span style=\"font-size: 18pt;\">Gobernador de Ays\u00e9n visita modernas instalaciones del CESFAM en La Junta <\/span><\/strong><\/p>\n<div id=\"gtx-trans\" style=\"position: absolute; left: -50px; top: 4.31534px;\">\n<div class=\"gtx-trans-icon\"><\/div>\n<\/div>\n<\/div><\/section><\/div><div class=\"flex_column av_one_full  flex_column_div av-zero-column-padding first  avia-builder-el-4  el_after_av_one_full  el_before_av_hr  column-top-margin\" style='border-radius:0px; '><section class=\"av_textblock_section \"  itemscope=\"itemscope\" itemtype=\"https:\/\/schema.org\/BlogPosting\" itemprop=\"blogPost\" ><div class='avia_textblock  '   itemprop=\"text\" ><p style=\"text-align: justify;\">Autoridad destac\u00f3 el excelente trabajo que realizan los profesionales de la salud.<\/p>\n<p style=\"text-align: justify;\">Hace algunos d\u00edas el Gobernador Provincial Manuel Ortiz visit\u00f3 la hermosa localidad de La Junta para acompa\u00f1ar en el proceso de vacunaci\u00f3n que se est\u00e1 realizando en todo el pa\u00eds, el representante del Presidente Sebasti\u00e1n Pi\u00f1era en la provincia quiso interiorizarse del trabajo que realizan los distintos profesionales que atienden en el CESFAM, quedando gratamente impresionado de la labor que realizan en pos de los vecinos \u201ceste es un CESFAM que est\u00e1 inserto en la provincia de Ays\u00e9n y que hemos tenido la oportunidad de visitar y recorrer cada uno de sus sectores acompa\u00f1ado de su director don Claudio De la Cuadra qui\u00e9n nos acompa\u00f1\u00f3 y mostr\u00f3 cada uno de los lugares donde se desempe\u00f1an los profesionales que aqu\u00ed trabajan, quiero hacer un saludo general a todos los que se desempe\u00f1an en este CESFAM y que son parte de este equipo de salud tan importante que nos est\u00e1 ayudando en avanzar en todos los temas que preocupan a las distintas comunidades\u201d<\/p>\n<p style=\"text-align: justify;\">De igual manera Manuel Ortiz Gobernador agregaba que \u201ces un CESFAM que re\u00fane todas las condiciones y las caracter\u00edsticas para dar una atenci\u00f3n digna a nuestra gente, as\u00ed que nos vamos felices con este recorrido y saber que la obra que alguna vez fue pensada en el primer Gobierno del Presidente Pi\u00f1era, \u00a0el 2018 se inaugur\u00f3 y hoy es una realidad para toda su comunidad\u201d.<\/p>\n<p style=\"text-align: justify;\">Se\u00f1alar que el Centro de Salud La Junta est\u00e1 ubicado en la comuna de Cisnes y tiene como \u00e1rea de influencia las localidades de La Junta, Puyuhuapi, Ra\u00fal Mar\u00edn Balmaceda y Lago Verde.<\/p>\n<\/div><\/section><\/div><div  style='height:50px' class='hr hr-invisible   avia-builder-el-6  el_after_av_one_full  el_before_av_social_share '><span class='hr-inner ' ><span class='hr-inner-style'><\/span><\/span><\/div><\/p>\n<div  class='av-social-sharing-box  avia-builder-el-7  el_after_av_hr  el_before_av_hr  '><div class='av-share-box'><h5 class='av-share-link-description av-no-toc '>Compartir esta noticia<\/h5><ul class='av-share-box-list noLightbox'><li class='av-share-link av-social-link-facebook' ><a target=\"_blank\" aria-label=\"Compartir en Facebook\" href='https:\/\/www.facebook.com\/sharer.php?u=https:\/\/radiorevelacionfm.cl\/?p=2773&#038;t=Gobernador%20de%20Ays%C3%A9n%20visita%20modernas%20instalaciones%20del%20CESFAM%20en%20La%20Junta' aria-hidden='false' data-av_icon='\ue8f3' data-av_iconfont='entypo-fontello' title='' data-avia-related-tooltip='Compartir en Facebook' rel=\"noopener\"><span class='avia_hidden_link_text'>Compartir en Facebook<\/span><\/a><\/li><li class='av-share-link av-social-link-twitter' ><a target=\"_blank\" aria-label=\"Compartir en Twitter\" href='https:\/\/twitter.com\/share?text=Gobernador%20de%20Ays%C3%A9n%20visita%20modernas%20instalaciones%20del%20CESFAM%20en%20La%20Junta&#038;url=https:\/\/radiorevelacionfm.cl\/?p=2773' aria-hidden='false' data-av_icon='\ue8f1' data-av_iconfont='entypo-fontello' title='' data-avia-related-tooltip='Compartir en Twitter' rel=\"noopener\"><span class='avia_hidden_link_text'>Compartir en Twitter<\/span><\/a><\/li><li class='av-share-link av-social-link-whatsapp' ><a target=\"_blank\" aria-label=\"Compartir en Whatsapp\" href='https:\/\/api.whatsapp.com\/send?text=https:\/\/radiorevelacionfm.cl\/?p=2773' aria-hidden='false' data-av_icon='\uf232' data-av_iconfont='entypo-fontello' title='' data-avia-related-tooltip='Compartir en Whatsapp' rel=\"noopener\"><span class='avia_hidden_link_text'>Compartir en Whatsapp<\/span><\/a><\/li><li class='av-share-link av-social-link-linkedin' ><a target=\"_blank\" aria-label=\"Compartir en LinkedIn\" href='https:\/\/linkedin.com\/shareArticle?mini=true&#038;title=Gobernador%20de%20Ays%C3%A9n%20visita%20modernas%20instalaciones%20del%20CESFAM%20en%20La%20Junta&#038;url=https:\/\/radiorevelacionfm.cl\/?p=2773' aria-hidden='false' data-av_icon='\ue8fc' data-av_iconfont='entypo-fontello' title='' data-avia-related-tooltip='Compartir en LinkedIn' rel=\"noopener\"><span class='avia_hidden_link_text'>Compartir en LinkedIn<\/span><\/a><\/li><li class='av-share-link av-social-link-mail' ><a  aria-label=\"Compartir por correo\" href='mailto:?subject=Gobernador%20de%20Ays%C3%A9n%20visita%20modernas%20instalaciones%20del%20CESFAM%20en%20La%20Junta&#038;body=https:\/\/radiorevelacionfm.cl\/?p=2773' aria-hidden='false' data-av_icon='\ue805' data-av_iconfont='entypo-fontello' title='' data-avia-related-tooltip='Compartir por correo'><span class='avia_hidden_link_text'>Compartir por correo<\/span><\/a><\/li><\/ul><\/div><\/div>\n<div  style='height:50px' class='hr hr-invisible   avia-builder-el-8  el_after_av_social_share  el_before_av_comments_list '><span class='hr-inner ' ><span class='hr-inner-style'><\/span><\/span><\/div>\n<div  class='av-buildercomment  av-blog-meta-html-info-disabled av-blog-meta-tag-disabled  '><\/div>\n","protected":false},"excerpt":{"rendered":"","protected":false},"author":1,"featured_media":0,"comment_status":"open","ping_status":"open","sticky":false,"template":"","format":"standard","meta":{"footnotes":""},"categories":[46],"tags":[],"class_list":["post-2773","post","type-post","status-publish","format-standard","hentry","category-salud"],"jetpack_featured_media_url":"","_links":{"self":[{"href":"https:\/\/radiorevelacionfm.cl\/index.php?rest_route=\/wp\/v2\/posts\/2773","targetHints":{"allow":["GET"]}}],"collection":[{"href":"https:\/\/radiorevelacionfm.cl\/index.php?rest_route=\/wp\/v2\/posts"}],"about":[{"href":"https:\/\/radiorevelacionfm.cl\/index.php?rest_route=\/wp\/v2\/types\/post"}],"author":[{"embeddable":true,"href":"https:\/\/radiorevelacionfm.cl\/index.php?rest_route=\/wp\/v2\/users\/1"}],"replies":[{"embeddable":true,"href":"https:\/\/radiorevelacionfm.cl\/index.php?rest_route=%2Fwp%2Fv2%2Fcomments&post=2773"}],"version-history":[{"count":1,"href":"https:\/\/radiorevelacionfm.cl\/index.php?rest_route=\/wp\/v2\/posts\/2773\/revisions"}],"predecessor-version":[{"id":2776,"href":"https:\/\/radiorevelacionfm.cl\/index.php?rest_route=\/wp\/v2\/posts\/2773\/revisions\/2776"}],"wp:attachment":[{"href":"https:\/\/radiorevelacionfm.cl\/index.php?rest_route=%2Fwp%2Fv2%2Fmedia&parent=2773"}],"wp:term":[{"taxonomy":"category","embeddable":true,"href":"https:\/\/radiorevelacionfm.cl\/index.php?rest_route=%2Fwp%2Fv2%2Fcategories&post=2773"},{"taxonomy":"post_tag","embeddable":true,"href":"https:\/\/radiorevelacionfm.cl\/index.php?rest_route=%2Fwp%2Fv2%2Ftags&post=2773"}],"curies":[{"name":"wp","href":"https:\/\/api.w.org\/{rel}","templated":true}]}}