{"id":27726,"date":"2023-02-10T15:59:47","date_gmt":"2023-02-10T18:59:47","guid":{"rendered":"https:\/\/radiorevelacionfm.cl\/?p=27726"},"modified":"2023-02-10T16:02:18","modified_gmt":"2023-02-10T19:02:18","slug":"ayseninos-representaran-a-la-region-en-el-proximo-nacional-de-cueca-jovenes-del-aconcagua","status":"publish","type":"post","link":"https:\/\/radiorevelacionfm.cl\/?p=27726","title":{"rendered":"Ayseninos representar\u00e1n a la regi\u00f3n en el pr\u00f3ximo Nacional de Cueca \u201cJ\u00f3venes del Aconcagua\u201d"},"content":{"rendered":"<div class=\"flex_column av_one_full  flex_column_div av-zero-column-padding first  avia-builder-el-0  el_before_av_one_full  avia-builder-el-first  \" style='border-radius:0px; '><div  class='avia-image-container  av-styling-    avia-builder-el-1  avia-builder-el-no-sibling  avia-align-center '  itemprop=\"image\" itemscope=\"itemscope\" itemtype=\"https:\/\/schema.org\/ImageObject\"  ><div class='avia-image-container-inner'><div class='avia-image-overlay-wrap'><img decoding=\"async\" class='wp-image-27731 avia-img-lazy-loading-not-27731 avia_image' src=\"https:\/\/radiorevelacionfm.cl\/wp-content\/uploads\/2023\/02\/326395753_719648579656383_1282613671732108915_n-1_optimized.jpg\" alt='' title='326395753_719648579656383_1282613671732108915_n-(1)_optimized' height=\"600\" width=\"1038\"  itemprop=\"thumbnailUrl\" srcset=\"https:\/\/radiorevelacionfm.cl\/wp-content\/uploads\/2023\/02\/326395753_719648579656383_1282613671732108915_n-1_optimized.jpg 1038w, https:\/\/radiorevelacionfm.cl\/wp-content\/uploads\/2023\/02\/326395753_719648579656383_1282613671732108915_n-1_optimized-300x173.jpg 300w, https:\/\/radiorevelacionfm.cl\/wp-content\/uploads\/2023\/02\/326395753_719648579656383_1282613671732108915_n-1_optimized-1030x595.jpg 1030w, https:\/\/radiorevelacionfm.cl\/wp-content\/uploads\/2023\/02\/326395753_719648579656383_1282613671732108915_n-1_optimized-768x444.jpg 768w, https:\/\/radiorevelacionfm.cl\/wp-content\/uploads\/2023\/02\/326395753_719648579656383_1282613671732108915_n-1_optimized-705x408.jpg 705w, https:\/\/radiorevelacionfm.cl\/wp-content\/uploads\/2023\/02\/326395753_719648579656383_1282613671732108915_n-1_optimized-600x347.jpg 600w\" sizes=\"(max-width: 1038px) 100vw, 1038px\" \/><\/div><\/div><\/div><\/div><div class=\"flex_column av_one_full  flex_column_div av-zero-column-padding first  avia-builder-el-2  el_after_av_one_full  el_before_av_one_full  column-top-margin\" style='border-radius:0px; '><section class=\"av_textblock_section \"  itemscope=\"itemscope\" itemtype=\"https:\/\/schema.org\/BlogPosting\" itemprop=\"blogPost\" ><div class='avia_textblock  '   itemprop=\"text\" ><p style=\"text-align: center;\"><strong><span style=\"font-size: 18pt;\">Ayseninos representar\u00e1n a la regi\u00f3n en el pr\u00f3ximo Nacional de Cueca \u201cJ\u00f3venes del Aconcagua\u201d<\/span><\/strong><\/p>\n<div id=\"gtx-trans\" style=\"position: absolute; left: -50px; top: 4.31534px;\">\n<div class=\"gtx-trans-icon\"><\/div>\n<\/div>\n<\/div><\/section><\/div><\/p>\n<div class=\"flex_column av_one_full  flex_column_div av-zero-column-padding first  avia-builder-el-4  el_after_av_one_full  el_before_av_hr  column-top-margin\" style='border-radius:0px; '><section class=\"av_textblock_section \"  itemscope=\"itemscope\" itemtype=\"https:\/\/schema.org\/BlogPosting\" itemprop=\"blogPost\" ><div class='avia_textblock  '   itemprop=\"text\" ><p style=\"text-align: justify;\">Muy entusiasmados y con la idea de dar lo mejor de s\u00ed en la pista de baile, est\u00e1n en los \u00faltimos ensayos y preparativos para ser parte del campeonato nacional de cueca \u201cJ\u00f3venes del Aconcagua\u201d, Antonia \u00c1lvarez Gam\u00edn y Felipe Andrade Vargas, actuales campeones regionales de este certamen, ambos de la ciudad de Puerto Ays\u00e9n.<span id=\"more-108816\"><\/span><\/p>\n<p style=\"text-align: justify;\">\u201cLos d\u00edas de competencia son 24, 25 y 26 de febrero, en Rinconada de Los Andes, regi\u00f3n de Valparaiso. Nuestras expectativas son ojal\u00e1 traer algo, tambi\u00e9n ir a disfrutar de esta experiencia que no se olvida. Estamos ensayando todos los d\u00edas con nuestros preparadores y con mucho \u00e1nimo tambi\u00e9n que es lo m\u00e1s importante\u201d, se\u00f1al\u00f3 Antonia \u00c1lvarez.<\/p>\n<p style=\"text-align: justify;\">La joven aysenina, cont\u00f3 adem\u00e1s que, toda actividad que signifique salir fuera de la regi\u00f3n, considera gastos extras, los cuales, en el caso de ellos y sus familias, se han traducido en beneficios y una rifa que se tira el pr\u00f3ximo 17 de febrero, para lo cual, piden la colaboraci\u00f3n de toda la comunidad.<\/p>\n<p style=\"text-align: justify;\">\u201cTodo conlleva un gasto y estamos realizando una rifa con varios premios, la rifa se lanza el d\u00eda 17 de febrero, la transmisi\u00f3n va a ser por vive el deporte (en vivo por Facebook), a las 20 horas va a ser la rifa y ah\u00ed la comunidad va a poder saber qui\u00e9nes son los ganadores. Hay 15 premios, entre ellos, premios sorpresa, costillar de vacuno, set de mate y nos pueden comprar rifas a trav\u00e9s de nuestros Facebook (Antonia \u00c1lvarez o Felipe Andrade). Invitamos a que nos apoyen y agradecemos hasta ahora a la comunidad que ha estado con nosotros\u201d.<\/p>\n<p style=\"text-align: justify;\">Por su parte, Felipe Andrade, dijo estar con amplias expectativas y destac\u00f3 el buen trabajo que en conjunto a Antonia han podido realizar.<\/p>\n<p style=\"text-align: justify;\">\u201cNuestras expectativas son tratar de dejar bien parada a la regi\u00f3n y sobre todo a la comuna de Ays\u00e9n, que es la que representamos, porque somos nacidos y criados aqu\u00ed. La idea ser\u00eda traer alg\u00fan lugar, disfrutar, conocer gente, que eso es lo bonito de las cuecas, conocer gente, generar lazos, nuevas amistades y disfrutar. Por estos d\u00edas lo m\u00e1s importa son los ensayos, porque cada ensayo es la muestra de como t\u00fa te vas a presentar en el campeonato y \u00faltimamente estamos ensayando todos los d\u00edas, para llegar bien parados a Rinconada de Los Andes, donde se va a realizar el campeonato\u201d.<\/p>\n<p style=\"text-align: justify;\">Felipe tambi\u00e9n remarc\u00f3 el llamado a la comunidad a apoyarlos en la compra de n\u00fameros de rifa que se lanza este pr\u00f3ximo 17 de febrero.<\/p>\n<p style=\"text-align: justify;\">\u201cInvitar a toda la comunidad aysenina que nos aporte comprando alg\u00fan numerito, nos quedan ah\u00ed unas cuantas rifas, ya estamos casi encima, el 17 de febrero ya se tira esta rifa, as\u00ed es que, si quieren aportar bienvenido sea, todo nos sirve. Esto demanda mucho gasto, trajes, el viaje, la comida, los pasajes, por ello, si quieren aportarnos pueden contactarnos al Facebook tanto de Antonia \u00c1lvarez como de quien les habla Felipe Andrade\u201d, puntualiz\u00f3 el joven aysenino.<\/p>\n<div class=\"td-a-rec td-a-rec-id-content_bottom tdi_2 td_block_template_4\">\n<div id=\"101580-1\" style=\"text-align: justify;\"><\/div>\n<\/div>\n<\/div><\/section><\/div>\n<div  style='height:50px' class='hr hr-invisible   avia-builder-el-6  el_after_av_one_full  el_before_av_social_share '><span class='hr-inner ' ><span class='hr-inner-style'><\/span><\/span><\/div>\n<div  class='av-social-sharing-box  avia-builder-el-7  el_after_av_hr  el_before_av_hr  '><div class='av-share-box'><h5 class='av-share-link-description av-no-toc '>Compartir esta noticia<\/h5><ul class='av-share-box-list noLightbox'><li class='av-share-link av-social-link-facebook' ><a target=\"_blank\" aria-label=\"Compartir en Facebook\" href='https:\/\/www.facebook.com\/sharer.php?u=https:\/\/radiorevelacionfm.cl\/?p=27726&#038;t=Ayseninos%20representar%C3%A1n%20a%20la%20regi%C3%B3n%20en%20el%20pr%C3%B3ximo%20Nacional%20de%20Cueca%20%E2%80%9CJ%C3%B3venes%20del%20Aconcagua%E2%80%9D' aria-hidden='false' data-av_icon='\ue8f3' data-av_iconfont='entypo-fontello' title='' data-avia-related-tooltip='Compartir en Facebook' rel=\"noopener\"><span class='avia_hidden_link_text'>Compartir en Facebook<\/span><\/a><\/li><li class='av-share-link av-social-link-twitter' ><a target=\"_blank\" aria-label=\"Compartir en Twitter\" href='https:\/\/twitter.com\/share?text=Ayseninos%20representar%C3%A1n%20a%20la%20regi%C3%B3n%20en%20el%20pr%C3%B3ximo%20Nacional%20de%20Cueca%20%E2%80%9CJ%C3%B3venes%20del%20Aconcagua%E2%80%9D&#038;url=https:\/\/radiorevelacionfm.cl\/?p=27726' aria-hidden='false' data-av_icon='\ue8f1' data-av_iconfont='entypo-fontello' title='' data-avia-related-tooltip='Compartir en Twitter' rel=\"noopener\"><span class='avia_hidden_link_text'>Compartir en Twitter<\/span><\/a><\/li><li class='av-share-link av-social-link-whatsapp' ><a target=\"_blank\" aria-label=\"Compartir en Whatsapp\" href='https:\/\/api.whatsapp.com\/send?text=https:\/\/radiorevelacionfm.cl\/?p=27726' aria-hidden='false' data-av_icon='\uf232' data-av_iconfont='entypo-fontello' title='' data-avia-related-tooltip='Compartir en Whatsapp' rel=\"noopener\"><span class='avia_hidden_link_text'>Compartir en Whatsapp<\/span><\/a><\/li><li class='av-share-link av-social-link-linkedin' ><a target=\"_blank\" aria-label=\"Compartir en LinkedIn\" href='https:\/\/linkedin.com\/shareArticle?mini=true&#038;title=Ayseninos%20representar%C3%A1n%20a%20la%20regi%C3%B3n%20en%20el%20pr%C3%B3ximo%20Nacional%20de%20Cueca%20%E2%80%9CJ%C3%B3venes%20del%20Aconcagua%E2%80%9D&#038;url=https:\/\/radiorevelacionfm.cl\/?p=27726' aria-hidden='false' data-av_icon='\ue8fc' data-av_iconfont='entypo-fontello' title='' data-avia-related-tooltip='Compartir en LinkedIn' rel=\"noopener\"><span class='avia_hidden_link_text'>Compartir en LinkedIn<\/span><\/a><\/li><li class='av-share-link av-social-link-mail' ><a  aria-label=\"Compartir por correo\" href='mailto:?subject=Ayseninos%20representar%C3%A1n%20a%20la%20regi%C3%B3n%20en%20el%20pr%C3%B3ximo%20Nacional%20de%20Cueca%20%E2%80%9CJ%C3%B3venes%20del%20Aconcagua%E2%80%9D&#038;body=https:\/\/radiorevelacionfm.cl\/?p=27726' aria-hidden='false' data-av_icon='\ue805' data-av_iconfont='entypo-fontello' title='' data-avia-related-tooltip='Compartir por correo'><span class='avia_hidden_link_text'>Compartir por correo<\/span><\/a><\/li><\/ul><\/div><\/div>\n<div  style='height:50px' class='hr hr-invisible   avia-builder-el-8  el_after_av_social_share  el_before_av_comments_list '><span class='hr-inner ' ><span class='hr-inner-style'><\/span><\/span><\/div>\n<div  class='av-buildercomment  av-blog-meta-html-info-disabled av-blog-meta-tag-disabled  '><\/div>\n","protected":false},"excerpt":{"rendered":"","protected":false},"author":1,"featured_media":27731,"comment_status":"open","ping_status":"open","sticky":false,"template":"","format":"standard","meta":{"footnotes":""},"categories":[38],"tags":[],"class_list":["post-27726","post","type-post","status-publish","format-standard","has-post-thumbnail","hentry","category-regional"],"jetpack_featured_media_url":"https:\/\/radiorevelacionfm.cl\/wp-content\/uploads\/2023\/02\/326395753_719648579656383_1282613671732108915_n-1_optimized.jpg","_links":{"self":[{"href":"https:\/\/radiorevelacionfm.cl\/index.php?rest_route=\/wp\/v2\/posts\/27726","targetHints":{"allow":["GET"]}}],"collection":[{"href":"https:\/\/radiorevelacionfm.cl\/index.php?rest_route=\/wp\/v2\/posts"}],"about":[{"href":"https:\/\/radiorevelacionfm.cl\/index.php?rest_route=\/wp\/v2\/types\/post"}],"author":[{"embeddable":true,"href":"https:\/\/radiorevelacionfm.cl\/index.php?rest_route=\/wp\/v2\/users\/1"}],"replies":[{"embeddable":true,"href":"https:\/\/radiorevelacionfm.cl\/index.php?rest_route=%2Fwp%2Fv2%2Fcomments&post=27726"}],"version-history":[{"count":3,"href":"https:\/\/radiorevelacionfm.cl\/index.php?rest_route=\/wp\/v2\/posts\/27726\/revisions"}],"predecessor-version":[{"id":27736,"href":"https:\/\/radiorevelacionfm.cl\/index.php?rest_route=\/wp\/v2\/posts\/27726\/revisions\/27736"}],"wp:featuredmedia":[{"embeddable":true,"href":"https:\/\/radiorevelacionfm.cl\/index.php?rest_route=\/wp\/v2\/media\/27731"}],"wp:attachment":[{"href":"https:\/\/radiorevelacionfm.cl\/index.php?rest_route=%2Fwp%2Fv2%2Fmedia&parent=27726"}],"wp:term":[{"taxonomy":"category","embeddable":true,"href":"https:\/\/radiorevelacionfm.cl\/index.php?rest_route=%2Fwp%2Fv2%2Fcategories&post=27726"},{"taxonomy":"post_tag","embeddable":true,"href":"https:\/\/radiorevelacionfm.cl\/index.php?rest_route=%2Fwp%2Fv2%2Ftags&post=27726"}],"curies":[{"name":"wp","href":"https:\/\/api.w.org\/{rel}","templated":true}]}}