{"id":27710,"date":"2023-02-10T10:12:09","date_gmt":"2023-02-10T13:12:09","guid":{"rendered":"https:\/\/radiorevelacionfm.cl\/?p=27710"},"modified":"2023-02-10T10:12:09","modified_gmt":"2023-02-10T13:12:09","slug":"evento-solidario-aysen-ayuda-a-yumbel-reunio-a-artistas-y-la-comunidad-en-la-plaza-de-puerto-aysen","status":"publish","type":"post","link":"https:\/\/radiorevelacionfm.cl\/?p=27710","title":{"rendered":"Evento solidario \u201cAys\u00e9n ayuda a Yumbel\u201d reuni\u00f3 a artistas y la comunidad en la plaza de Puerto Ays\u00e9n"},"content":{"rendered":"<div class=\"flex_column av_one_full  flex_column_div av-zero-column-padding first  avia-builder-el-0  el_before_av_one_full  avia-builder-el-first  \" style='border-radius:0px; '><div  class='avia-image-container  av-styling-    avia-builder-el-1  avia-builder-el-no-sibling  avia-align-center '  itemprop=\"image\" itemscope=\"itemscope\" itemtype=\"https:\/\/schema.org\/ImageObject\"  ><div class='avia-image-container-inner'><div class='avia-image-overlay-wrap'><img decoding=\"async\" class='wp-image-27711 avia-img-lazy-loading-not-27711 avia_image' src=\"https:\/\/radiorevelacionfm.cl\/wp-content\/uploads\/2023\/02\/dsc_0762-1_optimized.jpg\" alt='' title='dsc_0762-(1)_optimized' height=\"600\" width=\"900\"  itemprop=\"thumbnailUrl\" srcset=\"https:\/\/radiorevelacionfm.cl\/wp-content\/uploads\/2023\/02\/dsc_0762-1_optimized.jpg 900w, https:\/\/radiorevelacionfm.cl\/wp-content\/uploads\/2023\/02\/dsc_0762-1_optimized-300x200.jpg 300w, https:\/\/radiorevelacionfm.cl\/wp-content\/uploads\/2023\/02\/dsc_0762-1_optimized-768x512.jpg 768w, https:\/\/radiorevelacionfm.cl\/wp-content\/uploads\/2023\/02\/dsc_0762-1_optimized-705x470.jpg 705w, https:\/\/radiorevelacionfm.cl\/wp-content\/uploads\/2023\/02\/dsc_0762-1_optimized-600x400.jpg 600w\" sizes=\"(max-width: 900px) 100vw, 900px\" \/><\/div><\/div><\/div><\/div><div class=\"flex_column av_one_full  flex_column_div av-zero-column-padding first  avia-builder-el-2  el_after_av_one_full  el_before_av_one_full  column-top-margin\" style='border-radius:0px; '><section class=\"av_textblock_section \"  itemscope=\"itemscope\" itemtype=\"https:\/\/schema.org\/BlogPosting\" itemprop=\"blogPost\" ><div class='avia_textblock  '   itemprop=\"text\" ><p style=\"text-align: center;\"><strong><span style=\"font-size: 18pt;\">Evento solidario \u201cAys\u00e9n ayuda a Yumbel\u201d reuni\u00f3 a artistas y la comunidad en la plaza de Puerto Ays\u00e9n <\/span><\/strong><\/p>\n<div id=\"gtx-trans\" style=\"position: absolute; left: -50px; top: 4.31534px;\">\n<div class=\"gtx-trans-icon\"><\/div>\n<\/div>\n<\/div><\/section><\/div><div class=\"flex_column av_one_full  flex_column_div av-zero-column-padding first  avia-builder-el-4  el_after_av_one_full  el_before_av_hr  column-top-margin\" style='border-radius:0px; '><section class=\"av_textblock_section \"  itemscope=\"itemscope\" itemtype=\"https:\/\/schema.org\/BlogPosting\" itemprop=\"blogPost\" ><div class='avia_textblock  '   itemprop=\"text\" ><p style=\"text-align: justify;\">Una masiva concurrencia tuvo la actividad \u201cAys\u00e9n ayuda a Yumbel\u201d, desarrollada la tarde de este jueves en la Plaza de Armas de Puerto Ays\u00e9n, cuyo principal objetivo fue convocar a la comunidad a donar alimentos e insumos, mientras disfrutaban de entretenidas actividades culturales y familiares. La ayuda estuvo destinada a las personas damnificadas por los incendios forestales que afectan a la zona central del pa\u00eds.<\/p>\n<p style=\"text-align: justify;\">La actividad organizada por diversas agrupaciones de la comuna cont\u00f3 con la presencia de una gran variedad de artistas locales, entre los que se encontraron Yvng Sunday, Carola y sus Galanes, Flor de Catete, Star Dance, Angelina Sandoval, las Hermanas Ag\u00fcero, Jos\u00e9 Jara, adem\u00e1s de diversas agrupaciones folcl\u00f3ricas. Adem\u00e1s, Ays\u00e9n Street Racing sostuvo una exposici\u00f3n de veh\u00edculos.<\/p>\n<p style=\"text-align: justify;\">\u201cLos dejamos a todos invitados, a dejar su aporte. Cada granito cuenta\u201d, coment\u00f3 el joven reggaetonero Yvng Sunday, quien luego de su actuaci\u00f3n en el escenario dispuesto en la Plaza de Armas, realiz\u00f3 un llamado a que las personas sigan acerc\u00e1ndose a los centros de acopio a entregar su donaci\u00f3n.<\/p>\n<p style=\"text-align: justify;\">La campa\u00f1a solidaria se mantendr\u00e1 hasta el domingo 19 de febrero, per\u00edodo en el que se recibir\u00e1n alimentos no perecibles, \u00fatiles de aseo personal, pa\u00f1ales y agua embotellada en los diversos centros de acopio de la regi\u00f3n. Invitamos a toda la comunidad a hacerse parte y aportar con su colaboraci\u00f3n.<\/p>\n<p style=\"text-align: justify;\">El horario de funcionamiento de los centros de acopio es el siguiente:<\/p>\n<p style=\"text-align: justify;\">PUERTO AYS\u00c9N: Casa de la Cultura &#8211; 10:00 a 20:00 horas.<\/p>\n<p style=\"text-align: justify;\">COYHAIQUE: Calle 12 de octubre #564 &#8211; 10:00 a 19:00 horas.<\/p>\n<p style=\"text-align: justify;\">VILLA MA\u00d1IHUALES: Delegaci\u00f3n municipal &#8211; 08:15 a 17:30 horas.<\/p>\n<p style=\"text-align: justify;\">PUERTO CISNES: Delegaci\u00f3n municipal &#8211; 09:00 a 18:30 horas.<\/p>\n<p style=\"text-align: justify;\">PUERTO PUYUHUAPI: Delegaci\u00f3n municipal &#8211; 08:30 a 17:45 horas.<\/p>\n<p style=\"text-align: justify;\">LA JUNTA: Sede comunitaria &#8211; 09:00 a 17:30 horas.<\/p>\n<p style=\"text-align: justify;\">PUERTO RA\u00daL MAR\u00cdN BALMACEDA: 08:30 a 16:45 horas.<\/p>\n<\/div><\/section><\/div><div  style='height:50px' class='hr hr-invisible   avia-builder-el-6  el_after_av_one_full  el_before_av_social_share '><span class='hr-inner ' ><span class='hr-inner-style'><\/span><\/span><\/div><\/p>\n<div  class='av-social-sharing-box  avia-builder-el-7  el_after_av_hr  el_before_av_hr  '><div class='av-share-box'><h5 class='av-share-link-description av-no-toc '>Compartir esta noticia<\/h5><ul class='av-share-box-list noLightbox'><li class='av-share-link av-social-link-facebook' ><a target=\"_blank\" aria-label=\"Compartir en Facebook\" href='https:\/\/www.facebook.com\/sharer.php?u=https:\/\/radiorevelacionfm.cl\/?p=27710&#038;t=Evento%20solidario%20%E2%80%9CAys%C3%A9n%20ayuda%20a%20Yumbel%E2%80%9D%20reuni%C3%B3%20a%20artistas%20y%20la%20comunidad%20en%20la%20plaza%20de%20Puerto%20Ays%C3%A9n' aria-hidden='false' data-av_icon='\ue8f3' data-av_iconfont='entypo-fontello' title='' data-avia-related-tooltip='Compartir en Facebook' rel=\"noopener\"><span class='avia_hidden_link_text'>Compartir en Facebook<\/span><\/a><\/li><li class='av-share-link av-social-link-twitter' ><a target=\"_blank\" aria-label=\"Compartir en Twitter\" href='https:\/\/twitter.com\/share?text=Evento%20solidario%20%E2%80%9CAys%C3%A9n%20ayuda%20a%20Yumbel%E2%80%9D%20reuni%C3%B3%20a%20artistas%20y%20la%20comunidad%20en%20la%20plaza%20de%20Puerto%20Ays%C3%A9n&#038;url=https:\/\/radiorevelacionfm.cl\/?p=27710' aria-hidden='false' data-av_icon='\ue8f1' data-av_iconfont='entypo-fontello' title='' data-avia-related-tooltip='Compartir en Twitter' rel=\"noopener\"><span class='avia_hidden_link_text'>Compartir en Twitter<\/span><\/a><\/li><li class='av-share-link av-social-link-whatsapp' ><a target=\"_blank\" aria-label=\"Compartir en Whatsapp\" href='https:\/\/api.whatsapp.com\/send?text=https:\/\/radiorevelacionfm.cl\/?p=27710' aria-hidden='false' data-av_icon='\uf232' data-av_iconfont='entypo-fontello' title='' data-avia-related-tooltip='Compartir en Whatsapp' rel=\"noopener\"><span class='avia_hidden_link_text'>Compartir en Whatsapp<\/span><\/a><\/li><li class='av-share-link av-social-link-linkedin' ><a target=\"_blank\" aria-label=\"Compartir en LinkedIn\" href='https:\/\/linkedin.com\/shareArticle?mini=true&#038;title=Evento%20solidario%20%E2%80%9CAys%C3%A9n%20ayuda%20a%20Yumbel%E2%80%9D%20reuni%C3%B3%20a%20artistas%20y%20la%20comunidad%20en%20la%20plaza%20de%20Puerto%20Ays%C3%A9n&#038;url=https:\/\/radiorevelacionfm.cl\/?p=27710' aria-hidden='false' data-av_icon='\ue8fc' data-av_iconfont='entypo-fontello' title='' data-avia-related-tooltip='Compartir en LinkedIn' rel=\"noopener\"><span class='avia_hidden_link_text'>Compartir en LinkedIn<\/span><\/a><\/li><li class='av-share-link av-social-link-mail' ><a  aria-label=\"Compartir por correo\" href='mailto:?subject=Evento%20solidario%20%E2%80%9CAys%C3%A9n%20ayuda%20a%20Yumbel%E2%80%9D%20reuni%C3%B3%20a%20artistas%20y%20la%20comunidad%20en%20la%20plaza%20de%20Puerto%20Ays%C3%A9n&#038;body=https:\/\/radiorevelacionfm.cl\/?p=27710' aria-hidden='false' data-av_icon='\ue805' data-av_iconfont='entypo-fontello' title='' data-avia-related-tooltip='Compartir por correo'><span class='avia_hidden_link_text'>Compartir por correo<\/span><\/a><\/li><\/ul><\/div><\/div>\n<div  style='height:50px' class='hr hr-invisible   avia-builder-el-8  el_after_av_social_share  el_before_av_comments_list '><span class='hr-inner ' ><span class='hr-inner-style'><\/span><\/span><\/div>\n<div  class='av-buildercomment  av-blog-meta-html-info-disabled av-blog-meta-tag-disabled  '><\/div>\n","protected":false},"excerpt":{"rendered":"","protected":false},"author":1,"featured_media":27711,"comment_status":"open","ping_status":"open","sticky":false,"template":"","format":"standard","meta":{"footnotes":""},"categories":[38],"tags":[],"class_list":["post-27710","post","type-post","status-publish","format-standard","has-post-thumbnail","hentry","category-regional"],"jetpack_featured_media_url":"https:\/\/radiorevelacionfm.cl\/wp-content\/uploads\/2023\/02\/dsc_0762-1_optimized.jpg","_links":{"self":[{"href":"https:\/\/radiorevelacionfm.cl\/index.php?rest_route=\/wp\/v2\/posts\/27710","targetHints":{"allow":["GET"]}}],"collection":[{"href":"https:\/\/radiorevelacionfm.cl\/index.php?rest_route=\/wp\/v2\/posts"}],"about":[{"href":"https:\/\/radiorevelacionfm.cl\/index.php?rest_route=\/wp\/v2\/types\/post"}],"author":[{"embeddable":true,"href":"https:\/\/radiorevelacionfm.cl\/index.php?rest_route=\/wp\/v2\/users\/1"}],"replies":[{"embeddable":true,"href":"https:\/\/radiorevelacionfm.cl\/index.php?rest_route=%2Fwp%2Fv2%2Fcomments&post=27710"}],"version-history":[{"count":2,"href":"https:\/\/radiorevelacionfm.cl\/index.php?rest_route=\/wp\/v2\/posts\/27710\/revisions"}],"predecessor-version":[{"id":27713,"href":"https:\/\/radiorevelacionfm.cl\/index.php?rest_route=\/wp\/v2\/posts\/27710\/revisions\/27713"}],"wp:featuredmedia":[{"embeddable":true,"href":"https:\/\/radiorevelacionfm.cl\/index.php?rest_route=\/wp\/v2\/media\/27711"}],"wp:attachment":[{"href":"https:\/\/radiorevelacionfm.cl\/index.php?rest_route=%2Fwp%2Fv2%2Fmedia&parent=27710"}],"wp:term":[{"taxonomy":"category","embeddable":true,"href":"https:\/\/radiorevelacionfm.cl\/index.php?rest_route=%2Fwp%2Fv2%2Fcategories&post=27710"},{"taxonomy":"post_tag","embeddable":true,"href":"https:\/\/radiorevelacionfm.cl\/index.php?rest_route=%2Fwp%2Fv2%2Ftags&post=27710"}],"curies":[{"name":"wp","href":"https:\/\/api.w.org\/{rel}","templated":true}]}}