{"id":27704,"date":"2023-02-09T19:44:16","date_gmt":"2023-02-09T22:44:16","guid":{"rendered":"https:\/\/radiorevelacionfm.cl\/?p=27704"},"modified":"2023-02-09T19:44:16","modified_gmt":"2023-02-09T22:44:16","slug":"resultados-fortalece-mipe-aysen-gobierno-regional-otorga-plazo-para-rectificar-postulaciones-no-admitidas","status":"publish","type":"post","link":"https:\/\/radiorevelacionfm.cl\/?p=27704","title":{"rendered":"Resultados Fortalece Mipe Ays\u00e9n: Gobierno Regional otorga plazo para rectificar postulaciones no admitidas"},"content":{"rendered":"<div class=\"flex_column av_one_full  flex_column_div av-zero-column-padding first  avia-builder-el-0  el_before_av_one_full  avia-builder-el-first  \" style='border-radius:0px; '><div  class='avia-image-container  av-styling-    avia-builder-el-1  avia-builder-el-no-sibling  avia-align-center '  itemprop=\"image\" itemscope=\"itemscope\" itemtype=\"https:\/\/schema.org\/ImageObject\"  ><div class='avia-image-container-inner'><div class='avia-image-overlay-wrap'><img decoding=\"async\" class='wp-image-27705 avia-img-lazy-loading-not-27705 avia_image' src=\"https:\/\/radiorevelacionfm.cl\/wp-content\/uploads\/2023\/02\/1-69-1-1.jpeg\" alt='' title='1 (69) (1) (1)' height=\"600\" width=\"800\"  itemprop=\"thumbnailUrl\" srcset=\"https:\/\/radiorevelacionfm.cl\/wp-content\/uploads\/2023\/02\/1-69-1-1.jpeg 800w, https:\/\/radiorevelacionfm.cl\/wp-content\/uploads\/2023\/02\/1-69-1-1-300x225.jpeg 300w, https:\/\/radiorevelacionfm.cl\/wp-content\/uploads\/2023\/02\/1-69-1-1-768x576.jpeg 768w, https:\/\/radiorevelacionfm.cl\/wp-content\/uploads\/2023\/02\/1-69-1-1-705x529.jpeg 705w, https:\/\/radiorevelacionfm.cl\/wp-content\/uploads\/2023\/02\/1-69-1-1-600x450.jpeg 600w\" sizes=\"(max-width: 800px) 100vw, 800px\" \/><\/div><\/div><\/div><\/div><div class=\"flex_column av_one_full  flex_column_div av-zero-column-padding first  avia-builder-el-2  el_after_av_one_full  el_before_av_one_full  column-top-margin\" style='border-radius:0px; '><section class=\"av_textblock_section \"  itemscope=\"itemscope\" itemtype=\"https:\/\/schema.org\/BlogPosting\" itemprop=\"blogPost\" ><div class='avia_textblock  '   itemprop=\"text\" ><p style=\"text-align: center;\"><span style=\"font-size: 18pt;\"><strong>Resultados Fortalece Mipe Ays\u00e9n: Gobierno Regional otorga plazo para rectificar postulaciones no admitidas<\/strong><\/span><\/p>\n<div id=\"gtx-trans\" style=\"position: absolute; left: -50px; top: 4.31534px;\">\n<div class=\"gtx-trans-icon\"><\/div>\n<\/div>\n<\/div><\/section><\/div><div class=\"flex_column av_one_full  flex_column_div av-zero-column-padding first  avia-builder-el-4  el_after_av_one_full  el_before_av_hr  column-top-margin\" style='border-radius:0px; '><section class=\"av_textblock_section \"  itemscope=\"itemscope\" itemtype=\"https:\/\/schema.org\/BlogPosting\" itemprop=\"blogPost\" ><div class='avia_textblock  '   itemprop=\"text\" ><p style=\"text-align: justify;\">Esta semana se dieron a conocer los resultados de las postulaciones al Mipe Ays\u00e9n perteneciente a \u201cFortalece y Reactiva: programa para micro y peque\u00f1as empresas\u201d.<\/p>\n<p style=\"text-align: justify;\">Mipe Ays\u00e9n caus\u00f3 inter\u00e9s y gran participaci\u00f3n de los postulantes, llegando a un total de 1.736 personas. Los resultados de las postulaciones se encuentran disponibles en el sitio web del Gobierno Regional de Ays\u00e9n, www.goreaysen.cl.<\/p>\n<p style=\"text-align: justify;\">En el caso que el estado del proyecto aparezca como \u201cno admisible rectificable\u201d, se debe solicitar informaci\u00f3n sobre la postulaci\u00f3n al correo electr\u00f3nico fudea.aysen@ufrontera.cl, donde recibir\u00e1n orientaci\u00f3n para ver el detalle de los documentos y poder seguir con el proceso. Este tr\u00e1mite s\u00f3lo puede realizarse hasta el d\u00eda lunes 13 de febrero.<\/p>\n<p style=\"text-align: justify;\">El monto que se entregar\u00e1 a los emprendedores y emprendedoras seleccionadas ser\u00e1 entre $1.500.000 y $7.000.0000, seg\u00fan el tama\u00f1o de la empresa y los diversos criterios de focalizaci\u00f3n, ya que, con este fondo, se busca dar mayor apoyo a gente que viva en la ruralidad, a los pueblos originarios y a las mujeres.<\/p>\n<p style=\"text-align: justify;\">El programa \u201cFortalece y Reactiva\u201d, del cual se desprende \u201cFortalece Mipe Ays\u00e9n\u201d, se enmarca en una alianza entre el Gobierno Regional de Ays\u00e9n y la Fundaci\u00f3n de Desarrollo Educacional y Tecnol\u00f3gico La Araucan\u00eda (FUDEA), que apoya en la difusi\u00f3n de la informaci\u00f3n, recepci\u00f3n y ayuda a postulantes y a procesar las solicitudes.<\/p>\n<p style=\"text-align: justify;\"><strong>\u00a0<\/strong><\/p>\n<\/div><\/section><\/div><div  style='height:50px' class='hr hr-invisible   avia-builder-el-6  el_after_av_one_full  el_before_av_social_share '><span class='hr-inner ' ><span class='hr-inner-style'><\/span><\/span><\/div><\/p>\n<div  class='av-social-sharing-box  avia-builder-el-7  el_after_av_hr  el_before_av_hr  '><div class='av-share-box'><h5 class='av-share-link-description av-no-toc '>Compartir esta noticia<\/h5><ul class='av-share-box-list noLightbox'><li class='av-share-link av-social-link-facebook' ><a target=\"_blank\" aria-label=\"Compartir en Facebook\" href='https:\/\/www.facebook.com\/sharer.php?u=https:\/\/radiorevelacionfm.cl\/?p=27704&#038;t=Resultados%20Fortalece%20Mipe%20Ays%C3%A9n%3A%20Gobierno%20Regional%20otorga%20plazo%20para%20rectificar%20postulaciones%20no%20admitidas' aria-hidden='false' data-av_icon='\ue8f3' data-av_iconfont='entypo-fontello' title='' data-avia-related-tooltip='Compartir en Facebook' rel=\"noopener\"><span class='avia_hidden_link_text'>Compartir en Facebook<\/span><\/a><\/li><li class='av-share-link av-social-link-twitter' ><a target=\"_blank\" aria-label=\"Compartir en Twitter\" href='https:\/\/twitter.com\/share?text=Resultados%20Fortalece%20Mipe%20Ays%C3%A9n%3A%20Gobierno%20Regional%20otorga%20plazo%20para%20rectificar%20postulaciones%20no%20admitidas&#038;url=https:\/\/radiorevelacionfm.cl\/?p=27704' aria-hidden='false' data-av_icon='\ue8f1' data-av_iconfont='entypo-fontello' title='' data-avia-related-tooltip='Compartir en Twitter' rel=\"noopener\"><span class='avia_hidden_link_text'>Compartir en Twitter<\/span><\/a><\/li><li class='av-share-link av-social-link-whatsapp' ><a target=\"_blank\" aria-label=\"Compartir en Whatsapp\" href='https:\/\/api.whatsapp.com\/send?text=https:\/\/radiorevelacionfm.cl\/?p=27704' aria-hidden='false' data-av_icon='\uf232' data-av_iconfont='entypo-fontello' title='' data-avia-related-tooltip='Compartir en Whatsapp' rel=\"noopener\"><span class='avia_hidden_link_text'>Compartir en Whatsapp<\/span><\/a><\/li><li class='av-share-link av-social-link-linkedin' ><a target=\"_blank\" aria-label=\"Compartir en LinkedIn\" href='https:\/\/linkedin.com\/shareArticle?mini=true&#038;title=Resultados%20Fortalece%20Mipe%20Ays%C3%A9n%3A%20Gobierno%20Regional%20otorga%20plazo%20para%20rectificar%20postulaciones%20no%20admitidas&#038;url=https:\/\/radiorevelacionfm.cl\/?p=27704' aria-hidden='false' data-av_icon='\ue8fc' data-av_iconfont='entypo-fontello' title='' data-avia-related-tooltip='Compartir en LinkedIn' rel=\"noopener\"><span class='avia_hidden_link_text'>Compartir en LinkedIn<\/span><\/a><\/li><li class='av-share-link av-social-link-mail' ><a  aria-label=\"Compartir por correo\" href='mailto:?subject=Resultados%20Fortalece%20Mipe%20Ays%C3%A9n%3A%20Gobierno%20Regional%20otorga%20plazo%20para%20rectificar%20postulaciones%20no%20admitidas&#038;body=https:\/\/radiorevelacionfm.cl\/?p=27704' aria-hidden='false' data-av_icon='\ue805' data-av_iconfont='entypo-fontello' title='' data-avia-related-tooltip='Compartir por correo'><span class='avia_hidden_link_text'>Compartir por correo<\/span><\/a><\/li><\/ul><\/div><\/div>\n<div  style='height:50px' class='hr hr-invisible   avia-builder-el-8  el_after_av_social_share  el_before_av_comments_list '><span class='hr-inner ' ><span class='hr-inner-style'><\/span><\/span><\/div>\n<div  class='av-buildercomment  av-blog-meta-html-info-disabled av-blog-meta-tag-disabled  '><\/div>\n","protected":false},"excerpt":{"rendered":"","protected":false},"author":1,"featured_media":27705,"comment_status":"open","ping_status":"open","sticky":false,"template":"","format":"standard","meta":{"footnotes":""},"categories":[38],"tags":[],"class_list":["post-27704","post","type-post","status-publish","format-standard","has-post-thumbnail","hentry","category-regional"],"jetpack_featured_media_url":"https:\/\/radiorevelacionfm.cl\/wp-content\/uploads\/2023\/02\/1-69-1-1.jpeg","_links":{"self":[{"href":"https:\/\/radiorevelacionfm.cl\/index.php?rest_route=\/wp\/v2\/posts\/27704","targetHints":{"allow":["GET"]}}],"collection":[{"href":"https:\/\/radiorevelacionfm.cl\/index.php?rest_route=\/wp\/v2\/posts"}],"about":[{"href":"https:\/\/radiorevelacionfm.cl\/index.php?rest_route=\/wp\/v2\/types\/post"}],"author":[{"embeddable":true,"href":"https:\/\/radiorevelacionfm.cl\/index.php?rest_route=\/wp\/v2\/users\/1"}],"replies":[{"embeddable":true,"href":"https:\/\/radiorevelacionfm.cl\/index.php?rest_route=%2Fwp%2Fv2%2Fcomments&post=27704"}],"version-history":[{"count":2,"href":"https:\/\/radiorevelacionfm.cl\/index.php?rest_route=\/wp\/v2\/posts\/27704\/revisions"}],"predecessor-version":[{"id":27707,"href":"https:\/\/radiorevelacionfm.cl\/index.php?rest_route=\/wp\/v2\/posts\/27704\/revisions\/27707"}],"wp:featuredmedia":[{"embeddable":true,"href":"https:\/\/radiorevelacionfm.cl\/index.php?rest_route=\/wp\/v2\/media\/27705"}],"wp:attachment":[{"href":"https:\/\/radiorevelacionfm.cl\/index.php?rest_route=%2Fwp%2Fv2%2Fmedia&parent=27704"}],"wp:term":[{"taxonomy":"category","embeddable":true,"href":"https:\/\/radiorevelacionfm.cl\/index.php?rest_route=%2Fwp%2Fv2%2Fcategories&post=27704"},{"taxonomy":"post_tag","embeddable":true,"href":"https:\/\/radiorevelacionfm.cl\/index.php?rest_route=%2Fwp%2Fv2%2Ftags&post=27704"}],"curies":[{"name":"wp","href":"https:\/\/api.w.org\/{rel}","templated":true}]}}