{"id":2770,"date":"2021-02-18T17:26:10","date_gmt":"2021-02-18T20:26:10","guid":{"rendered":"https:\/\/radiorevelacionfm.cl\/?p=2770"},"modified":"2021-02-18T22:47:42","modified_gmt":"2021-02-19T01:47:42","slug":"confirman-operativo-medico-en-chile-chico-para-los-dias-11-y-12-de-marzo-con-casi-veinte-especialidades-medicas","status":"publish","type":"post","link":"https:\/\/radiorevelacionfm.cl\/?p=2770","title":{"rendered":"Confirman operativo m\u00e9dico en Chile Chico para los d\u00edas 12 y 13 de marzo con casi veinte especialidades m\u00e9dicas"},"content":{"rendered":"<div class=\"flex_column av_one_full  flex_column_div av-zero-column-padding first  avia-builder-el-0  el_before_av_one_full  avia-builder-el-first  \" style='border-radius:0px; '><div  class='avia-image-container  av-styling-    avia-builder-el-1  avia-builder-el-no-sibling  avia-align-center '  itemprop=\"image\" itemscope=\"itemscope\" itemtype=\"https:\/\/schema.org\/ImageObject\"  ><div class='avia-image-container-inner'><div class='avia-image-overlay-wrap'><img decoding=\"async\" class='wp-image-0 avia-img-lazy-loading-not-0 avia_image' src=\"https:\/\/radiorevelacionfm.cl\/wp-content\/uploads\/2021\/02\/LANZAMIENTO-PRIMER-OPERATIVO-1-1.jpeg\" alt='' title=''   itemprop=\"thumbnailUrl\"  \/><\/div><\/div><\/div><\/div>\n<div class=\"flex_column av_one_full  flex_column_div av-zero-column-padding first  avia-builder-el-2  el_after_av_one_full  el_before_av_one_full  column-top-margin\" style='border-radius:0px; '><section class=\"av_textblock_section \"  itemscope=\"itemscope\" itemtype=\"https:\/\/schema.org\/BlogPosting\" itemprop=\"blogPost\" ><div class='avia_textblock  '   itemprop=\"text\" ><p style=\"text-align: center;\"><span style=\"font-size: 18pt;\"><strong>Confirman operativo m\u00e9dico en Chile Chico para los d\u00edas 12 y 13 de marzo con casi veinte especialidades m\u00e9dicas<\/strong><\/span><\/p>\n<div id=\"gtx-trans\" style=\"position: absolute; left: -50px; top: 4.31534px;\">\n<div class=\"gtx-trans-icon\"><\/div>\n<\/div>\n<\/div><\/section><\/div><div class=\"flex_column av_one_full  flex_column_div av-zero-column-padding first  avia-builder-el-4  el_after_av_one_full  el_before_av_hr  column-top-margin\" style='border-radius:0px; '><section class=\"av_textblock_section \"  itemscope=\"itemscope\" itemtype=\"https:\/\/schema.org\/BlogPosting\" itemprop=\"blogPost\" ><div class='avia_textblock  '   itemprop=\"text\" ><p style=\"text-align: justify;\">Es una instancia que ejecutar\u00e1 la Cl\u00ednica de Salud Municipal, fue respaldada por el Concejo en pleno y ser\u00e1 financiado \u00edntegramente con recursos Municipales, donde se contar\u00e1 con el importante apoyo del Hospital Leopoldo Ortega Rodr\u00edguez.<\/p>\n<p style=\"text-align: justify;\">Mediante un punto de prensa, el Alcalde Ricardo Ibarra junto el Administrador Municipal y director de la cl\u00ednica Omar Ruiz, efectuaron el lanzamiento oficial del \u201cOperativo Medico de Especialidades para la comuna de Chile Chico\u201d, que lidera la Cl\u00ednica de Salud con apoyo del hospital local.<\/p>\n<p style=\"text-align: justify;\">Ha sido un enorme trabajo de coordinaci\u00f3n, gestiones y donde se destaca la voluntad de la Fundaci\u00f3n \u201cTrae Sol\u201d, quienes en tiempos de Pandemia aceptaron la propuesta del Municipio y llegar\u00e1n con 19 profesionales a la \u201cciudad del sol\u201d, para atender a los vecinos y vecinas de esta zona.<\/p>\n<p style=\"text-align: justify;\">El Alcalde Ricardo Ibarra, se\u00f1al\u00f3 que con esta ayuda social se espera que quienes est\u00e1n sufriendo de alguna enfermedad la puedan apaciguar y esto signifique un alivio a su dolor, como as\u00ed tambi\u00e9n, evitar que tengan que trasladarse a otra ciudad o regi\u00f3n para tener un diagn\u00f3stico.<\/p>\n<p style=\"text-align: justify;\">\u201cUna enorme cantidad de ciudadanos de nuestra comuna que necesitan, que requieren, que est\u00e1n hace mucho tiempo esperando estas atenciones y nosotros con las puertas abiertas, con el coraz\u00f3n abierto, con la esperanza de que esta ayuda solidaria venga a contribuir y apaciguar los dolores de muchas personas que lo necesitan. Vamos a poner todo a disposici\u00f3n, la Cl\u00ednica Municipal con todo su equipo de profesionales ya est\u00e1n trabajando para entregar la mejor atenci\u00f3n. La coordinaci\u00f3n no va a ser f\u00e1cil, porque estamos conscientes de que mucha gente va a querer atenderse, pero tambi\u00e9n tenemos que establecer un protocolo acotado, para que todos se puedan atender en las mejores condiciones. Quiero destacar que, este operativo medico tambi\u00e9n incluye a todas las localidades del interior, en el sentido de que vamos a dar todas las facilidades para que los vecinos y vecinas de los distintos sectores puedan venir en las mejores condiciones\u201d.<\/p>\n<p style=\"text-align: justify;\">Omar Ruiz, Administrador Municipal y Director de la Cl\u00ednica de Salud, confirm\u00f3 la fecha de esta primera etapa del operativo de especialidades m\u00e9dicas en Chile Chico, fijado para los d\u00edas 12 y 13 de marzo pr\u00f3ximo.<\/p>\n<p style=\"text-align: justify;\">\u201cSe\u00f1alar que en esta ocasi\u00f3n el operativo se llevara a cabo los d\u00edas viernes 12 y s\u00e1bado 13 de marzo, donde contaremos con aproximadamente 19 profesionales de la Fundaci\u00f3n Trae Sol. En coordinaci\u00f3n con ellos pudimos lograr 6 especialistas en traumatolog\u00eda, con especialidades en columna, pie, cadera, rodilla, mano y hombro. Tambi\u00e9n tendremos 2 oftalm\u00f3logos, 2 otorrinos y una ginec\u00f3loga. Destacar adem\u00e1s que, la agenda para que los pacientes se puedan inscribir estar\u00e1 abierta hasta el d\u00eda 26 de febrero\u201d.<\/p>\n<p style=\"text-align: justify;\">Importante destacar que, este viernes 19 y s\u00e1bado 20 de febrero un equipo de la Administraci\u00f3n Municipal visitar\u00e1 las localidades del interior de la comuna de Chile Chico, para informar a la comunidad e inscribir a quienes requieran atenci\u00f3n de los especialistas ya mencionados. El d\u00eda viernes a las 10:30 en la Delegaci\u00f3n Municipal de Mall\u00edn Grande, a las 13:00 horas en la posta de Puerto Guadal y las 15:00 horas en la sede de la junta de vecinos de Rio Le\u00f3n. El d\u00eda s\u00e1bado, a las 12:00 horas en la Delegaci\u00f3n de Puerto Bertrand y a las 15:00 horas en la Delegaci\u00f3n de Puerto Guadal.<\/p>\n<p style=\"text-align: justify;\">Si por alg\u00fan motivo un vecino o una vecina no puede ir a la localidad para obtener informaci\u00f3n e inscribirse en el lugar y la hora antes indicada, podr\u00e1 llamar a los n\u00fameros de la Cl\u00ednica de Salud Municipal para hacer consultas o agendar una hora para el operativo de especialidades m\u00e9dicas, 672 411 857 o al n\u00famero de celular +569 62305812. Tambi\u00e9n podr\u00e1n escribir al siguiente correo electr\u00f3nico, <a href=\"mailto:clinicadesalud@chilechico.cl\">clinicadesalud@chilechico.cl<\/a><\/p>\n<\/div><\/section><\/div><div  style='height:50px' class='hr hr-invisible   avia-builder-el-6  el_after_av_one_full  el_before_av_social_share '><span class='hr-inner ' ><span class='hr-inner-style'><\/span><\/span><\/div><\/p>\n<div  class='av-social-sharing-box  avia-builder-el-7  el_after_av_hr  el_before_av_hr  '><div class='av-share-box'><h5 class='av-share-link-description av-no-toc '>Compartir esta noticia<\/h5><ul class='av-share-box-list noLightbox'><li class='av-share-link av-social-link-facebook' ><a target=\"_blank\" aria-label=\"Compartir en Facebook\" href='https:\/\/www.facebook.com\/sharer.php?u=https:\/\/radiorevelacionfm.cl\/?p=2770&#038;t=Confirman%20operativo%20m%C3%A9dico%20en%20Chile%20Chico%20para%20los%20d%C3%ADas%2012%20y%2013%20de%20marzo%20con%20casi%20veinte%20especialidades%20m%C3%A9dicas' aria-hidden='false' data-av_icon='\ue8f3' data-av_iconfont='entypo-fontello' title='' data-avia-related-tooltip='Compartir en Facebook' rel=\"noopener\"><span class='avia_hidden_link_text'>Compartir en Facebook<\/span><\/a><\/li><li class='av-share-link av-social-link-twitter' ><a target=\"_blank\" aria-label=\"Compartir en Twitter\" href='https:\/\/twitter.com\/share?text=Confirman%20operativo%20m%C3%A9dico%20en%20Chile%20Chico%20para%20los%20d%C3%ADas%2012%20y%2013%20de%20marzo%20con%20casi%20veinte%20especialidades%20m%C3%A9dicas&#038;url=https:\/\/radiorevelacionfm.cl\/?p=2770' aria-hidden='false' data-av_icon='\ue8f1' data-av_iconfont='entypo-fontello' title='' data-avia-related-tooltip='Compartir en Twitter' rel=\"noopener\"><span class='avia_hidden_link_text'>Compartir en Twitter<\/span><\/a><\/li><li class='av-share-link av-social-link-whatsapp' ><a target=\"_blank\" aria-label=\"Compartir en Whatsapp\" href='https:\/\/api.whatsapp.com\/send?text=https:\/\/radiorevelacionfm.cl\/?p=2770' aria-hidden='false' data-av_icon='\uf232' data-av_iconfont='entypo-fontello' title='' data-avia-related-tooltip='Compartir en Whatsapp' rel=\"noopener\"><span class='avia_hidden_link_text'>Compartir en Whatsapp<\/span><\/a><\/li><li class='av-share-link av-social-link-linkedin' ><a target=\"_blank\" aria-label=\"Compartir en LinkedIn\" href='https:\/\/linkedin.com\/shareArticle?mini=true&#038;title=Confirman%20operativo%20m%C3%A9dico%20en%20Chile%20Chico%20para%20los%20d%C3%ADas%2012%20y%2013%20de%20marzo%20con%20casi%20veinte%20especialidades%20m%C3%A9dicas&#038;url=https:\/\/radiorevelacionfm.cl\/?p=2770' aria-hidden='false' data-av_icon='\ue8fc' data-av_iconfont='entypo-fontello' title='' data-avia-related-tooltip='Compartir en LinkedIn' rel=\"noopener\"><span class='avia_hidden_link_text'>Compartir en LinkedIn<\/span><\/a><\/li><li class='av-share-link av-social-link-mail' ><a  aria-label=\"Compartir por correo\" href='mailto:?subject=Confirman%20operativo%20m%C3%A9dico%20en%20Chile%20Chico%20para%20los%20d%C3%ADas%2012%20y%2013%20de%20marzo%20con%20casi%20veinte%20especialidades%20m%C3%A9dicas&#038;body=https:\/\/radiorevelacionfm.cl\/?p=2770' aria-hidden='false' data-av_icon='\ue805' data-av_iconfont='entypo-fontello' title='' data-avia-related-tooltip='Compartir por correo'><span class='avia_hidden_link_text'>Compartir por correo<\/span><\/a><\/li><\/ul><\/div><\/div>\n<div  style='height:50px' class='hr hr-invisible   avia-builder-el-8  el_after_av_social_share  el_before_av_comments_list '><span class='hr-inner ' ><span class='hr-inner-style'><\/span><\/span><\/div>\n<div  class='av-buildercomment  av-blog-meta-html-info-disabled av-blog-meta-tag-disabled  '><\/div>\n","protected":false},"excerpt":{"rendered":"","protected":false},"author":1,"featured_media":0,"comment_status":"open","ping_status":"open","sticky":false,"template":"","format":"standard","meta":{"footnotes":""},"categories":[46],"tags":[],"class_list":["post-2770","post","type-post","status-publish","format-standard","hentry","category-salud"],"jetpack_featured_media_url":"","_links":{"self":[{"href":"https:\/\/radiorevelacionfm.cl\/index.php?rest_route=\/wp\/v2\/posts\/2770","targetHints":{"allow":["GET"]}}],"collection":[{"href":"https:\/\/radiorevelacionfm.cl\/index.php?rest_route=\/wp\/v2\/posts"}],"about":[{"href":"https:\/\/radiorevelacionfm.cl\/index.php?rest_route=\/wp\/v2\/types\/post"}],"author":[{"embeddable":true,"href":"https:\/\/radiorevelacionfm.cl\/index.php?rest_route=\/wp\/v2\/users\/1"}],"replies":[{"embeddable":true,"href":"https:\/\/radiorevelacionfm.cl\/index.php?rest_route=%2Fwp%2Fv2%2Fcomments&post=2770"}],"version-history":[{"count":3,"href":"https:\/\/radiorevelacionfm.cl\/index.php?rest_route=\/wp\/v2\/posts\/2770\/revisions"}],"predecessor-version":[{"id":2788,"href":"https:\/\/radiorevelacionfm.cl\/index.php?rest_route=\/wp\/v2\/posts\/2770\/revisions\/2788"}],"wp:attachment":[{"href":"https:\/\/radiorevelacionfm.cl\/index.php?rest_route=%2Fwp%2Fv2%2Fmedia&parent=2770"}],"wp:term":[{"taxonomy":"category","embeddable":true,"href":"https:\/\/radiorevelacionfm.cl\/index.php?rest_route=%2Fwp%2Fv2%2Fcategories&post=2770"},{"taxonomy":"post_tag","embeddable":true,"href":"https:\/\/radiorevelacionfm.cl\/index.php?rest_route=%2Fwp%2Fv2%2Ftags&post=2770"}],"curies":[{"name":"wp","href":"https:\/\/api.w.org\/{rel}","templated":true}]}}