{"id":27696,"date":"2023-02-09T19:29:29","date_gmt":"2023-02-09T22:29:29","guid":{"rendered":"https:\/\/radiorevelacionfm.cl\/?p=27696"},"modified":"2023-02-09T19:29:29","modified_gmt":"2023-02-09T22:29:29","slug":"destacan-plan-de-proteccion-de-incendios-para-aysen","status":"publish","type":"post","link":"https:\/\/radiorevelacionfm.cl\/?p=27696","title":{"rendered":"Destacan Plan de Protecci\u00f3n de incendios para Ays\u00e9n"},"content":{"rendered":"<div class=\"flex_column av_one_full  flex_column_div av-zero-column-padding first  avia-builder-el-0  el_before_av_one_full  avia-builder-el-first  \" style='border-radius:0px; '><div  class='avia-image-container  av-styling-    avia-builder-el-1  avia-builder-el-no-sibling  avia-align-center '  itemprop=\"image\" itemscope=\"itemscope\" itemtype=\"https:\/\/schema.org\/ImageObject\"  ><div class='avia-image-container-inner'><div class='avia-image-overlay-wrap'><img decoding=\"async\" class='wp-image-27697 avia-img-lazy-loading-not-27697 avia_image' src=\"https:\/\/radiorevelacionfm.cl\/wp-content\/uploads\/2023\/02\/prev_optimized.incendiosforestales2-1-1-1.jpg\" alt='' title='prev_optimized.incendiosforestales2-(1)-(1) (1)' height=\"600\" width=\"1106\"  itemprop=\"thumbnailUrl\" srcset=\"https:\/\/radiorevelacionfm.cl\/wp-content\/uploads\/2023\/02\/prev_optimized.incendiosforestales2-1-1-1.jpg 1106w, https:\/\/radiorevelacionfm.cl\/wp-content\/uploads\/2023\/02\/prev_optimized.incendiosforestales2-1-1-1-300x163.jpg 300w, https:\/\/radiorevelacionfm.cl\/wp-content\/uploads\/2023\/02\/prev_optimized.incendiosforestales2-1-1-1-1030x559.jpg 1030w, https:\/\/radiorevelacionfm.cl\/wp-content\/uploads\/2023\/02\/prev_optimized.incendiosforestales2-1-1-1-768x417.jpg 768w, https:\/\/radiorevelacionfm.cl\/wp-content\/uploads\/2023\/02\/prev_optimized.incendiosforestales2-1-1-1-705x382.jpg 705w, https:\/\/radiorevelacionfm.cl\/wp-content\/uploads\/2023\/02\/prev_optimized.incendiosforestales2-1-1-1-600x325.jpg 600w\" sizes=\"(max-width: 1106px) 100vw, 1106px\" \/><\/div><\/div><\/div><\/div><div class=\"flex_column av_one_full  flex_column_div av-zero-column-padding first  avia-builder-el-2  el_after_av_one_full  el_before_av_one_full  column-top-margin\" style='border-radius:0px; '><section class=\"av_textblock_section \"  itemscope=\"itemscope\" itemtype=\"https:\/\/schema.org\/BlogPosting\" itemprop=\"blogPost\" ><div class='avia_textblock  '   itemprop=\"text\" ><p style=\"text-align: center;\"><span style=\"font-size: 18pt;\"><strong>Destacan Plan de Protecci\u00f3n de incendios para Ays\u00e9n<\/strong><\/span><\/p>\n<div id=\"gtx-trans\" style=\"position: absolute; left: -50px; top: 4.31534px;\">\n<div class=\"gtx-trans-icon\"><\/div>\n<\/div>\n<\/div><\/section><\/div><div class=\"flex_column av_one_full  flex_column_div av-zero-column-padding first  avia-builder-el-4  el_after_av_one_full  el_before_av_hr  column-top-margin\" style='border-radius:0px; '><section class=\"av_textblock_section \"  itemscope=\"itemscope\" itemtype=\"https:\/\/schema.org\/BlogPosting\" itemprop=\"blogPost\" ><div class='avia_textblock  '   itemprop=\"text\" ><p style=\"text-align: justify;\">Los \u00faltimos d\u00edas hemos conocido por radio, televisi\u00f3n y redes sociales testimonios desgarradores acerca de familias que han tenido que evacuar sus viviendas, en las regiones del Maule, O\u2019 Higgins, Bio B\u00edo y Araucan\u00eda, algunos dejando todo lo que con mucho esfuerzo hab\u00edan construido por a\u00f1os.<\/p>\n<p style=\"text-align: justify;\">Es por ello que autoridades destacaron el Plan de Protecci\u00f3n que articula a entidades, p\u00fablicas y privadas para combatir incendios forestales, cuyo eje en Ays\u00e9n est\u00e1 centrado en la prevenci\u00f3n y que se traduce en acciones de difusi\u00f3n en carreteras, medios comunicacionales y otras actividades p\u00fablicas.<\/p>\n<p style=\"text-align: justify;\">En este sentido, el Secretario Regional Ministerial de Agricultura, Alan Espinoza Ortiz, destac\u00f3 los recursos disponibles para esta temporada en Ays\u00e9n: \u201cCONAF en conjunto con entidades p\u00fablicas y privadas, impulsa un plan operativo y contamos con 14 brigadas a lo largo de toda la regi\u00f3n, cuya cobertura territorial va desde La Junta hasta Cochrane, destinadas al combate de incendios. Pero nuestro llamado principal es a la prevenci\u00f3n para evitar siniestros que afecten a las familias y al patrimonio natural de nuestra regi\u00f3n\u201d, indic\u00f3.<\/p>\n<p style=\"text-align: justify;\">Trabajo al que se suma las Brigadas de Refuerzo de Incendios Forestales (BRIFE) del Ej\u00e9rcito, con un contingente cercano a las 180 funcionarios\/as en Coyhaique, Ays\u00e9n y Cochrane. Bomberos en Coyhaique, Cochrane y Lago Verde, \u00a0adem\u00e1s de brigadas Forestal de Mininco, quienes prestan colaboraci\u00f3n en coordinaci\u00f3n CONAF.<\/p>\n<p style=\"text-align: justify;\">Asimismo, desde el mes de diciembre, un helic\u00f3ptero con asiento en Ays\u00e9n, se suma a las al equipamiento para trabajo de control y combate de incendios. Entre los que destacan dos veh\u00edculos todo terreno de alto est\u00e1ndar; el PC CODE que cuenta con espuma y gel retardante y cumple funciones de primer ataque principalmente en zonas de interfaz (urbano\/rural) y el veh\u00edculo PC GOLN (Puesto de Mando) que est\u00e1 equipado con pantallas, computadores y sistemas de comunicaci\u00f3n satelital que permitir\u00e1n una coordinaci\u00f3n fluida con la central. Adem\u00e1s, se cuenta con cami\u00f3n aljibe de capacidad de 3.000 litros de agua para apoyo a las brigadas en abastecimiento de agua.<\/p>\n<p style=\"text-align: justify;\">Como disposici\u00f3n preventiva, desde el 15 de diciembre existe suspensi\u00f3n total de quemas controladas para faenas silvoagropecuarias, esta medida se extiende hasta 15 de marzo 2023.<\/p>\n<p style=\"text-align: justify;\">Se cuenta con un Plan Nacional de Protecci\u00f3n Contra Incendios Forestales para enfrentar el per\u00edodo de mayor ocurrencia 2022-2023, robusteciendo los recursos de combate como de protecci\u00f3n. El slogan de la campa\u00f1a preventiva de Conaf es: \u201cPrevenir un incendio forestal es m\u00e1s f\u00e1cil que combatirlo\u201d, la idea es que toda la poblaci\u00f3n pueda apoyar con simples medidas para evitar estas emergencias y as\u00ed cuidar a las personas, la naturaleza, a los animales y la infraestructura.<\/p>\n<p style=\"text-align: justify;\">\u00a0\u201cComo Gobierno del Presidente Gabriel Boric, estamos trabajando intensamente en el combate y prevenci\u00f3n de incendios forestales, desplegados en terreno. Es fundamental que las personas sigan las indicaciones de la autoridad para evitar situaciones que podamos lamentar. Evitar incendios es m\u00e1s f\u00e1cil que combatirlos, por eso hacemos un llamado a todos los habitantes y a los turistas que visitan nuestra hermosa regi\u00f3n, a que todas y todos colaboremos en la prevenci\u00f3n y alerta de incendios\u201d, enfatiz\u00f3 la vocera de Gobierno, Tatiana Pl\u00e1 \u00c1lvarez.<\/p>\n<p style=\"text-align: justify;\">La prevenci\u00f3n es el foco prioritario del Gobierno, es clave en la protecci\u00f3n de las personas como primer objetivo y de nuestros ecosistemas boscosos y de la vegetaci\u00f3n en general. En este aspecto, la comunidad juega un rol relevante asumiendo una conducta preventiva, a trav\u00e9s de la implementaci\u00f3n de diversas medidas para evitar o mitigar los efectos de un incendio como: construcci\u00f3n de cortafuegos, limpieza de vegetaci\u00f3n seca, eliminar basura en contenedores, evitar usar herramientas el\u00e9ctricas, no hacer fogatas, podar \u00e1rboles bajo los tendidos el\u00e9ctricos, etc.<\/p>\n<p style=\"text-align: justify;\"><strong>Plan de Recuperaci\u00f3n<\/strong><\/p>\n<p style=\"text-align: justify;\">Por otra parte, el Gobierno ya lanz\u00f3 el Plan de Recuperaci\u00f3n y ayudas tempranas del Gobierno, para ir en apoyo de las personas afectadas que han sufrido con los incendios en la zona norte y centro del pa\u00eds.\u00a0 El plan consiste en 13 medidas que abordar\u00e1n la rehabilitaci\u00f3n de las comunidades y personas en forma integral, dando una respuesta coordinada a los damnificados, preparando de mejor forma la transici\u00f3n entre el combate del fuego y la reconstrucci\u00f3n. Algunas de esta medidas concretas que se pondr\u00e1n en marcha son: un bono de recuperaci\u00f3n para familias afectadas de 1 mill\u00f3n 500 mil pesos, de libre disposici\u00f3n, viviendas de emergencia dignas, alivios tributarios, apoyo al empleo y atenci\u00f3n veterinaria. Estos beneficios son para las personas afectadas o damnificadas por la emergencia que cuenten con Ficha B\u00e1sica de Emergencia (FIBE) aplicada.<\/p>\n<p style=\"text-align: justify;\">A trav\u00e9s de la coordinaci\u00f3n de distintas subsecretar\u00edas, se est\u00e1 trabajando tambi\u00e9n junto a todos los sectores pol\u00edticos, el sector privado, las organizaciones sociales y las comunidades, para juntos y juntas apoyar a quienes m\u00e1s lo necesitan hoy.<\/p>\n<\/div><\/section><\/div><div  style='height:50px' class='hr hr-invisible   avia-builder-el-6  el_after_av_one_full  el_before_av_social_share '><span class='hr-inner ' ><span class='hr-inner-style'><\/span><\/span><\/div><\/p>\n<div  class='av-social-sharing-box  avia-builder-el-7  el_after_av_hr  el_before_av_hr  '><div class='av-share-box'><h5 class='av-share-link-description av-no-toc '>Compartir esta noticia<\/h5><ul class='av-share-box-list noLightbox'><li class='av-share-link av-social-link-facebook' ><a target=\"_blank\" aria-label=\"Compartir en Facebook\" href='https:\/\/www.facebook.com\/sharer.php?u=https:\/\/radiorevelacionfm.cl\/?p=27696&#038;t=Destacan%20Plan%20de%20Protecci%C3%B3n%20de%20incendios%20para%20Ays%C3%A9n' aria-hidden='false' data-av_icon='\ue8f3' data-av_iconfont='entypo-fontello' title='' data-avia-related-tooltip='Compartir en Facebook' rel=\"noopener\"><span class='avia_hidden_link_text'>Compartir en Facebook<\/span><\/a><\/li><li class='av-share-link av-social-link-twitter' ><a target=\"_blank\" aria-label=\"Compartir en Twitter\" href='https:\/\/twitter.com\/share?text=Destacan%20Plan%20de%20Protecci%C3%B3n%20de%20incendios%20para%20Ays%C3%A9n&#038;url=https:\/\/radiorevelacionfm.cl\/?p=27696' aria-hidden='false' data-av_icon='\ue8f1' data-av_iconfont='entypo-fontello' title='' data-avia-related-tooltip='Compartir en Twitter' rel=\"noopener\"><span class='avia_hidden_link_text'>Compartir en Twitter<\/span><\/a><\/li><li class='av-share-link av-social-link-whatsapp' ><a target=\"_blank\" aria-label=\"Compartir en Whatsapp\" href='https:\/\/api.whatsapp.com\/send?text=https:\/\/radiorevelacionfm.cl\/?p=27696' aria-hidden='false' data-av_icon='\uf232' data-av_iconfont='entypo-fontello' title='' data-avia-related-tooltip='Compartir en Whatsapp' rel=\"noopener\"><span class='avia_hidden_link_text'>Compartir en Whatsapp<\/span><\/a><\/li><li class='av-share-link av-social-link-linkedin' ><a target=\"_blank\" aria-label=\"Compartir en LinkedIn\" href='https:\/\/linkedin.com\/shareArticle?mini=true&#038;title=Destacan%20Plan%20de%20Protecci%C3%B3n%20de%20incendios%20para%20Ays%C3%A9n&#038;url=https:\/\/radiorevelacionfm.cl\/?p=27696' aria-hidden='false' data-av_icon='\ue8fc' data-av_iconfont='entypo-fontello' title='' data-avia-related-tooltip='Compartir en LinkedIn' rel=\"noopener\"><span class='avia_hidden_link_text'>Compartir en LinkedIn<\/span><\/a><\/li><li class='av-share-link av-social-link-mail' ><a  aria-label=\"Compartir por correo\" href='mailto:?subject=Destacan%20Plan%20de%20Protecci%C3%B3n%20de%20incendios%20para%20Ays%C3%A9n&#038;body=https:\/\/radiorevelacionfm.cl\/?p=27696' aria-hidden='false' data-av_icon='\ue805' data-av_iconfont='entypo-fontello' title='' data-avia-related-tooltip='Compartir por correo'><span class='avia_hidden_link_text'>Compartir por correo<\/span><\/a><\/li><\/ul><\/div><\/div>\n<div  style='height:50px' class='hr hr-invisible   avia-builder-el-8  el_after_av_social_share  el_before_av_comments_list '><span class='hr-inner ' ><span class='hr-inner-style'><\/span><\/span><\/div>\n<div  class='av-buildercomment  av-blog-meta-html-info-disabled av-blog-meta-tag-disabled  '><\/div>\n","protected":false},"excerpt":{"rendered":"","protected":false},"author":1,"featured_media":27697,"comment_status":"open","ping_status":"open","sticky":false,"template":"","format":"standard","meta":{"footnotes":""},"categories":[38],"tags":[],"class_list":["post-27696","post","type-post","status-publish","format-standard","has-post-thumbnail","hentry","category-regional"],"jetpack_featured_media_url":"https:\/\/radiorevelacionfm.cl\/wp-content\/uploads\/2023\/02\/prev_optimized.incendiosforestales2-1-1-1.jpg","_links":{"self":[{"href":"https:\/\/radiorevelacionfm.cl\/index.php?rest_route=\/wp\/v2\/posts\/27696","targetHints":{"allow":["GET"]}}],"collection":[{"href":"https:\/\/radiorevelacionfm.cl\/index.php?rest_route=\/wp\/v2\/posts"}],"about":[{"href":"https:\/\/radiorevelacionfm.cl\/index.php?rest_route=\/wp\/v2\/types\/post"}],"author":[{"embeddable":true,"href":"https:\/\/radiorevelacionfm.cl\/index.php?rest_route=\/wp\/v2\/users\/1"}],"replies":[{"embeddable":true,"href":"https:\/\/radiorevelacionfm.cl\/index.php?rest_route=%2Fwp%2Fv2%2Fcomments&post=27696"}],"version-history":[{"count":2,"href":"https:\/\/radiorevelacionfm.cl\/index.php?rest_route=\/wp\/v2\/posts\/27696\/revisions"}],"predecessor-version":[{"id":27703,"href":"https:\/\/radiorevelacionfm.cl\/index.php?rest_route=\/wp\/v2\/posts\/27696\/revisions\/27703"}],"wp:featuredmedia":[{"embeddable":true,"href":"https:\/\/radiorevelacionfm.cl\/index.php?rest_route=\/wp\/v2\/media\/27697"}],"wp:attachment":[{"href":"https:\/\/radiorevelacionfm.cl\/index.php?rest_route=%2Fwp%2Fv2%2Fmedia&parent=27696"}],"wp:term":[{"taxonomy":"category","embeddable":true,"href":"https:\/\/radiorevelacionfm.cl\/index.php?rest_route=%2Fwp%2Fv2%2Fcategories&post=27696"},{"taxonomy":"post_tag","embeddable":true,"href":"https:\/\/radiorevelacionfm.cl\/index.php?rest_route=%2Fwp%2Fv2%2Ftags&post=27696"}],"curies":[{"name":"wp","href":"https:\/\/api.w.org\/{rel}","templated":true}]}}