{"id":27693,"date":"2023-02-10T11:11:34","date_gmt":"2023-02-10T14:11:34","guid":{"rendered":"https:\/\/radiorevelacionfm.cl\/?p=27693"},"modified":"2023-02-10T11:11:34","modified_gmt":"2023-02-10T14:11:34","slug":"ecosistema-cultural-de-aysen-se-fortalece-con-propuestas-territoriales-y-el-apoyo-de-red-cultura","status":"publish","type":"post","link":"https:\/\/radiorevelacionfm.cl\/?p=27693","title":{"rendered":"Ecosistema cultural de Ays\u00e9n se fortalece con propuestas territoriales y el apoyo de Red Cultura"},"content":{"rendered":"<div class=\"flex_column av_one_full  flex_column_div av-zero-column-padding first  avia-builder-el-0  el_before_av_one_full  avia-builder-el-first  \" style='border-radius:0px; '><div  class='avia-image-container  av-styling-    avia-builder-el-1  avia-builder-el-no-sibling  avia-align-center '  itemprop=\"image\" itemscope=\"itemscope\" itemtype=\"https:\/\/schema.org\/ImageObject\"  ><div class='avia-image-container-inner'><div class='avia-image-overlay-wrap'><img decoding=\"async\" class='wp-image-27694 avia-img-lazy-loading-not-27694 avia_image' src=\"https:\/\/radiorevelacionfm.cl\/wp-content\/uploads\/2023\/02\/Convergencia-Biodanza-Foto-2-1-1-1.jpeg\" alt='' title='Convergencia Biodanza - Foto 2 (1) (1) (1)' height=\"600\" width=\"800\"  itemprop=\"thumbnailUrl\" srcset=\"https:\/\/radiorevelacionfm.cl\/wp-content\/uploads\/2023\/02\/Convergencia-Biodanza-Foto-2-1-1-1.jpeg 800w, https:\/\/radiorevelacionfm.cl\/wp-content\/uploads\/2023\/02\/Convergencia-Biodanza-Foto-2-1-1-1-300x225.jpeg 300w, https:\/\/radiorevelacionfm.cl\/wp-content\/uploads\/2023\/02\/Convergencia-Biodanza-Foto-2-1-1-1-768x576.jpeg 768w, https:\/\/radiorevelacionfm.cl\/wp-content\/uploads\/2023\/02\/Convergencia-Biodanza-Foto-2-1-1-1-705x529.jpeg 705w, https:\/\/radiorevelacionfm.cl\/wp-content\/uploads\/2023\/02\/Convergencia-Biodanza-Foto-2-1-1-1-600x450.jpeg 600w\" sizes=\"(max-width: 800px) 100vw, 800px\" \/><\/div><\/div><\/div><\/div><div class=\"flex_column av_one_full  flex_column_div av-zero-column-padding first  avia-builder-el-2  el_after_av_one_full  el_before_av_one_full  column-top-margin\" style='border-radius:0px; '><section class=\"av_textblock_section \"  itemscope=\"itemscope\" itemtype=\"https:\/\/schema.org\/BlogPosting\" itemprop=\"blogPost\" ><div class='avia_textblock  '   itemprop=\"text\" ><p style=\"text-align: center;\"><span style=\"font-size: 18pt;\"><strong>Ecosistema cultural de Ays\u00e9n se fortalece con propuestas territoriales y el apoyo de Red Cultura<\/strong><\/span><\/p>\n<div id=\"gtx-trans\" style=\"position: absolute; left: -50px; top: 4.31534px;\">\n<div class=\"gtx-trans-icon\"><\/div>\n<\/div>\n<\/div><\/section><\/div><div class=\"flex_column av_one_full  flex_column_div av-zero-column-padding first  avia-builder-el-4  el_after_av_one_full  el_before_av_hr  column-top-margin\" style='border-radius:0px; '><section class=\"av_textblock_section \"  itemscope=\"itemscope\" itemtype=\"https:\/\/schema.org\/BlogPosting\" itemprop=\"blogPost\" ><div class='avia_textblock  '   itemprop=\"text\" ><p style=\"text-align: justify;\">La Seremi de Culturas Ays\u00e9n, a trav\u00e9s del programa Red Cultura se encuentra respaldando la puesta en marcha de dos proyectos destinados a reforzar el ecosistema cultural, la construcci\u00f3n de la vida art\u00edstica entre habitantes y la visibilizaci\u00f3n de m\u00fasicos regionales.<\/p>\n<p style=\"text-align: justify;\">En el marco de las actividades de verano y vacaciones, la Unidad de Cultura de la Municipalidad de Tortel, y la Agrupaci\u00f3n Biodanza Coyhaique, organizaron una serie de intervenciones destinadas a diferentes p\u00fablicos objetivos durante febrero. Las tem\u00e1ticas abarcan desde las artes musicales hasta procesos colectivos art\u00edsticos financiados por el Ministerio de las Culturas, las Artes y el Patrimonio.<\/p>\n<p style=\"text-align: justify;\">En medio de un ajetreado 2022, se abrieron las postulaciones a la convocatoria para la Gesti\u00f3n Cultural Local (GCL), al que se postul\u00f3 el proyecto \u201cM\u00e1s cultura en mi localidad: programaci\u00f3n cultural para la casa de la Cultura de Tortel\u201d, por parte de la entidad municipal; y el Fondo de Iniciativas Culturales Comunitarias (FICC), saliendo seleccionada la propuesta \u201cArte y bienestar: convergencia con Biodanza\u201d, de la Agrupaci\u00f3n Biodanza.<\/p>\n<p style=\"text-align: justify;\">A trav\u00e9s del programa Red Cultura, ambas entidades en su calidad de garantizar el desarrollo de las comunidades, han puesto en marcha un completo cronograma. En esa l\u00ednea, el Seremi de Culturas Ays\u00e9n, Felipe Quiroz, sostuvo que el programa albergado en la Unidad de Ciudadan\u00eda Cultural de la Secretar\u00eda Regional es esencial para la articulaci\u00f3n del tejido social: \u201ctiene como prop\u00f3sito descentralizar, en este caso, la programaci\u00f3n cultural a trav\u00e9s del fortalecimiento de los ecosistemas que nacen en cada uno de los territorios\u201d.<\/p>\n<p style=\"text-align: justify;\">La autoridad cultural tambi\u00e9n recalc\u00f3 que en esta oportunidad los proyectos \u201cvienen a robustecer un trabajo ya organizado por parte de los agentes locales y que nuestro rol como ministerio es fortalecerlos a trav\u00e9s de financiamiento\u201d.<\/p>\n<p style=\"text-align: justify;\"><strong>Festividades en Tortel<\/strong><\/p>\n<p style=\"text-align: justify;\">En el caso de la programaci\u00f3n para la Casa de la Cultura de Tortel, las actividades se enmarcaron en el Festival de m\u00fasica en Tortel: arte, cultura y naturaleza en la Patagonia, con artistas provenientes de la regi\u00f3n para visibilizar en gran medida a figuras locales, adem\u00e1s de la apertura de nuevos espacios para las sonoridades identitarias con nombres como Sen\u00e9n Cruces, Luciano Auad, Danilo Cruces, el grupo folcl\u00f3rico Alma y Sue\u00f1o, y el conjunto de reggae Rastados.<\/p>\n<p style=\"text-align: justify;\">\u201cHaber tenido una parrilla de m\u00fasica local y regional, durante cuatro d\u00edas, nos permiti\u00f3 reencontrarnos en un espacio en donde todos y todas disfrutaron del talento de los artistas que existen en nuestra regi\u00f3n. Por lo dem\u00e1s tuvimos gran convocatoria tanto de pobladores como de visitantes\u201d, manifest\u00f3 la encargada de la Direcci\u00f3n de Desarrollo Comunitario (DIDECO), Leslie Vargas, reforzando que una oferta cultural de esta envergadura \u201cva en total beneficio para la nuestra comuna, que esperamos se sigan replicando y que a futuro motive a nuestros artistas locales a que expongan su talento en otras comunas vecinas\u201d.<\/p>\n<p style=\"text-align: justify;\"><strong>Converger con biodanza<\/strong><\/p>\n<p style=\"text-align: justify;\">En tanto, la Agrupaci\u00f3n Biodanza, desde el 4 de febrero implementa una metodolog\u00eda personalizada. Para Dalila Urra, representante legal de la organizaci\u00f3n, las expresiones humanas se fusionan en una din\u00e1mica comunicacional en base al co-dise\u00f1o. \u201cEsto quiere decir que hay una preparaci\u00f3n seg\u00fan el grupo al que va dirigido cada exploratorio, adem\u00e1s de la comunicaci\u00f3n en b\u00fasqueda de coherencia entre el dise\u00f1o del lenguaje art\u00edstico y la sesi\u00f3n de biodanza\u201d.<\/p>\n<p style=\"text-align: justify;\">Actualmente, el equipo se encuentra implementado jornadas a personas pertenecientes a la Asociaci\u00f3n de Migrantes Sur y Centro Am\u00e9rica de la Regi\u00f3n de Ays\u00e9n, la Uni\u00f3n Comunal del Adulto Mayor Trapananda Ays\u00e9n, y Diversa Patagonia.<\/p>\n<p style=\"text-align: justify;\">El s\u00e1bado pasado despunt\u00f3 el proyecto con excelente acogida. \u201cAgradecemos profundamente la confianza y el inter\u00e9s demostrado en este primer encuentro del 4 de febrero en Z\u00edngara Coyhaique, donde cada participante realiz\u00f3 una entrega \u00edntima y creativa, siendo el bienestar y disposici\u00f3n, al presente, claves para hacer de ese momento un momento de intensidad expresiva\u201d, agreg\u00f3 Urra. Cabe mencionar que las actividades programadas por la agrupaci\u00f3n continuar\u00e1n el 11 de febrero, en Puerto Ays\u00e9n, y el 4 de marzo en Coyhaique.<\/p>\n<p style=\"text-align: justify;\">A las propuestas mencionadas, se suma bajo financiamiento del Fondo de Iniciativas Culturales Comunitarias, la compra de micr\u00f3fonos, c\u00e1mara HD, cajas de ampliaci\u00f3n, entre otros elementos, por parte de la Agrupaci\u00f3n Malotun Ortiga para presentaciones. Asimismo, Cochrane y Coyhaique, al alero de la convocatoria para la Gesti\u00f3n Cultural Local, est\u00e1n pr\u00f3ximo a comenzar los proyectos \u201cCartelera art\u00edstica del Centro Cultural Cochrane\u201d y \u201cPrimer ciclo de conciertos y muestras art\u00edsticas: cultura para vivir mejor\u201d, instancias que retroalimentar\u00e1n la oferta cultural de Ays\u00e9n este 2023.<\/p>\n<\/div><\/section><\/div><div  style='height:50px' class='hr hr-invisible   avia-builder-el-6  el_after_av_one_full  el_before_av_social_share '><span class='hr-inner ' ><span class='hr-inner-style'><\/span><\/span><\/div><\/p>\n<div  class='av-social-sharing-box  avia-builder-el-7  el_after_av_hr  el_before_av_hr  '><div class='av-share-box'><h5 class='av-share-link-description av-no-toc '>Compartir esta noticia<\/h5><ul class='av-share-box-list noLightbox'><li class='av-share-link av-social-link-facebook' ><a target=\"_blank\" aria-label=\"Compartir en Facebook\" href='https:\/\/www.facebook.com\/sharer.php?u=https:\/\/radiorevelacionfm.cl\/?p=27693&#038;t=Ecosistema%20cultural%20de%20Ays%C3%A9n%20se%20fortalece%20con%20propuestas%20territoriales%20y%20el%20apoyo%20de%20Red%20Cultura' aria-hidden='false' data-av_icon='\ue8f3' data-av_iconfont='entypo-fontello' title='' data-avia-related-tooltip='Compartir en Facebook' rel=\"noopener\"><span class='avia_hidden_link_text'>Compartir en Facebook<\/span><\/a><\/li><li class='av-share-link av-social-link-twitter' ><a target=\"_blank\" aria-label=\"Compartir en Twitter\" href='https:\/\/twitter.com\/share?text=Ecosistema%20cultural%20de%20Ays%C3%A9n%20se%20fortalece%20con%20propuestas%20territoriales%20y%20el%20apoyo%20de%20Red%20Cultura&#038;url=https:\/\/radiorevelacionfm.cl\/?p=27693' aria-hidden='false' data-av_icon='\ue8f1' data-av_iconfont='entypo-fontello' title='' data-avia-related-tooltip='Compartir en Twitter' rel=\"noopener\"><span class='avia_hidden_link_text'>Compartir en Twitter<\/span><\/a><\/li><li class='av-share-link av-social-link-whatsapp' ><a target=\"_blank\" aria-label=\"Compartir en Whatsapp\" href='https:\/\/api.whatsapp.com\/send?text=https:\/\/radiorevelacionfm.cl\/?p=27693' aria-hidden='false' data-av_icon='\uf232' data-av_iconfont='entypo-fontello' title='' data-avia-related-tooltip='Compartir en Whatsapp' rel=\"noopener\"><span class='avia_hidden_link_text'>Compartir en Whatsapp<\/span><\/a><\/li><li class='av-share-link av-social-link-linkedin' ><a target=\"_blank\" aria-label=\"Compartir en LinkedIn\" href='https:\/\/linkedin.com\/shareArticle?mini=true&#038;title=Ecosistema%20cultural%20de%20Ays%C3%A9n%20se%20fortalece%20con%20propuestas%20territoriales%20y%20el%20apoyo%20de%20Red%20Cultura&#038;url=https:\/\/radiorevelacionfm.cl\/?p=27693' aria-hidden='false' data-av_icon='\ue8fc' data-av_iconfont='entypo-fontello' title='' data-avia-related-tooltip='Compartir en LinkedIn' rel=\"noopener\"><span class='avia_hidden_link_text'>Compartir en LinkedIn<\/span><\/a><\/li><li class='av-share-link av-social-link-mail' ><a  aria-label=\"Compartir por correo\" href='mailto:?subject=Ecosistema%20cultural%20de%20Ays%C3%A9n%20se%20fortalece%20con%20propuestas%20territoriales%20y%20el%20apoyo%20de%20Red%20Cultura&#038;body=https:\/\/radiorevelacionfm.cl\/?p=27693' aria-hidden='false' data-av_icon='\ue805' data-av_iconfont='entypo-fontello' title='' data-avia-related-tooltip='Compartir por correo'><span class='avia_hidden_link_text'>Compartir por correo<\/span><\/a><\/li><\/ul><\/div><\/div>\n<div  style='height:50px' class='hr hr-invisible   avia-builder-el-8  el_after_av_social_share  el_before_av_comments_list '><span class='hr-inner ' ><span class='hr-inner-style'><\/span><\/span><\/div>\n<div  class='av-buildercomment  av-blog-meta-html-info-disabled av-blog-meta-tag-disabled  '><\/div>\n","protected":false},"excerpt":{"rendered":"","protected":false},"author":1,"featured_media":27694,"comment_status":"open","ping_status":"open","sticky":false,"template":"","format":"standard","meta":{"footnotes":""},"categories":[52],"tags":[],"class_list":["post-27693","post","type-post","status-publish","format-standard","has-post-thumbnail","hentry","category-cultura"],"jetpack_featured_media_url":"https:\/\/radiorevelacionfm.cl\/wp-content\/uploads\/2023\/02\/Convergencia-Biodanza-Foto-2-1-1-1.jpeg","_links":{"self":[{"href":"https:\/\/radiorevelacionfm.cl\/index.php?rest_route=\/wp\/v2\/posts\/27693","targetHints":{"allow":["GET"]}}],"collection":[{"href":"https:\/\/radiorevelacionfm.cl\/index.php?rest_route=\/wp\/v2\/posts"}],"about":[{"href":"https:\/\/radiorevelacionfm.cl\/index.php?rest_route=\/wp\/v2\/types\/post"}],"author":[{"embeddable":true,"href":"https:\/\/radiorevelacionfm.cl\/index.php?rest_route=\/wp\/v2\/users\/1"}],"replies":[{"embeddable":true,"href":"https:\/\/radiorevelacionfm.cl\/index.php?rest_route=%2Fwp%2Fv2%2Fcomments&post=27693"}],"version-history":[{"count":2,"href":"https:\/\/radiorevelacionfm.cl\/index.php?rest_route=\/wp\/v2\/posts\/27693\/revisions"}],"predecessor-version":[{"id":27714,"href":"https:\/\/radiorevelacionfm.cl\/index.php?rest_route=\/wp\/v2\/posts\/27693\/revisions\/27714"}],"wp:featuredmedia":[{"embeddable":true,"href":"https:\/\/radiorevelacionfm.cl\/index.php?rest_route=\/wp\/v2\/media\/27694"}],"wp:attachment":[{"href":"https:\/\/radiorevelacionfm.cl\/index.php?rest_route=%2Fwp%2Fv2%2Fmedia&parent=27693"}],"wp:term":[{"taxonomy":"category","embeddable":true,"href":"https:\/\/radiorevelacionfm.cl\/index.php?rest_route=%2Fwp%2Fv2%2Fcategories&post=27693"},{"taxonomy":"post_tag","embeddable":true,"href":"https:\/\/radiorevelacionfm.cl\/index.php?rest_route=%2Fwp%2Fv2%2Ftags&post=27693"}],"curies":[{"name":"wp","href":"https:\/\/api.w.org\/{rel}","templated":true}]}}