{"id":27690,"date":"2023-02-11T12:19:19","date_gmt":"2023-02-11T15:19:19","guid":{"rendered":"https:\/\/radiorevelacionfm.cl\/?p=27690"},"modified":"2023-02-11T12:19:19","modified_gmt":"2023-02-11T15:19:19","slug":"proyecto-mini-central-los-maquis-completa-segunda-etapa-de-participacion-ciudadana-anticipada-en-puerto-guadal","status":"publish","type":"post","link":"https:\/\/radiorevelacionfm.cl\/?p=27690","title":{"rendered":"Proyecto Mini Central Los Maquis completa segunda etapa de Participaci\u00f3n Ciudadana Anticipada en Puerto Guadal"},"content":{"rendered":"<div class=\"flex_column av_one_full  flex_column_div av-zero-column-padding first  avia-builder-el-0  el_before_av_one_full  avia-builder-el-first  \" style='border-radius:0px; '><div  class='avia-image-container  av-styling-    avia-builder-el-1  avia-builder-el-no-sibling  avia-align-center '  itemprop=\"image\" itemscope=\"itemscope\" itemtype=\"https:\/\/schema.org\/ImageObject\"  ><div class='avia-image-container-inner'><div class='avia-image-overlay-wrap'><img decoding=\"async\" class='wp-image-27691 avia-img-lazy-loading-not-27691 avia_image' src=\"https:\/\/radiorevelacionfm.cl\/wp-content\/uploads\/2023\/02\/los-maquis_02-1_optimized.jpg\" alt='' title='los-maquis_02-(1)_optimized' height=\"600\" width=\"960\"  itemprop=\"thumbnailUrl\" srcset=\"https:\/\/radiorevelacionfm.cl\/wp-content\/uploads\/2023\/02\/los-maquis_02-1_optimized.jpg 960w, https:\/\/radiorevelacionfm.cl\/wp-content\/uploads\/2023\/02\/los-maquis_02-1_optimized-300x188.jpg 300w, https:\/\/radiorevelacionfm.cl\/wp-content\/uploads\/2023\/02\/los-maquis_02-1_optimized-768x480.jpg 768w, https:\/\/radiorevelacionfm.cl\/wp-content\/uploads\/2023\/02\/los-maquis_02-1_optimized-705x441.jpg 705w, https:\/\/radiorevelacionfm.cl\/wp-content\/uploads\/2023\/02\/los-maquis_02-1_optimized-600x375.jpg 600w\" sizes=\"(max-width: 960px) 100vw, 960px\" \/><\/div><\/div><\/div><\/div>\n<div class=\"flex_column av_one_full  flex_column_div av-zero-column-padding first  avia-builder-el-2  el_after_av_one_full  el_before_av_one_full  column-top-margin\" style='border-radius:0px; '><section class=\"av_textblock_section \"  itemscope=\"itemscope\" itemtype=\"https:\/\/schema.org\/BlogPosting\" itemprop=\"blogPost\" ><div class='avia_textblock  '   itemprop=\"text\" ><p style=\"text-align: center;\"><strong><span style=\"font-size: 18pt;\">Proyecto Mini Central Los Maquis completa segunda etapa de Participaci\u00f3n Ciudadana Anticipada en Puerto Guadal<\/span><\/strong><\/p>\n<div id=\"gtx-trans\" style=\"position: absolute; left: -50px; top: 4.31534px;\">\n<div class=\"gtx-trans-icon\"><\/div>\n<\/div>\n<\/div><\/section><\/div><div class=\"flex_column av_one_full  flex_column_div av-zero-column-padding first  avia-builder-el-4  el_after_av_one_full  el_before_av_hr  column-top-margin\" style='border-radius:0px; '><section class=\"av_textblock_section \"  itemscope=\"itemscope\" itemtype=\"https:\/\/schema.org\/BlogPosting\" itemprop=\"blogPost\" ><div class='avia_textblock  '   itemprop=\"text\" ><p style=\"text-align: justify;\">El proyecto \u201cMini Central Hidroel\u00e9ctrica de pasada Los Maquis\u201d de EDELAYSEN, desarroll\u00f3 durante enero la segunda campa\u00f1a de su Proceso de Participaci\u00f3n Ciudadana Anticipada (PACA) para informar de manera completa y directa a la comunidad de Puerto Guadal y sectores aleda\u00f1os respecto al estado actual del proyecto y avance de los estudios de l\u00ednea base, escuchar las inquietudes de vecinos y vecinas del sector y lograr acuerdos previos a su ingreso al Sistema de Evaluaci\u00f3n de Impacto Ambiental.<\/p>\n<p style=\"text-align: justify;\">Durante el mes de noviembre 2022 se desarroll\u00f3 la primera campa\u00f1a, alcanzando participaci\u00f3n de 49 personas y un total de 10 reuniones con vecinos, dirigentes y organizaciones sociales de Puerto Guadal, incluyendo una reuni\u00f3n con el alcalde de Chile Chico, Luperciano Mu\u00f1oz y concejales de la comuna.<\/p>\n<p style=\"text-align: justify;\">La segunda etapa, desarrollada en enero, consider\u00f3 reuniones informativas para quienes no pudieron participar en la primera campa\u00f1a, comenzando con dirigentes de agrupaciones con presencia a nivel regional, como la Corporaci\u00f3n Privada para el Desarrollo de Ays\u00e9n (CODESA) y Ays\u00e9n Reserva de Vida. Quienes no son parte de organizaciones sociales tambi\u00e9n tuvieron un espacio para participar de estas instancias de conversaci\u00f3n, a trav\u00e9s de una reuni\u00f3n ampliada desarrollada de forma presencial en la Casa de la Cultura.<\/p>\n<p style=\"text-align: justify;\"><u>CONSTITUCI\u00d3N DE MESAS DE TRABAJO <\/u><\/p>\n<p style=\"text-align: justify;\">En una \u00faltima instancia, como parte de la segunda campa\u00f1a de PACA, se desarroll\u00f3 una reuni\u00f3n ampliada en la que se acord\u00f3 la forma de trabajo para abordar los diferentes temas del proyecto, estableciendo mesas de trabajo en 3 temas espec\u00edficos: mesa terminaciones del proyecto, paisaje y turismo, mesa temas ambientales y patrimonio sociocultural y mesa inversi\u00f3n social. Durante la reuni\u00f3n quedaron inscritos varios participantes para las diferentes mesas de trabajo, y se comunicar\u00e1 oportunamente el proceso para inscribir nuevos integrantes que podr\u00e1n sumarse al trabajo que se realizar\u00e1 con las mesas definidas en los meses de marzo y abril.<\/p>\n<p style=\"text-align: justify;\"><u>ESTADO ACTUAL DEL PROYECTO<\/u><\/p>\n<p style=\"text-align: justify;\">Recientemente el Tribunal Ambiental de Valdivia se pronunci\u00f3 ante la reclamaci\u00f3n realizada contra la resoluci\u00f3n de la Superintendencia del Medio Ambiente (SMA), que en 2022 determin\u00f3 que la \u201cCentral Hidroel\u00e9ctrica Los Maquis\u201d deb\u00eda ingresar al Sistema de Evaluaci\u00f3n Ambiental, m\u00e1s no incurri\u00f3 en un proceso sancionatorio contra el proyecto. El gerente del proyecto, Alejandro G\u00f3mez, valora que, ante las reclamaciones por esta decisi\u00f3n, el Tribunal Ambiental haya reconocido competencia y discrecionalidad a la SMA, solicitando solo una mayor justificaci\u00f3n de las razones que la llevaron a requerir el ingreso del proyecto al Sistema de Evaluaci\u00f3n Ambiental y no incurrir en una sanci\u00f3n.<\/p>\n<p style=\"text-align: justify;\">Recordemos que el proyecto termin\u00f3 su construcci\u00f3n y fase de pruebas a comienzos del a\u00f1o 2022, quedando pendientes s\u00f3lo obras de urbanizaci\u00f3n y paisajismo, etapas que se completaron conforme a las resoluciones y permisos vigentes hasta esa fecha. S\u00f3lo en mayo de 2022 el Servicio de Evaluaci\u00f3n Ambiental (SEA) emiti\u00f3 un informe donde concluy\u00f3 que el proyecto deb\u00eda ingresar al Sistema de Evaluaci\u00f3n de Impacto Ambiental (SEIA), momento a partir del cual EDELAYSEN interrumpi\u00f3 el proceso de marcha blanca de la central, paralizando todas sus actividades, a la espera de la resoluci\u00f3n de la Superintendencia de Medio Ambiente, que finalmente confirm\u00f3 que el proyecto deb\u00eda ingresar al SEIA. \u00a0Tras la resoluci\u00f3n de la Superintendencia de Medio Ambiente, la empresa inform\u00f3 el plan de trabajo para la evaluaci\u00f3n ambiental, el cual fue aprobado por este organismo en agosto de 2022.<\/p>\n<\/div><\/section><\/div><\/p>\n<div  style='height:50px' class='hr hr-invisible   avia-builder-el-6  el_after_av_one_full  el_before_av_social_share '><span class='hr-inner ' ><span class='hr-inner-style'><\/span><\/span><\/div>\n<div  class='av-social-sharing-box  avia-builder-el-7  el_after_av_hr  el_before_av_hr  '><div class='av-share-box'><h5 class='av-share-link-description av-no-toc '>Compartir esta noticia<\/h5><ul class='av-share-box-list noLightbox'><li class='av-share-link av-social-link-facebook' ><a target=\"_blank\" aria-label=\"Compartir en Facebook\" href='https:\/\/www.facebook.com\/sharer.php?u=https:\/\/radiorevelacionfm.cl\/?p=27690&#038;t=Proyecto%20Mini%20Central%20Los%20Maquis%20completa%20segunda%20etapa%20de%20Participaci%C3%B3n%20Ciudadana%20Anticipada%20en%20Puerto%20Guadal' aria-hidden='false' data-av_icon='\ue8f3' data-av_iconfont='entypo-fontello' title='' data-avia-related-tooltip='Compartir en Facebook' rel=\"noopener\"><span class='avia_hidden_link_text'>Compartir en Facebook<\/span><\/a><\/li><li class='av-share-link av-social-link-twitter' ><a target=\"_blank\" aria-label=\"Compartir en Twitter\" href='https:\/\/twitter.com\/share?text=Proyecto%20Mini%20Central%20Los%20Maquis%20completa%20segunda%20etapa%20de%20Participaci%C3%B3n%20Ciudadana%20Anticipada%20en%20Puerto%20Guadal&#038;url=https:\/\/radiorevelacionfm.cl\/?p=27690' aria-hidden='false' data-av_icon='\ue8f1' data-av_iconfont='entypo-fontello' title='' data-avia-related-tooltip='Compartir en Twitter' rel=\"noopener\"><span class='avia_hidden_link_text'>Compartir en Twitter<\/span><\/a><\/li><li class='av-share-link av-social-link-whatsapp' ><a target=\"_blank\" aria-label=\"Compartir en Whatsapp\" href='https:\/\/api.whatsapp.com\/send?text=https:\/\/radiorevelacionfm.cl\/?p=27690' aria-hidden='false' data-av_icon='\uf232' data-av_iconfont='entypo-fontello' title='' data-avia-related-tooltip='Compartir en Whatsapp' rel=\"noopener\"><span class='avia_hidden_link_text'>Compartir en Whatsapp<\/span><\/a><\/li><li class='av-share-link av-social-link-linkedin' ><a target=\"_blank\" aria-label=\"Compartir en LinkedIn\" href='https:\/\/linkedin.com\/shareArticle?mini=true&#038;title=Proyecto%20Mini%20Central%20Los%20Maquis%20completa%20segunda%20etapa%20de%20Participaci%C3%B3n%20Ciudadana%20Anticipada%20en%20Puerto%20Guadal&#038;url=https:\/\/radiorevelacionfm.cl\/?p=27690' aria-hidden='false' data-av_icon='\ue8fc' data-av_iconfont='entypo-fontello' title='' data-avia-related-tooltip='Compartir en LinkedIn' rel=\"noopener\"><span class='avia_hidden_link_text'>Compartir en LinkedIn<\/span><\/a><\/li><li class='av-share-link av-social-link-mail' ><a  aria-label=\"Compartir por correo\" href='mailto:?subject=Proyecto%20Mini%20Central%20Los%20Maquis%20completa%20segunda%20etapa%20de%20Participaci%C3%B3n%20Ciudadana%20Anticipada%20en%20Puerto%20Guadal&#038;body=https:\/\/radiorevelacionfm.cl\/?p=27690' aria-hidden='false' data-av_icon='\ue805' data-av_iconfont='entypo-fontello' title='' data-avia-related-tooltip='Compartir por correo'><span class='avia_hidden_link_text'>Compartir por correo<\/span><\/a><\/li><\/ul><\/div><\/div>\n<div  style='height:50px' class='hr hr-invisible   avia-builder-el-8  el_after_av_social_share  el_before_av_comments_list '><span class='hr-inner ' ><span class='hr-inner-style'><\/span><\/span><\/div>\n<div  class='av-buildercomment  av-blog-meta-html-info-disabled av-blog-meta-tag-disabled  '><\/div>\n","protected":false},"excerpt":{"rendered":"","protected":false},"author":1,"featured_media":27691,"comment_status":"open","ping_status":"open","sticky":false,"template":"","format":"standard","meta":{"footnotes":""},"categories":[39],"tags":[],"class_list":["post-27690","post","type-post","status-publish","format-standard","has-post-thumbnail","hentry","category-medio-ambiente"],"jetpack_featured_media_url":"https:\/\/radiorevelacionfm.cl\/wp-content\/uploads\/2023\/02\/los-maquis_02-1_optimized.jpg","_links":{"self":[{"href":"https:\/\/radiorevelacionfm.cl\/index.php?rest_route=\/wp\/v2\/posts\/27690","targetHints":{"allow":["GET"]}}],"collection":[{"href":"https:\/\/radiorevelacionfm.cl\/index.php?rest_route=\/wp\/v2\/posts"}],"about":[{"href":"https:\/\/radiorevelacionfm.cl\/index.php?rest_route=\/wp\/v2\/types\/post"}],"author":[{"embeddable":true,"href":"https:\/\/radiorevelacionfm.cl\/index.php?rest_route=\/wp\/v2\/users\/1"}],"replies":[{"embeddable":true,"href":"https:\/\/radiorevelacionfm.cl\/index.php?rest_route=%2Fwp%2Fv2%2Fcomments&post=27690"}],"version-history":[{"count":3,"href":"https:\/\/radiorevelacionfm.cl\/index.php?rest_route=\/wp\/v2\/posts\/27690\/revisions"}],"predecessor-version":[{"id":27757,"href":"https:\/\/radiorevelacionfm.cl\/index.php?rest_route=\/wp\/v2\/posts\/27690\/revisions\/27757"}],"wp:featuredmedia":[{"embeddable":true,"href":"https:\/\/radiorevelacionfm.cl\/index.php?rest_route=\/wp\/v2\/media\/27691"}],"wp:attachment":[{"href":"https:\/\/radiorevelacionfm.cl\/index.php?rest_route=%2Fwp%2Fv2%2Fmedia&parent=27690"}],"wp:term":[{"taxonomy":"category","embeddable":true,"href":"https:\/\/radiorevelacionfm.cl\/index.php?rest_route=%2Fwp%2Fv2%2Fcategories&post=27690"},{"taxonomy":"post_tag","embeddable":true,"href":"https:\/\/radiorevelacionfm.cl\/index.php?rest_route=%2Fwp%2Fv2%2Ftags&post=27690"}],"curies":[{"name":"wp","href":"https:\/\/api.w.org\/{rel}","templated":true}]}}