{"id":27686,"date":"2023-02-09T17:16:42","date_gmt":"2023-02-09T20:16:42","guid":{"rendered":"https:\/\/radiorevelacionfm.cl\/?p=27686"},"modified":"2023-02-09T17:16:42","modified_gmt":"2023-02-09T20:16:42","slug":"por-falta-de-recursos-para-adquirir-petroleo-restringen-energia-electrica-en-guaitecas","status":"publish","type":"post","link":"https:\/\/radiorevelacionfm.cl\/?p=27686","title":{"rendered":"Por falta de recursos para adquirir petr\u00f3leo restringen energ\u00eda el\u00e9ctrica en Guaitecas"},"content":{"rendered":"<div class=\"flex_column av_one_full  flex_column_div av-zero-column-padding first  avia-builder-el-0  el_before_av_one_full  avia-builder-el-first  \" style='border-radius:0px; '><div  class='avia-image-container  av-styling-    avia-builder-el-1  avia-builder-el-no-sibling  avia-align-center '  itemprop=\"image\" itemscope=\"itemscope\" itemtype=\"https:\/\/schema.org\/ImageObject\"  ><div class='avia-image-container-inner'><div class='avia-image-overlay-wrap'><img decoding=\"async\" class='wp-image-27687 avia-img-lazy-loading-not-27687 avia_image' src=\"https:\/\/radiorevelacionfm.cl\/wp-content\/uploads\/2023\/02\/melinka-guaitecas_optimized.jpg\" alt='' title='melinka-guaitecas_optimized' height=\"600\" width=\"800\"  itemprop=\"thumbnailUrl\" srcset=\"https:\/\/radiorevelacionfm.cl\/wp-content\/uploads\/2023\/02\/melinka-guaitecas_optimized.jpg 800w, https:\/\/radiorevelacionfm.cl\/wp-content\/uploads\/2023\/02\/melinka-guaitecas_optimized-300x225.jpg 300w, https:\/\/radiorevelacionfm.cl\/wp-content\/uploads\/2023\/02\/melinka-guaitecas_optimized-768x576.jpg 768w, https:\/\/radiorevelacionfm.cl\/wp-content\/uploads\/2023\/02\/melinka-guaitecas_optimized-705x529.jpg 705w, https:\/\/radiorevelacionfm.cl\/wp-content\/uploads\/2023\/02\/melinka-guaitecas_optimized-600x450.jpg 600w\" sizes=\"(max-width: 800px) 100vw, 800px\" \/><\/div><\/div><\/div><\/div><div class=\"flex_column av_one_full  flex_column_div av-zero-column-padding first  avia-builder-el-2  el_after_av_one_full  el_before_av_one_full  column-top-margin\" style='border-radius:0px; '><section class=\"av_textblock_section \"  itemscope=\"itemscope\" itemtype=\"https:\/\/schema.org\/BlogPosting\" itemprop=\"blogPost\" ><div class='avia_textblock  '   itemprop=\"text\" ><p style=\"text-align: center;\"><strong><span style=\"font-size: 18pt;\">Por falta de recursos para adquirir petr\u00f3leo restringen energ\u00eda el\u00e9ctrica en Guaitecas <\/span><\/strong><\/p>\n<div id=\"gtx-trans\" style=\"position: absolute; left: -50px; top: 4.31534px;\">\n<div class=\"gtx-trans-icon\"><\/div>\n<\/div>\n<\/div><\/section><\/div><div class=\"flex_column av_one_full  flex_column_div av-zero-column-padding first  avia-builder-el-4  el_after_av_one_full  el_before_av_hr  column-top-margin\" style='border-radius:0px; '><section class=\"av_textblock_section \"  itemscope=\"itemscope\" itemtype=\"https:\/\/schema.org\/BlogPosting\" itemprop=\"blogPost\" ><div class='avia_textblock  '   itemprop=\"text\" ><p style=\"text-align: justify;\">Una vez m\u00e1s la localidad de Melinka se enfrenta al problema de abastecimiento de petr\u00f3leo para poder proveer de luz a sus habitantes. Por lo que la Planta el\u00e9ctrica municipal ha tomado la determinaci\u00f3n de restringir el suministro durante las madrugadas, medida que se prolongar\u00e1 hasta que el flujo de caja o recursos de emergencia permitan adquirir petr\u00f3leo.<\/p>\n<p style=\"text-align: justify;\">La medida se comenz\u00f3 a implementar este mi\u00e9rcoles, desde las 3 de la madrugada a las 8 de la ma\u00f1ana, como una forma de ahorrar combustible y mantener el servicio durante el d\u00eda y parte importante de la noche.<\/p>\n<p style=\"text-align: justify;\">Marcos Silva, alcalde de la comuna de Guaitecas, explic\u00f3 que la falta de recursos para adquirir el petr\u00f3leo se genera porque a\u00fan desde el Gobierno Regional no se transfieren la totalidad de los dineros correspondientes al subsidio del a\u00f1o 2022, por ello solicitan el remanente o bien otros dineros asignados por la v\u00eda de emergencia.<\/p>\n<p style=\"text-align: justify;\">Los retrasos con la asignaci\u00f3n del subsidio el\u00e9ctrico son habituales, pues el proceso de revisi\u00f3n de antecedentes lo desarrolla a nivel nacional la Subsecretar\u00eda de Energ\u00eda, para posteriormente pasar a revisi\u00f3n y aprobaci\u00f3n del Consejo Regional. Buscando anteponerse a esta situaci\u00f3n, el alcalde Marcos Silva se\u00f1al\u00f3 que ya enviaron los antecedentes correspondientes a 2023 para revisi\u00f3n.<\/p>\n<p style=\"text-align: justify;\">La situaci\u00f3n es cr\u00edtica y desde el municipio proyectan que podr\u00e1n contar con energ\u00eda el\u00e9ctrica solo por hoy.<\/p>\n<p style=\"text-align: justify;\">Desde el municipio est\u00e1n agotando todas las gestiones para poder reunir los recursos que les permitan adquirir petr\u00f3leo y mantener el suministro el\u00e9ctrico, incluso han solicitado ayuda a organismos privados, quienes en ocasiones anteriores han aportado para subsanar este tipo de contingencias.<\/p>\n<\/div><\/section><\/div><div  style='height:50px' class='hr hr-invisible   avia-builder-el-6  el_after_av_one_full  el_before_av_social_share '><span class='hr-inner ' ><span class='hr-inner-style'><\/span><\/span><\/div><\/p>\n<div  class='av-social-sharing-box  avia-builder-el-7  el_after_av_hr  el_before_av_hr  '><div class='av-share-box'><h5 class='av-share-link-description av-no-toc '>Compartir esta noticia<\/h5><ul class='av-share-box-list noLightbox'><li class='av-share-link av-social-link-facebook' ><a target=\"_blank\" aria-label=\"Compartir en Facebook\" href='https:\/\/www.facebook.com\/sharer.php?u=https:\/\/radiorevelacionfm.cl\/?p=27686&#038;t=Por%20falta%20de%20recursos%20para%20adquirir%20petr%C3%B3leo%20restringen%20energ%C3%ADa%20el%C3%A9ctrica%20en%20Guaitecas' aria-hidden='false' data-av_icon='\ue8f3' data-av_iconfont='entypo-fontello' title='' data-avia-related-tooltip='Compartir en Facebook' rel=\"noopener\"><span class='avia_hidden_link_text'>Compartir en Facebook<\/span><\/a><\/li><li class='av-share-link av-social-link-twitter' ><a target=\"_blank\" aria-label=\"Compartir en Twitter\" href='https:\/\/twitter.com\/share?text=Por%20falta%20de%20recursos%20para%20adquirir%20petr%C3%B3leo%20restringen%20energ%C3%ADa%20el%C3%A9ctrica%20en%20Guaitecas&#038;url=https:\/\/radiorevelacionfm.cl\/?p=27686' aria-hidden='false' data-av_icon='\ue8f1' data-av_iconfont='entypo-fontello' title='' data-avia-related-tooltip='Compartir en Twitter' rel=\"noopener\"><span class='avia_hidden_link_text'>Compartir en Twitter<\/span><\/a><\/li><li class='av-share-link av-social-link-whatsapp' ><a target=\"_blank\" aria-label=\"Compartir en Whatsapp\" href='https:\/\/api.whatsapp.com\/send?text=https:\/\/radiorevelacionfm.cl\/?p=27686' aria-hidden='false' data-av_icon='\uf232' data-av_iconfont='entypo-fontello' title='' data-avia-related-tooltip='Compartir en Whatsapp' rel=\"noopener\"><span class='avia_hidden_link_text'>Compartir en Whatsapp<\/span><\/a><\/li><li class='av-share-link av-social-link-linkedin' ><a target=\"_blank\" aria-label=\"Compartir en LinkedIn\" href='https:\/\/linkedin.com\/shareArticle?mini=true&#038;title=Por%20falta%20de%20recursos%20para%20adquirir%20petr%C3%B3leo%20restringen%20energ%C3%ADa%20el%C3%A9ctrica%20en%20Guaitecas&#038;url=https:\/\/radiorevelacionfm.cl\/?p=27686' aria-hidden='false' data-av_icon='\ue8fc' data-av_iconfont='entypo-fontello' title='' data-avia-related-tooltip='Compartir en LinkedIn' rel=\"noopener\"><span class='avia_hidden_link_text'>Compartir en LinkedIn<\/span><\/a><\/li><li class='av-share-link av-social-link-mail' ><a  aria-label=\"Compartir por correo\" href='mailto:?subject=Por%20falta%20de%20recursos%20para%20adquirir%20petr%C3%B3leo%20restringen%20energ%C3%ADa%20el%C3%A9ctrica%20en%20Guaitecas&#038;body=https:\/\/radiorevelacionfm.cl\/?p=27686' aria-hidden='false' data-av_icon='\ue805' data-av_iconfont='entypo-fontello' title='' data-avia-related-tooltip='Compartir por correo'><span class='avia_hidden_link_text'>Compartir por correo<\/span><\/a><\/li><\/ul><\/div><\/div>\n<div  style='height:50px' class='hr hr-invisible   avia-builder-el-8  el_after_av_social_share  el_before_av_comments_list '><span class='hr-inner ' ><span class='hr-inner-style'><\/span><\/span><\/div>\n<div  class='av-buildercomment  av-blog-meta-html-info-disabled av-blog-meta-tag-disabled  '><\/div>\n","protected":false},"excerpt":{"rendered":"","protected":false},"author":1,"featured_media":27687,"comment_status":"open","ping_status":"open","sticky":false,"template":"","format":"standard","meta":{"footnotes":""},"categories":[38],"tags":[],"class_list":["post-27686","post","type-post","status-publish","format-standard","has-post-thumbnail","hentry","category-regional"],"jetpack_featured_media_url":"https:\/\/radiorevelacionfm.cl\/wp-content\/uploads\/2023\/02\/melinka-guaitecas_optimized.jpg","_links":{"self":[{"href":"https:\/\/radiorevelacionfm.cl\/index.php?rest_route=\/wp\/v2\/posts\/27686","targetHints":{"allow":["GET"]}}],"collection":[{"href":"https:\/\/radiorevelacionfm.cl\/index.php?rest_route=\/wp\/v2\/posts"}],"about":[{"href":"https:\/\/radiorevelacionfm.cl\/index.php?rest_route=\/wp\/v2\/types\/post"}],"author":[{"embeddable":true,"href":"https:\/\/radiorevelacionfm.cl\/index.php?rest_route=\/wp\/v2\/users\/1"}],"replies":[{"embeddable":true,"href":"https:\/\/radiorevelacionfm.cl\/index.php?rest_route=%2Fwp%2Fv2%2Fcomments&post=27686"}],"version-history":[{"count":2,"href":"https:\/\/radiorevelacionfm.cl\/index.php?rest_route=\/wp\/v2\/posts\/27686\/revisions"}],"predecessor-version":[{"id":27689,"href":"https:\/\/radiorevelacionfm.cl\/index.php?rest_route=\/wp\/v2\/posts\/27686\/revisions\/27689"}],"wp:featuredmedia":[{"embeddable":true,"href":"https:\/\/radiorevelacionfm.cl\/index.php?rest_route=\/wp\/v2\/media\/27687"}],"wp:attachment":[{"href":"https:\/\/radiorevelacionfm.cl\/index.php?rest_route=%2Fwp%2Fv2%2Fmedia&parent=27686"}],"wp:term":[{"taxonomy":"category","embeddable":true,"href":"https:\/\/radiorevelacionfm.cl\/index.php?rest_route=%2Fwp%2Fv2%2Fcategories&post=27686"},{"taxonomy":"post_tag","embeddable":true,"href":"https:\/\/radiorevelacionfm.cl\/index.php?rest_route=%2Fwp%2Fv2%2Ftags&post=27686"}],"curies":[{"name":"wp","href":"https:\/\/api.w.org\/{rel}","templated":true}]}}