{"id":27679,"date":"2023-02-10T09:39:21","date_gmt":"2023-02-10T12:39:21","guid":{"rendered":"https:\/\/radiorevelacionfm.cl\/?p=27679"},"modified":"2023-02-10T09:39:21","modified_gmt":"2023-02-10T12:39:21","slug":"sma-inicia-acciones-para-establecer-si-proceden-sanciones-contra-minera-southern-gold-por-prospecciones-ilegales","status":"publish","type":"post","link":"https:\/\/radiorevelacionfm.cl\/?p=27679","title":{"rendered":"SMA inicia acciones para establecer si proceden sanciones contra minera Southern Gold por prospecciones ilegales"},"content":{"rendered":"<div class=\"flex_column av_one_full  flex_column_div av-zero-column-padding first  avia-builder-el-0  el_before_av_one_full  avia-builder-el-first  \" style='border-radius:0px; '><div  class='avia-image-container  av-styling-    avia-builder-el-1  avia-builder-el-no-sibling  avia-align-center '  itemprop=\"image\" itemscope=\"itemscope\" itemtype=\"https:\/\/schema.org\/ImageObject\"  ><div class='avia-image-container-inner'><div class='avia-image-overlay-wrap'><img decoding=\"async\" class='wp-image-27681 avia-img-lazy-loading-not-27681 avia_image' src=\"https:\/\/radiorevelacionfm.cl\/wp-content\/uploads\/2023\/02\/Los-Domos_1024x683-1-1.jpg\" alt='' title='Los-Domos_1024x683 (1) (1)' height=\"600\" width=\"900\"  itemprop=\"thumbnailUrl\" srcset=\"https:\/\/radiorevelacionfm.cl\/wp-content\/uploads\/2023\/02\/Los-Domos_1024x683-1-1.jpg 900w, https:\/\/radiorevelacionfm.cl\/wp-content\/uploads\/2023\/02\/Los-Domos_1024x683-1-1-300x200.jpg 300w, https:\/\/radiorevelacionfm.cl\/wp-content\/uploads\/2023\/02\/Los-Domos_1024x683-1-1-768x512.jpg 768w, https:\/\/radiorevelacionfm.cl\/wp-content\/uploads\/2023\/02\/Los-Domos_1024x683-1-1-705x470.jpg 705w, https:\/\/radiorevelacionfm.cl\/wp-content\/uploads\/2023\/02\/Los-Domos_1024x683-1-1-600x400.jpg 600w\" sizes=\"(max-width: 900px) 100vw, 900px\" \/><\/div><\/div><\/div><\/div><div class=\"flex_column av_one_full  flex_column_div av-zero-column-padding first  avia-builder-el-2  el_after_av_one_full  el_before_av_one_full  column-top-margin\" style='border-radius:0px; '><section class=\"av_textblock_section \"  itemscope=\"itemscope\" itemtype=\"https:\/\/schema.org\/BlogPosting\" itemprop=\"blogPost\" ><div class='avia_textblock  '   itemprop=\"text\" ><p style=\"text-align: center;\"><span style=\"font-size: 18pt;\"><b><span lang=\"ES\">SMA inicia acciones para establecer si proceden sanciones contra minera Southern Gold por prospecciones ilegales<\/span><\/b><\/span><\/p>\n<div id=\"gtx-trans\" style=\"position: absolute; left: -50px; top: 4.31534px;\">\n<div class=\"gtx-trans-icon\"><\/div>\n<\/div>\n<\/div><\/section><\/div><div class=\"flex_column av_one_full  flex_column_div av-zero-column-padding first  avia-builder-el-4  el_after_av_one_full  el_before_av_hr  column-top-margin\" style='border-radius:0px; '><section class=\"av_textblock_section \"  itemscope=\"itemscope\" itemtype=\"https:\/\/schema.org\/BlogPosting\" itemprop=\"blogPost\" ><div class='avia_textblock  '   itemprop=\"text\" ><p class=\"v1gmail-MsoListParagraphCxSpFirst\" style=\"text-align: justify;\"><span lang=\"ES\">Faenas se emplazan en sector Los Domos, aleda\u00f1o al Parque Nacional Patagonia. El fundamento es haber operado 23 <\/span><span lang=\"X-NONE\">plataformas, cuando el m\u00e1ximo es de 20 sin evaluaci\u00f3n ambiental. Y tambi\u00e9n por estar \u00e9stas en un \u00e1rea puesta bajo protecci\u00f3n oficial como es el Sitio Prioritario para la Conservaci\u00f3n de la Biodiversidad Estepa Jeinimeni\/Lagunas de Bah\u00eda Jara.<\/span><\/p>\n<p class=\"v1gmail-MsoListParagraphCxSpLast\" style=\"text-align: justify;\"><span lang=\"ES\">Equus Mining es la compa\u00f1<\/span><span lang=\"X-NONE\">\u00eda minera que realiz\u00f3 un intenso lobby para la redelimitaci\u00f3n del Parque Patagonia, como una forma de dejar sus pertenencias mineras fuera de la nueva \u00e1rea silvestre protegida. Algo que el segundo gobierno de Sebasti\u00e1n Pi\u00f1era concret\u00f3.<\/span><\/p>\n<p class=\"v1MsoNormal\" style=\"text-align: justify;\"><span lang=\"ES\">Mediante Resoluci<\/span><span lang=\"X-NONE\">\u00f3n Exenta 84 del 18 de enero, la\u00a0<\/span><span lang=\"ES\">Superintendencia del Medio Ambiente (SMA) instruy<\/span><span lang=\"X-NONE\">\u00f3 al Departamento de Sanci\u00f3n y Cumplimiento evaluar si existen antecedentes suficientes para iniciar un procedimiento sancionatorio en contra de la minera \u00abSouthern Gold\u00bb (controlada por la australiana Equus Mining) bajo la causal de elusi\u00f3n del Sistema de Evaluaci\u00f3n de Impacto Ambiental (SEIA). Esto, a ra\u00edz de haber superado las 20 plataformas de prospecci\u00f3n en el \u00e1rea de Los Domos (llegaron a 23), sector aleda\u00f1o al Parque Nacional Patagonia, sin haberse sometido a evaluaci\u00f3n ambiental, como establece la normativa vigente. La segunda causal es que dichas faenas se emplazan al interior del Sitio Prioritario para la Conservaci\u00f3n de la Biodiversidad Estepa Jeinimeni\/Lagunas de Bah\u00eda Jara, que es un \u00e1rea bajo protecci\u00f3n oficial.<\/span><\/p>\n<p class=\"v1MsoNormal\" style=\"text-align: justify;\"><span lang=\"X-NONE\">Los trabajos fueron realizados por \u00abSouthern Gold\u00bb en campa\u00f1as materializadas entre 2017 y 2019, y ya desde ese \u00e9poca la Agrupaci\u00f3n Ais\u00e9n Reserva de Vida y la Corporaci\u00f3n Privada para el Desarrollo de Ays\u00e9n (CODESA), con patrocinio del abogado Rodrigo Meneses del estudio LAWen y apoyo de ONG FIMA, vienen denunciando tanto tal irregularidad como el lobby que la minera realiz\u00f3 para redelimitar el Parque Patagonia, como una forma de dejar sus pertenencias mineras fuera de la nueva \u00e1rea silvestre protegida. Algo que el segundo gobierno de Sebasti\u00e1n Pi\u00f1era concret\u00f3.<\/span><\/p>\n<p class=\"v1MsoNormal\" style=\"text-align: justify;\"><span lang=\"X-NONE\">En septiembre de 2021, tras dos a\u00f1os y medio de an\u00e1lisis, la SMA exigi\u00f3 a la sociedad ingresar estos trabajos a evaluaci\u00f3n ambiental. Tras una serie de requerimientos, qued\u00f3 establecido que la fecha m\u00e1xima de presentaci\u00f3n ser\u00eda el 31 de julio de 2022, la cual no cumpli\u00f3, al someter su proyecto a evaluaci\u00f3n ambiental el 30 de septiembre de ese a\u00f1o.\u00a0 Este incumplimiento se vio agravado toda vez que la direcci\u00f3n regional del Servicio de Evaluaci\u00f3n Ambiental (SEA) declar\u00f3 inadmisible la declaraci\u00f3n ingresada, por no cumplir los contenidos m\u00ednimos requeridos.<\/span><\/p>\n<p class=\"v1MsoNormal\" style=\"text-align: justify;\"><span lang=\"X-NONE\">Fue ante el incumplimiento de este cronograma que se activ\u00f3 la acci\u00f3n para establecer posibles sanciones por elusi\u00f3n.<\/span><\/p>\n<p class=\"v1MsoNormal\" style=\"text-align: justify;\"><b><span lang=\"X-NONE\">Cuestionamientos al pasivo actuar de la SMA<\/span><\/b><\/p>\n<p class=\"v1MsoNormal\" style=\"text-align: justify;\"><span lang=\"X-NONE\">El presidente de CODESA, Erwin Sandoval Gallardo, valor\u00f3 la decisi\u00f3n de la SMA, en tanto\u00a0\u00ab<\/span><span lang=\"ES-MX\">acoge una presentaci\u00f3n efectuada en noviembre de 2022, donde hicimos presente efectivamente el incumplimiento por parte de la empresa Equus Mining de su deber de ingreso al SEIA, seg\u00fan hab\u00eda sido ordenado por la propia entidad reguladora<\/span><span lang=\"ES-MX\">\u00ab. En su visi<\/span><span lang=\"X-NONE\">\u00f3n, \u00ab<\/span><span lang=\"ES-MX\">se est<\/span><span lang=\"X-NONE\">\u00e1n<\/span><span lang=\"ES-MX\">\u00a0dando pasos significativos en la l\u00ednea\u00a0 de sancionar las conductas infraccionales que desde el a\u00f1o 2017 esta empresa en particular viene cometiendo en el territorio<\/span><span lang=\"ES-MX\">\u00ab.<\/span><\/p>\n<p class=\"v1MsoNormal\" style=\"text-align: justify;\"><span lang=\"ES-MX\">Sin embargo este reconocimiento, Sandoval cuestion<\/span><span lang=\"X-NONE\">\u00f3 \u00ab<\/span><span lang=\"ES-MX\">lo que ha sido, a nuestro juicio, un actuar\u00a0 absolutamente pasivo de la superintendencia respecto a este proyecto. Nuestras denuncias ya tienen una data de m\u00e1s de cuatro a\u00f1os, \u00a0en las cuales hemos venido solicitando lo que hoy d\u00eda la fuerza de los hechos ha venido a tornar como evidente y necesario<\/span><span lang=\"ES-MX\">\u00ab. Y esto no es m<\/span><span lang=\"X-NONE\">\u00e1s que \u00ab<\/span><span lang=\"ES-MX\">la ejecuci\u00f3n de un proyecto al interior de un \u00e1rea puesta bajo protecci\u00f3n oficial, en este caso el Sitio Prioritario para la Conservaci\u00f3n de la Biodiversidad Estepa Jeinimeni\/Lagunas de Bah\u00eda Jara, no puede quedar sin sanciones, m<\/span><span lang=\"X-NONE\">\u00e1s a\u00fan\u00a0<\/span><span lang=\"ES-MX\">cuando ha sido ejecutado sin evaluaci\u00f3n de impacto ambiental<\/span><span lang=\"ES-MX\">\u00ab.<\/span><\/p>\n<p class=\"v1MsoNormal\" style=\"text-align: justify;\"><span lang=\"ES-MX\">En todo este tiempo, indic<\/span><span lang=\"X-NONE\">\u00f3, \u00ab<\/span><span lang=\"ES-MX\">la SMA se ha negado a iniciar un procedimiento sancionatorio, mientras en paralelo estamos con litigios en la Corte\u00a0 de Apelaciones de Santiago buscando precisamente que esta empresa sea sancionada<\/span><span lang=\"ES-MX\">\u00ab.<\/span><\/p>\n<p class=\"v1MsoNormal\" style=\"text-align: justify;\"><span lang=\"ES-MX\">Sobre el fondo de la resoluci<\/span><span lang=\"X-NONE\">\u00f3n, destac\u00f3 \u00abun criterio que se viene perfilando y\u00a0 que sin duda servir\u00e1 para futuras problem\u00e1ticas, en el sentido de que a proyectos ejecutados \u00edntegramente s\u00f3lo requerirles el ingreso al SEIA no es una medida id\u00f3nea para el restablecimiento de la legalidad ambiental.\u00a0 Tiene que haber tambi\u00e9n procedimientos sancionatorios\u00bb. Y en esto se refiri\u00f3 tanto a la ejecuci\u00f3n del proyecto entre los a\u00f1os 2017 a 2019 sin contar con resoluci\u00f3n de calificaci\u00f3n ambiental como al incumplimiento a la resoluci\u00f3n de la SMA que le orden\u00f3 ingresar al SEIA en julio de 2022.<\/span><\/p>\n<p class=\"v1MsoNormal\" style=\"text-align: justify;\"><span lang=\"X-NONE\">Equus Mining, que a fines de 2021 adquiri\u00f3 la Compa\u00f1\u00eda Minera Cerro Bayo (tambi\u00e9n en la comuna de Chile Chico y colindante con el lago General Carrera) a la canadiense Mandalay Resources, busca explotar oro en el \u00e1rea de Los Domos.<\/span><\/p>\n<\/div><\/section><\/div><div  style='height:50px' class='hr hr-invisible   avia-builder-el-6  el_after_av_one_full  el_before_av_social_share '><span class='hr-inner ' ><span class='hr-inner-style'><\/span><\/span><\/div><\/p>\n<div  class='av-social-sharing-box  avia-builder-el-7  el_after_av_hr  el_before_av_hr  '><div class='av-share-box'><h5 class='av-share-link-description av-no-toc '>Compartir esta noticia<\/h5><ul class='av-share-box-list noLightbox'><li class='av-share-link av-social-link-facebook' ><a target=\"_blank\" aria-label=\"Compartir en Facebook\" href='https:\/\/www.facebook.com\/sharer.php?u=https:\/\/radiorevelacionfm.cl\/?p=27679&#038;t=SMA%20inicia%20acciones%20para%20establecer%20si%20proceden%20sanciones%20contra%20minera%20Southern%20Gold%20por%20prospecciones%20ilegales' aria-hidden='false' data-av_icon='\ue8f3' data-av_iconfont='entypo-fontello' title='' data-avia-related-tooltip='Compartir en Facebook' rel=\"noopener\"><span class='avia_hidden_link_text'>Compartir en Facebook<\/span><\/a><\/li><li class='av-share-link av-social-link-twitter' ><a target=\"_blank\" aria-label=\"Compartir en Twitter\" href='https:\/\/twitter.com\/share?text=SMA%20inicia%20acciones%20para%20establecer%20si%20proceden%20sanciones%20contra%20minera%20Southern%20Gold%20por%20prospecciones%20ilegales&#038;url=https:\/\/radiorevelacionfm.cl\/?p=27679' aria-hidden='false' data-av_icon='\ue8f1' data-av_iconfont='entypo-fontello' title='' data-avia-related-tooltip='Compartir en Twitter' rel=\"noopener\"><span class='avia_hidden_link_text'>Compartir en Twitter<\/span><\/a><\/li><li class='av-share-link av-social-link-whatsapp' ><a target=\"_blank\" aria-label=\"Compartir en Whatsapp\" href='https:\/\/api.whatsapp.com\/send?text=https:\/\/radiorevelacionfm.cl\/?p=27679' aria-hidden='false' data-av_icon='\uf232' data-av_iconfont='entypo-fontello' title='' data-avia-related-tooltip='Compartir en Whatsapp' rel=\"noopener\"><span class='avia_hidden_link_text'>Compartir en Whatsapp<\/span><\/a><\/li><li class='av-share-link av-social-link-linkedin' ><a target=\"_blank\" aria-label=\"Compartir en LinkedIn\" href='https:\/\/linkedin.com\/shareArticle?mini=true&#038;title=SMA%20inicia%20acciones%20para%20establecer%20si%20proceden%20sanciones%20contra%20minera%20Southern%20Gold%20por%20prospecciones%20ilegales&#038;url=https:\/\/radiorevelacionfm.cl\/?p=27679' aria-hidden='false' data-av_icon='\ue8fc' data-av_iconfont='entypo-fontello' title='' data-avia-related-tooltip='Compartir en LinkedIn' rel=\"noopener\"><span class='avia_hidden_link_text'>Compartir en LinkedIn<\/span><\/a><\/li><li class='av-share-link av-social-link-mail' ><a  aria-label=\"Compartir por correo\" href='mailto:?subject=SMA%20inicia%20acciones%20para%20establecer%20si%20proceden%20sanciones%20contra%20minera%20Southern%20Gold%20por%20prospecciones%20ilegales&#038;body=https:\/\/radiorevelacionfm.cl\/?p=27679' aria-hidden='false' data-av_icon='\ue805' data-av_iconfont='entypo-fontello' title='' data-avia-related-tooltip='Compartir por correo'><span class='avia_hidden_link_text'>Compartir por correo<\/span><\/a><\/li><\/ul><\/div><\/div>\n<div  style='height:50px' class='hr hr-invisible   avia-builder-el-8  el_after_av_social_share  el_before_av_comments_list '><span class='hr-inner ' ><span class='hr-inner-style'><\/span><\/span><\/div>\n<div  class='av-buildercomment  av-blog-meta-html-info-disabled av-blog-meta-tag-disabled  '><\/div>\n","protected":false},"excerpt":{"rendered":"","protected":false},"author":1,"featured_media":27681,"comment_status":"open","ping_status":"open","sticky":false,"template":"","format":"standard","meta":{"footnotes":""},"categories":[39],"tags":[],"class_list":["post-27679","post","type-post","status-publish","format-standard","has-post-thumbnail","hentry","category-medio-ambiente"],"jetpack_featured_media_url":"https:\/\/radiorevelacionfm.cl\/wp-content\/uploads\/2023\/02\/Los-Domos_1024x683-1-1.jpg","_links":{"self":[{"href":"https:\/\/radiorevelacionfm.cl\/index.php?rest_route=\/wp\/v2\/posts\/27679","targetHints":{"allow":["GET"]}}],"collection":[{"href":"https:\/\/radiorevelacionfm.cl\/index.php?rest_route=\/wp\/v2\/posts"}],"about":[{"href":"https:\/\/radiorevelacionfm.cl\/index.php?rest_route=\/wp\/v2\/types\/post"}],"author":[{"embeddable":true,"href":"https:\/\/radiorevelacionfm.cl\/index.php?rest_route=\/wp\/v2\/users\/1"}],"replies":[{"embeddable":true,"href":"https:\/\/radiorevelacionfm.cl\/index.php?rest_route=%2Fwp%2Fv2%2Fcomments&post=27679"}],"version-history":[{"count":2,"href":"https:\/\/radiorevelacionfm.cl\/index.php?rest_route=\/wp\/v2\/posts\/27679\/revisions"}],"predecessor-version":[{"id":27709,"href":"https:\/\/radiorevelacionfm.cl\/index.php?rest_route=\/wp\/v2\/posts\/27679\/revisions\/27709"}],"wp:featuredmedia":[{"embeddable":true,"href":"https:\/\/radiorevelacionfm.cl\/index.php?rest_route=\/wp\/v2\/media\/27681"}],"wp:attachment":[{"href":"https:\/\/radiorevelacionfm.cl\/index.php?rest_route=%2Fwp%2Fv2%2Fmedia&parent=27679"}],"wp:term":[{"taxonomy":"category","embeddable":true,"href":"https:\/\/radiorevelacionfm.cl\/index.php?rest_route=%2Fwp%2Fv2%2Fcategories&post=27679"},{"taxonomy":"post_tag","embeddable":true,"href":"https:\/\/radiorevelacionfm.cl\/index.php?rest_route=%2Fwp%2Fv2%2Ftags&post=27679"}],"curies":[{"name":"wp","href":"https:\/\/api.w.org\/{rel}","templated":true}]}}