{"id":27676,"date":"2023-02-09T18:13:17","date_gmt":"2023-02-09T21:13:17","guid":{"rendered":"https:\/\/radiorevelacionfm.cl\/?p=27676"},"modified":"2023-02-09T18:13:17","modified_gmt":"2023-02-09T21:13:17","slug":"realizan-plaza-de-justicia-y-derechos-humanos-en-villa-cerro-castillo","status":"publish","type":"post","link":"https:\/\/radiorevelacionfm.cl\/?p=27676","title":{"rendered":"Realizan Plaza de Justicia y Derechos Humanos en Villa Cerro Castillo"},"content":{"rendered":"<div class=\"flex_column av_one_full  flex_column_div av-zero-column-padding first  avia-builder-el-0  el_before_av_one_full  avia-builder-el-first  \" style='border-radius:0px; '><div  class='avia-image-container  av-styling-    avia-builder-el-1  avia-builder-el-no-sibling  avia-align-center '  itemprop=\"image\" itemscope=\"itemscope\" itemtype=\"https:\/\/schema.org\/ImageObject\"  ><div class='avia-image-container-inner'><div class='avia-image-overlay-wrap'><img decoding=\"async\" class='wp-image-27677 avia-img-lazy-loading-not-27677 avia_image' src=\"https:\/\/radiorevelacionfm.cl\/wp-content\/uploads\/2023\/02\/plaza-castillo-1-1-1.jpg\" alt='' title='plaza castillo 1 (1) (1)' height=\"600\" width=\"800\"  itemprop=\"thumbnailUrl\" srcset=\"https:\/\/radiorevelacionfm.cl\/wp-content\/uploads\/2023\/02\/plaza-castillo-1-1-1.jpg 800w, https:\/\/radiorevelacionfm.cl\/wp-content\/uploads\/2023\/02\/plaza-castillo-1-1-1-300x225.jpg 300w, https:\/\/radiorevelacionfm.cl\/wp-content\/uploads\/2023\/02\/plaza-castillo-1-1-1-768x576.jpg 768w, https:\/\/radiorevelacionfm.cl\/wp-content\/uploads\/2023\/02\/plaza-castillo-1-1-1-705x529.jpg 705w, https:\/\/radiorevelacionfm.cl\/wp-content\/uploads\/2023\/02\/plaza-castillo-1-1-1-600x450.jpg 600w\" sizes=\"(max-width: 800px) 100vw, 800px\" \/><\/div><\/div><\/div><\/div><div class=\"flex_column av_one_full  flex_column_div av-zero-column-padding first  avia-builder-el-2  el_after_av_one_full  el_before_av_one_full  column-top-margin\" style='border-radius:0px; '><section class=\"av_textblock_section \"  itemscope=\"itemscope\" itemtype=\"https:\/\/schema.org\/BlogPosting\" itemprop=\"blogPost\" ><div class='avia_textblock  '   itemprop=\"text\" ><p style=\"text-align: center;\"><span style=\"font-size: 18pt;\"><strong>Realizan Plaza de Justicia y Derechos Humanos en Villa Cerro Castillo<\/strong><\/span><\/p>\n<div id=\"gtx-trans\" style=\"position: absolute; left: -50px; top: 4.31534px;\">\n<div class=\"gtx-trans-icon\"><\/div>\n<\/div>\n<\/div><\/section><\/div><div class=\"flex_column av_one_full  flex_column_div av-zero-column-padding first  avia-builder-el-4  el_after_av_one_full  el_before_av_hr  column-top-margin\" style='border-radius:0px; '><section class=\"av_textblock_section \"  itemscope=\"itemscope\" itemtype=\"https:\/\/schema.org\/BlogPosting\" itemprop=\"blogPost\" ><div class='avia_textblock  '   itemprop=\"text\" ><p style=\"text-align: justify;\">M\u00e1s de 20 personas fueron atendidas por los servicios del sector Justicia en una nueva jornada de Plaza de Justicia y Derechos Humanos realizada este martes en la sede vecinal de Villa Cerro Castillo, iniciativa encabezada por la Secretar\u00eda Regional Ministerial de Justicia y DD.HH que busca acercar los servicios a las personas, permiti\u00e9ndoles realizar tr\u00e1mites y consultas en sus respectivos territorios, sin tener que trasladarse a otras localidades o comunas.<\/p>\n<p style=\"text-align: justify;\">Cabe mencionar que, en esta oportunidad estuvieron presentes el Registro Civil e Identificaci\u00f3n, Corporaci\u00f3n de Asistencia Judicial, Defensor\u00eda Penal P\u00fablica, adem\u00e1s del Instituto de Previsi\u00f3n Social (IPS\/ ChileAtiende).<\/p>\n<p style=\"text-align: justify;\">La locutora de radio Alu\u00e9n de Villa Cerro Castillo, Gloria Uma\u00f1a aprovech\u00f3 la instancia para renovar la c\u00e9dula de identidad de su hijo, valorando estas actividades \u201cpudimos realizar nuestros tr\u00e1mites y eso es destacable, esperamos que esto se siga realizando no solo en esta localidad, sino que en toda la regi\u00f3n, ya que somos localidades m\u00e1s apartadas, y muchas veces tenemos que ir a hacer un tr\u00e1mite a la ciudad de Coyhaique o Puerto Ib\u00e1\u00f1ez lo que demanda recursos, tiempo, y a veces no todos cuentan con ello, as\u00ed que destacar esta Plaza de Justicia y Derechos Humanos, ojal\u00e1 se siga replicando y se sigan desplazando los servicios a lo largo de la regi\u00f3n\u201d.<\/p>\n<p style=\"text-align: justify;\">En tanto, el Seremi de Justicia y Derechos Humanos Samuel Navarro Castro se refiri\u00f3 a esta actividad, indicando que \u201cestamos muy contentos de haber podido realizar nuestra\u00a0 primera Plaza de Justicia y Derechos Humanos a\u00f1o 2023 fuera de la comuna de Coyhaique, descentralizando el territorio, nos parece importante haber estado presente en Villa Cerro Castillo, ya que creemos importante que los servicios p\u00fablicos asociados al Ministerio de Justicia y Derechos Humanos puedan estar presentes en los territorios como lo ha planteado el Presidente Gabriel Boric, quiere que estemos en terreno y ese mandato lo vamos a cumplir durante este a\u00f1o, esperamos estar una vez al menos en cada una de las 10 comunas, evidentemente habr\u00e1 algunas que visitaremos m\u00e1s por la poblaci\u00f3n y la dispersi\u00f3n geogr\u00e1fica\u201d.<\/p>\n<p style=\"text-align: justify;\"><strong>Nuevo veh\u00edculo de terreno para el Servicio de Registro Civil e Identificaci\u00f3n<\/strong><\/p>\n<p style=\"text-align: justify;\">En esta oportunidad, las autoridades regionales presentes en la actividad, encabezadas por el Seremi de Justicia y Derechos Humanos Samuel Navarro Castro acompa\u00f1ado del Director Regional (s) del Servicio de Registro Civil e Identificaci\u00f3n Danilo Carrillo, presentaron el nuevo veh\u00edculo de terreno del servicio, el que viene a reemplazar al actual, y que continuar\u00e1 con el trabajo en terreno que desarrolla el Registro Civil como es concurrir a lugares m\u00e1s apartados de las comunas, efectuar atenciones a grupos focalizados (Adultos Mayores, Infantes, Discapacitados), concurrir a Gobiernos en Terreno, Plazas de Justicia y Derechos Humanos u otros operativos de atenci\u00f3n en que se solicite concurrencia, adem\u00e1s de trasladar equipamiento clave para la operaci\u00f3n en terreno y las oficinas.<\/p>\n<p style=\"text-align: justify;\">Finalmente, y en cuanto a la importancia de este nuevo veh\u00edculo, Danilo Carrillo explic\u00f3 que \u201cestamos muy contentos como servicio de poder presentarle a la comunidad nuestro nuevo veh\u00edculo, esto tras una serie de gestiones que se ven\u00edan haciendo hace alg\u00fan tiempo para poder contar con el financiamiento, y afortunadamente se nos aprobaron los recursos para poder adquirir este veh\u00edculo, que nos va a permitir mejorar la labor que desarrolla el Registro Civil y ampliar el despliegue que tenemos a nivel regional\u201d.<\/p>\n<\/div><\/section><\/div><div  style='height:50px' class='hr hr-invisible   avia-builder-el-6  el_after_av_one_full  el_before_av_social_share '><span class='hr-inner ' ><span class='hr-inner-style'><\/span><\/span><\/div><\/p>\n<div  class='av-social-sharing-box  avia-builder-el-7  el_after_av_hr  el_before_av_hr  '><div class='av-share-box'><h5 class='av-share-link-description av-no-toc '>Compartir esta noticia<\/h5><ul class='av-share-box-list noLightbox'><li class='av-share-link av-social-link-facebook' ><a target=\"_blank\" aria-label=\"Compartir en Facebook\" href='https:\/\/www.facebook.com\/sharer.php?u=https:\/\/radiorevelacionfm.cl\/?p=27676&#038;t=Realizan%20Plaza%20de%20Justicia%20y%20Derechos%20Humanos%20en%20Villa%20Cerro%20Castillo' aria-hidden='false' data-av_icon='\ue8f3' data-av_iconfont='entypo-fontello' title='' data-avia-related-tooltip='Compartir en Facebook' rel=\"noopener\"><span class='avia_hidden_link_text'>Compartir en Facebook<\/span><\/a><\/li><li class='av-share-link av-social-link-twitter' ><a target=\"_blank\" aria-label=\"Compartir en Twitter\" href='https:\/\/twitter.com\/share?text=Realizan%20Plaza%20de%20Justicia%20y%20Derechos%20Humanos%20en%20Villa%20Cerro%20Castillo&#038;url=https:\/\/radiorevelacionfm.cl\/?p=27676' aria-hidden='false' data-av_icon='\ue8f1' data-av_iconfont='entypo-fontello' title='' data-avia-related-tooltip='Compartir en Twitter' rel=\"noopener\"><span class='avia_hidden_link_text'>Compartir en Twitter<\/span><\/a><\/li><li class='av-share-link av-social-link-whatsapp' ><a target=\"_blank\" aria-label=\"Compartir en Whatsapp\" href='https:\/\/api.whatsapp.com\/send?text=https:\/\/radiorevelacionfm.cl\/?p=27676' aria-hidden='false' data-av_icon='\uf232' data-av_iconfont='entypo-fontello' title='' data-avia-related-tooltip='Compartir en Whatsapp' rel=\"noopener\"><span class='avia_hidden_link_text'>Compartir en Whatsapp<\/span><\/a><\/li><li class='av-share-link av-social-link-linkedin' ><a target=\"_blank\" aria-label=\"Compartir en LinkedIn\" href='https:\/\/linkedin.com\/shareArticle?mini=true&#038;title=Realizan%20Plaza%20de%20Justicia%20y%20Derechos%20Humanos%20en%20Villa%20Cerro%20Castillo&#038;url=https:\/\/radiorevelacionfm.cl\/?p=27676' aria-hidden='false' data-av_icon='\ue8fc' data-av_iconfont='entypo-fontello' title='' data-avia-related-tooltip='Compartir en LinkedIn' rel=\"noopener\"><span class='avia_hidden_link_text'>Compartir en LinkedIn<\/span><\/a><\/li><li class='av-share-link av-social-link-mail' ><a  aria-label=\"Compartir por correo\" href='mailto:?subject=Realizan%20Plaza%20de%20Justicia%20y%20Derechos%20Humanos%20en%20Villa%20Cerro%20Castillo&#038;body=https:\/\/radiorevelacionfm.cl\/?p=27676' aria-hidden='false' data-av_icon='\ue805' data-av_iconfont='entypo-fontello' title='' data-avia-related-tooltip='Compartir por correo'><span class='avia_hidden_link_text'>Compartir por correo<\/span><\/a><\/li><\/ul><\/div><\/div>\n<div  style='height:50px' class='hr hr-invisible   avia-builder-el-8  el_after_av_social_share  el_before_av_comments_list '><span class='hr-inner ' ><span class='hr-inner-style'><\/span><\/span><\/div>\n<div  class='av-buildercomment  av-blog-meta-html-info-disabled av-blog-meta-tag-disabled  '><\/div>\n","protected":false},"excerpt":{"rendered":"","protected":false},"author":1,"featured_media":27677,"comment_status":"open","ping_status":"open","sticky":false,"template":"","format":"standard","meta":{"footnotes":""},"categories":[55],"tags":[],"class_list":["post-27676","post","type-post","status-publish","format-standard","has-post-thumbnail","hentry","category-justicia"],"jetpack_featured_media_url":"https:\/\/radiorevelacionfm.cl\/wp-content\/uploads\/2023\/02\/plaza-castillo-1-1-1.jpg","_links":{"self":[{"href":"https:\/\/radiorevelacionfm.cl\/index.php?rest_route=\/wp\/v2\/posts\/27676","targetHints":{"allow":["GET"]}}],"collection":[{"href":"https:\/\/radiorevelacionfm.cl\/index.php?rest_route=\/wp\/v2\/posts"}],"about":[{"href":"https:\/\/radiorevelacionfm.cl\/index.php?rest_route=\/wp\/v2\/types\/post"}],"author":[{"embeddable":true,"href":"https:\/\/radiorevelacionfm.cl\/index.php?rest_route=\/wp\/v2\/users\/1"}],"replies":[{"embeddable":true,"href":"https:\/\/radiorevelacionfm.cl\/index.php?rest_route=%2Fwp%2Fv2%2Fcomments&post=27676"}],"version-history":[{"count":2,"href":"https:\/\/radiorevelacionfm.cl\/index.php?rest_route=\/wp\/v2\/posts\/27676\/revisions"}],"predecessor-version":[{"id":27702,"href":"https:\/\/radiorevelacionfm.cl\/index.php?rest_route=\/wp\/v2\/posts\/27676\/revisions\/27702"}],"wp:featuredmedia":[{"embeddable":true,"href":"https:\/\/radiorevelacionfm.cl\/index.php?rest_route=\/wp\/v2\/media\/27677"}],"wp:attachment":[{"href":"https:\/\/radiorevelacionfm.cl\/index.php?rest_route=%2Fwp%2Fv2%2Fmedia&parent=27676"}],"wp:term":[{"taxonomy":"category","embeddable":true,"href":"https:\/\/radiorevelacionfm.cl\/index.php?rest_route=%2Fwp%2Fv2%2Fcategories&post=27676"},{"taxonomy":"post_tag","embeddable":true,"href":"https:\/\/radiorevelacionfm.cl\/index.php?rest_route=%2Fwp%2Fv2%2Ftags&post=27676"}],"curies":[{"name":"wp","href":"https:\/\/api.w.org\/{rel}","templated":true}]}}