{"id":2767,"date":"2021-02-18T20:45:41","date_gmt":"2021-02-18T23:45:41","guid":{"rendered":"https:\/\/radiorevelacionfm.cl\/?p=2767"},"modified":"2021-02-18T20:45:41","modified_gmt":"2021-02-18T23:45:41","slug":"obras-en-terrenos-para-familias-indigenas-de-aysen-se-aceleran-gracias-al-buen-clima-imperante","status":"publish","type":"post","link":"https:\/\/radiorevelacionfm.cl\/?p=2767","title":{"rendered":"Obras en terrenos para familias ind\u00edgenas de Ays\u00e9n se aceleran gracias al buen clima imperante"},"content":{"rendered":"<div class=\"flex_column av_one_full  flex_column_div av-zero-column-padding first  avia-builder-el-0  el_before_av_one_full  avia-builder-el-first  \" style='border-radius:0px; '><div  class='avia-image-container  av-styling-    avia-builder-el-1  avia-builder-el-no-sibling  avia-align-center '  itemprop=\"image\" itemscope=\"itemscope\" itemtype=\"https:\/\/schema.org\/ImageObject\"  ><div class='avia-image-container-inner'><div class='avia-image-overlay-wrap'><img decoding=\"async\" class='wp-image-0 avia-img-lazy-loading-not-0 avia_image' src=\"https:\/\/radiorevelacionfm.cl\/wp-content\/uploads\/2021\/02\/wapi-5-1-1.jpg\" alt='' title=''   itemprop=\"thumbnailUrl\"  \/><\/div><\/div><\/div><\/div>\n<div class=\"flex_column av_one_full  flex_column_div av-zero-column-padding first  avia-builder-el-2  el_after_av_one_full  el_before_av_one_full  column-top-margin\" style='border-radius:0px; '><section class=\"av_textblock_section \"  itemscope=\"itemscope\" itemtype=\"https:\/\/schema.org\/BlogPosting\" itemprop=\"blogPost\" ><div class='avia_textblock  '   itemprop=\"text\" ><p style=\"text-align: center;\"><strong><span style=\"font-size: 18pt;\">Obras en terrenos para familias ind\u00edgenas de Ays\u00e9n se aceleran gracias al buen clima imperante<\/span><\/strong><\/p>\n<div id=\"gtx-trans\" style=\"position: absolute; left: -50px; top: 4.31534px;\">\n<div class=\"gtx-trans-icon\"><\/div>\n<\/div>\n<\/div><\/section><\/div><div class=\"flex_column av_one_full  flex_column_div av-zero-column-padding first  avia-builder-el-4  el_after_av_one_full  el_before_av_hr  column-top-margin\" style='border-radius:0px; '><section class=\"av_textblock_section \"  itemscope=\"itemscope\" itemtype=\"https:\/\/schema.org\/BlogPosting\" itemprop=\"blogPost\" ><div class='avia_textblock  '   itemprop=\"text\" ><p style=\"text-align: justify;\">En visita realizada por dirigentas y socias de los Comit\u00e9 Amuyen I y II a los trabajos de habilitaci\u00f3n de los terrenos que albergar\u00e1n sus 204 viviendas, la empresa encargada de las obras, confidenci\u00f3 que \u201chan ganado tiempo\u201d.<\/p>\n<p style=\"text-align: justify;\">Definitivamente el verano en nuestra regi\u00f3n ha sido un poco m\u00e1s extenso que en los \u00faltimos a\u00f1os y las altas temperaturas que permitieron a muchas familias disfrutar de lagos y r\u00edos de la Patagonia, en las zonas en que no hubo cuarentena, tambi\u00e9n favorecieron las obras de habilitaci\u00f3n del terreno donde se construir\u00e1n 204 viviendas de los comit\u00e9s Amuyen I y II, de Puerto Ays\u00e9n.<\/p>\n<p style=\"text-align: justify;\">As\u00ed qued\u00f3 de manifiesto en la visita que realizaron dirigentas y socias al lugar, junto al Director del Servicio de Vivienda y Urbanizaci\u00f3n (Serviu), Nelson Quinteros, la delegada provincial del Serviu, Ver\u00f3nica Monrroy y la empresa encargada de las obras, L y D Constructora.<\/p>\n<p style=\"text-align: justify;\">Para la vocera de la Asociaci\u00f3n Ind\u00edgena Wapi, Ang\u00e9lica \u00c1lvarez, ver el desarrollo del proyecto \u201ces un sue\u00f1o. Es una maravilla que aqu\u00ed va a haber 204 familias. Tuvimos un problema con la parte interior del terreno, pero ya aclaramos el tema. Est\u00e1n trabajando, trajimos a algunos socios para que ellos tengan conocimiento de c\u00f3mo se est\u00e1 trabajando esta tierra, cu\u00e1les son las \u00e1reas verdes, hasta d\u00f3nde llega su terreno y a partir de ahora vamos a seguir avanzando con las cosas claras\u201d.<\/p>\n<p style=\"text-align: justify;\">\u201cNosotros vemos que el trabajo est\u00e1 muy adelantado y eso nos tiene muy contentos\u201d, reafirm\u00f3 la dirigente y manifest\u00f3 su conformidad \u201cporque adem\u00e1s llevan d\u00edas ganados, gracias al buen tiempo, as\u00ed que confiamos en que pueda este gobierno inaugurar nuestras viviendas, como ha sido el sue\u00f1o de todos los socios\u201d.<\/p>\n<p style=\"text-align: justify;\">La dirigente asegur\u00f3 que ellos conf\u00edan \u201cen la empresa y confiamos en el Gobierno y nuevamente le digo: gracias al presidente Sebasti\u00e1n Pi\u00f1era por haber cumplido y habernos entregado este tremendo sue\u00f1o. Tambi\u00e9n hay que agradecer al Director del Serviu por haber venido a aclarar los temas que nos aproblemaban como comit\u00e9s y como Asociaci\u00f3n Wapi\u201d.<\/p>\n<p style=\"text-align: justify;\">Por su parte el Director del Serviu, Nelson Quinteros destac\u00f3 que \u201cel encargado de los trabajos nos confidenci\u00f3 que las obras van mejor de lo que se esperaba, porque este primer trimestre ha habido muy buenas condiciones meteorol\u00f3gicas y con eso hemos ganado mucho tiempo. Holguras que nos permiten tener tranquilidad que vamos a estar muy preparados para esperar las canchas de pruebas de la compactaci\u00f3n din\u00e1mica, que es el paso que viene\u201d.<\/p>\n<p style=\"text-align: justify;\">Eso, asegur\u00f3 la autoridad, repercute directamente en que \u201clas socias y las dirigentas se van contentas con los avances y yo, me voy conforme con que se est\u00e1 reconociendo el trabajo que se est\u00e1 realizando, tanto a la constructora, como a nuestra labor, encabezada por el Ministro Ward\u201d, manifest\u00f3 Nelson Quinteros.<\/p>\n<\/div><\/section><\/div><\/p>\n<div  style='height:50px' class='hr hr-invisible   avia-builder-el-6  el_after_av_one_full  el_before_av_social_share '><span class='hr-inner ' ><span class='hr-inner-style'><\/span><\/span><\/div>\n<div  class='av-social-sharing-box  avia-builder-el-7  el_after_av_hr  el_before_av_hr  '><div class='av-share-box'><h5 class='av-share-link-description av-no-toc '>Compartir esta noticia<\/h5><ul class='av-share-box-list noLightbox'><li class='av-share-link av-social-link-facebook' ><a target=\"_blank\" aria-label=\"Compartir en Facebook\" href='https:\/\/www.facebook.com\/sharer.php?u=https:\/\/radiorevelacionfm.cl\/?p=2767&#038;t=Obras%20en%20terrenos%20para%20familias%20ind%C3%ADgenas%20de%20Ays%C3%A9n%20se%20aceleran%20gracias%20al%20buen%20clima%20imperante' aria-hidden='false' data-av_icon='\ue8f3' data-av_iconfont='entypo-fontello' title='' data-avia-related-tooltip='Compartir en Facebook' rel=\"noopener\"><span class='avia_hidden_link_text'>Compartir en Facebook<\/span><\/a><\/li><li class='av-share-link av-social-link-twitter' ><a target=\"_blank\" aria-label=\"Compartir en Twitter\" href='https:\/\/twitter.com\/share?text=Obras%20en%20terrenos%20para%20familias%20ind%C3%ADgenas%20de%20Ays%C3%A9n%20se%20aceleran%20gracias%20al%20buen%20clima%20imperante&#038;url=https:\/\/radiorevelacionfm.cl\/?p=2767' aria-hidden='false' data-av_icon='\ue8f1' data-av_iconfont='entypo-fontello' title='' data-avia-related-tooltip='Compartir en Twitter' rel=\"noopener\"><span class='avia_hidden_link_text'>Compartir en Twitter<\/span><\/a><\/li><li class='av-share-link av-social-link-whatsapp' ><a target=\"_blank\" aria-label=\"Compartir en Whatsapp\" href='https:\/\/api.whatsapp.com\/send?text=https:\/\/radiorevelacionfm.cl\/?p=2767' aria-hidden='false' data-av_icon='\uf232' data-av_iconfont='entypo-fontello' title='' data-avia-related-tooltip='Compartir en Whatsapp' rel=\"noopener\"><span class='avia_hidden_link_text'>Compartir en Whatsapp<\/span><\/a><\/li><li class='av-share-link av-social-link-linkedin' ><a target=\"_blank\" aria-label=\"Compartir en LinkedIn\" href='https:\/\/linkedin.com\/shareArticle?mini=true&#038;title=Obras%20en%20terrenos%20para%20familias%20ind%C3%ADgenas%20de%20Ays%C3%A9n%20se%20aceleran%20gracias%20al%20buen%20clima%20imperante&#038;url=https:\/\/radiorevelacionfm.cl\/?p=2767' aria-hidden='false' data-av_icon='\ue8fc' data-av_iconfont='entypo-fontello' title='' data-avia-related-tooltip='Compartir en LinkedIn' rel=\"noopener\"><span class='avia_hidden_link_text'>Compartir en LinkedIn<\/span><\/a><\/li><li class='av-share-link av-social-link-mail' ><a  aria-label=\"Compartir por correo\" href='mailto:?subject=Obras%20en%20terrenos%20para%20familias%20ind%C3%ADgenas%20de%20Ays%C3%A9n%20se%20aceleran%20gracias%20al%20buen%20clima%20imperante&#038;body=https:\/\/radiorevelacionfm.cl\/?p=2767' aria-hidden='false' data-av_icon='\ue805' data-av_iconfont='entypo-fontello' title='' data-avia-related-tooltip='Compartir por correo'><span class='avia_hidden_link_text'>Compartir por correo<\/span><\/a><\/li><\/ul><\/div><\/div>\n<div  style='height:50px' class='hr hr-invisible   avia-builder-el-8  el_after_av_social_share  el_before_av_comments_list '><span class='hr-inner ' ><span class='hr-inner-style'><\/span><\/span><\/div>\n<div  class='av-buildercomment  av-blog-meta-html-info-disabled av-blog-meta-tag-disabled  '><\/div>\n","protected":false},"excerpt":{"rendered":"","protected":false},"author":1,"featured_media":0,"comment_status":"open","ping_status":"open","sticky":false,"template":"","format":"standard","meta":{"footnotes":""},"categories":[57],"tags":[],"class_list":["post-2767","post","type-post","status-publish","format-standard","hentry","category-vivienda"],"jetpack_featured_media_url":"","_links":{"self":[{"href":"https:\/\/radiorevelacionfm.cl\/index.php?rest_route=\/wp\/v2\/posts\/2767","targetHints":{"allow":["GET"]}}],"collection":[{"href":"https:\/\/radiorevelacionfm.cl\/index.php?rest_route=\/wp\/v2\/posts"}],"about":[{"href":"https:\/\/radiorevelacionfm.cl\/index.php?rest_route=\/wp\/v2\/types\/post"}],"author":[{"embeddable":true,"href":"https:\/\/radiorevelacionfm.cl\/index.php?rest_route=\/wp\/v2\/users\/1"}],"replies":[{"embeddable":true,"href":"https:\/\/radiorevelacionfm.cl\/index.php?rest_route=%2Fwp%2Fv2%2Fcomments&post=2767"}],"version-history":[{"count":2,"href":"https:\/\/radiorevelacionfm.cl\/index.php?rest_route=\/wp\/v2\/posts\/2767\/revisions"}],"predecessor-version":[{"id":2786,"href":"https:\/\/radiorevelacionfm.cl\/index.php?rest_route=\/wp\/v2\/posts\/2767\/revisions\/2786"}],"wp:attachment":[{"href":"https:\/\/radiorevelacionfm.cl\/index.php?rest_route=%2Fwp%2Fv2%2Fmedia&parent=2767"}],"wp:term":[{"taxonomy":"category","embeddable":true,"href":"https:\/\/radiorevelacionfm.cl\/index.php?rest_route=%2Fwp%2Fv2%2Fcategories&post=2767"},{"taxonomy":"post_tag","embeddable":true,"href":"https:\/\/radiorevelacionfm.cl\/index.php?rest_route=%2Fwp%2Fv2%2Ftags&post=2767"}],"curies":[{"name":"wp","href":"https:\/\/api.w.org\/{rel}","templated":true}]}}