{"id":27669,"date":"2023-02-09T12:14:29","date_gmt":"2023-02-09T15:14:29","guid":{"rendered":"https:\/\/radiorevelacionfm.cl\/?p=27669"},"modified":"2023-02-09T12:14:29","modified_gmt":"2023-02-09T15:14:29","slug":"vivienda-fortalece-trabajo-con-comites-de-puerto-ibanez-y-villa-cerro-castillo","status":"publish","type":"post","link":"https:\/\/radiorevelacionfm.cl\/?p=27669","title":{"rendered":"Vivienda fortalece trabajo con comit\u00e9s de Puerto Ib\u00e1\u00f1ez y Villa Cerro Castillo"},"content":{"rendered":"<div class=\"flex_column av_one_full  flex_column_div av-zero-column-padding first  avia-builder-el-0  el_before_av_one_full  avia-builder-el-first  \" style='border-radius:0px; '><div  class='avia-image-container  av-styling-    avia-builder-el-1  avia-builder-el-no-sibling  avia-align-center '  itemprop=\"image\" itemscope=\"itemscope\" itemtype=\"https:\/\/schema.org\/ImageObject\"  ><div class='avia-image-container-inner'><div class='avia-image-overlay-wrap'><img decoding=\"async\" class='wp-image-27670 avia-img-lazy-loading-not-27670 avia_image' src=\"https:\/\/radiorevelacionfm.cl\/wp-content\/uploads\/2023\/02\/reuniones-con-comites-comuna-de-ibanez-1_optimized.jpeg\" alt='' title='reuniones-con-comit\u00e9s-comuna-de-ib\u00e1\u00f1ez-(1)_optimized' height=\"600\" width=\"800\"  itemprop=\"thumbnailUrl\" srcset=\"https:\/\/radiorevelacionfm.cl\/wp-content\/uploads\/2023\/02\/reuniones-con-comites-comuna-de-ibanez-1_optimized.jpeg 800w, https:\/\/radiorevelacionfm.cl\/wp-content\/uploads\/2023\/02\/reuniones-con-comites-comuna-de-ibanez-1_optimized-300x225.jpeg 300w, https:\/\/radiorevelacionfm.cl\/wp-content\/uploads\/2023\/02\/reuniones-con-comites-comuna-de-ibanez-1_optimized-768x576.jpeg 768w, https:\/\/radiorevelacionfm.cl\/wp-content\/uploads\/2023\/02\/reuniones-con-comites-comuna-de-ibanez-1_optimized-705x529.jpeg 705w, https:\/\/radiorevelacionfm.cl\/wp-content\/uploads\/2023\/02\/reuniones-con-comites-comuna-de-ibanez-1_optimized-600x450.jpeg 600w\" sizes=\"(max-width: 800px) 100vw, 800px\" \/><\/div><\/div><\/div><\/div><div class=\"flex_column av_one_full  flex_column_div av-zero-column-padding first  avia-builder-el-2  el_after_av_one_full  el_before_av_one_full  column-top-margin\" style='border-radius:0px; '><section class=\"av_textblock_section \"  itemscope=\"itemscope\" itemtype=\"https:\/\/schema.org\/BlogPosting\" itemprop=\"blogPost\" ><div class='avia_textblock  '   itemprop=\"text\" ><p style=\"text-align: center;\"><strong><span style=\"font-size: 18pt;\">Vivienda fortalece trabajo con comit\u00e9s de Puerto Ib\u00e1\u00f1ez y Villa Cerro Castillo<\/span><\/strong><\/p>\n<div id=\"gtx-trans\" style=\"position: absolute; left: -50px; top: 4.31534px;\">\n<div class=\"gtx-trans-icon\"><\/div>\n<\/div>\n<\/div><\/section><\/div><div class=\"flex_column av_one_full  flex_column_div av-zero-column-padding first  avia-builder-el-4  el_after_av_one_full  el_before_av_hr  column-top-margin\" style='border-radius:0px; '><section class=\"av_textblock_section \"  itemscope=\"itemscope\" itemtype=\"https:\/\/schema.org\/BlogPosting\" itemprop=\"blogPost\" ><div class='avia_textblock  '   itemprop=\"text\" ><p style=\"text-align: justify;\">Una nutrida agenda de trabajo cumpli\u00f3 recientemente la Seremi de Vivienda y Urbanismo, Paulina Ruz Delf\u00edn. en la comuna de R\u00edo Ib\u00e1\u00f1ez, donde realiz\u00f3 visitas a terreno y sostuvo reuniones con los integrantes de los comit\u00e9s \u201cTehuelche\u201d, de Puerto Ib\u00e1\u00f1ez y \u201cAyel\u00e9n\u201d, de Villa Cerro Castillo.<\/p>\n<p style=\"text-align: justify;\">En una primera instancia la autoridad sectorial se reuni\u00f3 con la directiva e integrantes del comit\u00e9 \u201cTehuelche\u201d, a quienes se entreg\u00f3 informaci\u00f3n actualizada sobre los pasos que deben cumplir para seguir avanzando con mayor celeridad en el camino hacia su casa propia.<\/p>\n<p style=\"text-align: justify;\">El encuentro fue valorado por la presidenta del grupo, Monserrat Alegr\u00eda Donke, quien destac\u00f3 la presencia de las autoridades en terreno. \u201cFue muy buena porque nos sacaron de hartas dudas, nos est\u00e1n ayudando bastante en el tema de c\u00f3mo hay que seguir, c\u00f3mo tenemos que hacer, de los tiempos de cada etapa, en fin, nos aclararon las dudas que ten\u00edamos y de esa forma nos ayudaron bastante. Es bueno adem\u00e1s que vengan las autoridades a vernos para mantener siempre un contacto estrecho y estar informados sobre los avances en el trabajo que vamos llevando con nuestro comit\u00e9\u201d, manifest\u00f3.<\/p>\n<p style=\"text-align: justify;\">Por su parte la Seremi de Vivienda, Paulina Ruz, expres\u00f3 su satisfacci\u00f3n de trabajar en los lugares m\u00e1s apartados, ya que el mandato presidencial es estar en terreno y descentralizar la atenci\u00f3n dentro de la regi\u00f3n y de las mismas comunas. \u201cPara nosotros este encuentro es muy significativo. El comit\u00e9 Tehuelche est\u00e1 integrado por 16 familias de Puerto Ib\u00e1\u00f1ez a quienes dimos informaci\u00f3n de c\u00f3mo seguir avanzando en pos de poder adelantar procesos en su proyecto habitacional, ya que llevan bastante tiempo y no hab\u00eda tenido mayores avances. Frente a eso hicimos un plan estrat\u00e9gico con ellos, para poder juntarnos regularmente y obtener avances importantes\u201d, precis\u00f3.<\/p>\n<p style=\"text-align: justify;\">En un segundo encuentro, las autoridades se reunieron con las familias del Comit\u00e9 \u201cAyel\u00e9n\u201d de Villa Cerro Castillo, a quienes entregaron buenas noticias respecto del resultado de los estudios del terreno donde a mediano plazo proyectan construir su anhelado proyecto habitacional.<\/p>\n<p style=\"text-align: justify;\">\u201cEn el caso del comit\u00e9 Ayel\u00e9n son 40 familias a quienes les entregamos la buena noticia de que ten\u00edamos los resultados de las mec\u00e1nicas de suelos. Esto es muy significativo para nosotros porque por una parte la conclusi\u00f3n se\u00f1ala que se pueden hacer viviendas all\u00ed, pero adem\u00e1s al estar tan r\u00e1pido el resultado nos adelanta los procesos en m\u00e1s de un a\u00f1o. Entonces finalmente con esto hacemos las gestiones para acompa\u00f1ar a las familias y descentralizar los recursos, pero tambi\u00e9n por la gesti\u00f3n en terreno que en este caso fue acompa\u00f1ado por la senadora Ximena \u00d3rdenes y nuestro Delegado Presidencial Provincial, Crist\u00f3bal Barcel\u00f3, donde nos comprometimos a seguir acompa\u00f1ando a las familias como lo hemos hecho en el resto del territorio de nuestra regi\u00f3n\u201d, indic\u00f3 la Seremi de Vivienda Paulina Ruz.<\/p>\n<p style=\"text-align: justify;\">Por su parte la presidenta del comit\u00e9 Ayel\u00e9n, Melisa Reskin, se mostr\u00f3 feliz con la buena noticia, que los motiva para seguir avanzando con fuerza en el cumplimiento de los objetivos. \u201cLa verdad estamos m\u00e1s que contentas, porque hab\u00edamos perdido la ilusi\u00f3n de decir que las cosas iban a salir r\u00e1pido, as\u00ed que es un tremendo avance para nosotros y estamos felices, qu\u00e9 m\u00e1s podemos decir.\u00a0 Somos aproximadamente 40 familias, hace siete a\u00f1os cuando empezamos \u00e9ramos como 25. Lo que m\u00e1s no tiene contentas es que pens\u00e1bamos que el proceso iba a demorar m\u00e1s, entonces con esto conseguimos un tremendo avance y con todo este apoyo Dios quiera que ya pronto podamos tener nuestra soluci\u00f3n definitiva\u201d, manifest\u00f3.<\/p>\n<p style=\"text-align: justify;\">Similares palabras tuvo la tesorera del comit\u00e9, Sandra Urrieta, quien record\u00f3 que ha sido una larga espera para recibir esta buena noticia. \u201cA pesar de que ac\u00e1 no hay muchos terrenos, ten\u00edamos uno que estaba casi listo y de un d\u00eda para otro nos subieron el precio y volvimos atr\u00e1s, pero finalmente conseguimos este, gracias al due\u00f1o que nos conoce y sabe que andamos hace a\u00f1os buscando un lugar para nuestro proyecto. As\u00ed que ahora nosotros todos felices con esta buena noticia que est\u00e1bamos esperando con mucha ilusi\u00f3n\u201d, afirm\u00f3.<\/p>\n<p style=\"text-align: justify;\">Tanto las autoridades como los integrantes de los comit\u00e9s Ayel\u00e9n y Tehuelche se comprometieron a mantener un estrecho contacto que garantice la informaci\u00f3n actualizada que requieren las familias para seguir avanzando en las etapas que vienen en el camino hacia su anhelada casa propia.<\/p>\n<\/div><\/section><\/div><div  style='height:50px' class='hr hr-invisible   avia-builder-el-6  el_after_av_one_full  el_before_av_social_share '><span class='hr-inner ' ><span class='hr-inner-style'><\/span><\/span><\/div><\/p>\n<div  class='av-social-sharing-box  avia-builder-el-7  el_after_av_hr  el_before_av_hr  '><div class='av-share-box'><h5 class='av-share-link-description av-no-toc '>Compartir esta noticia<\/h5><ul class='av-share-box-list noLightbox'><li class='av-share-link av-social-link-facebook' ><a target=\"_blank\" aria-label=\"Compartir en Facebook\" href='https:\/\/www.facebook.com\/sharer.php?u=https:\/\/radiorevelacionfm.cl\/?p=27669&#038;t=Vivienda%20fortalece%20trabajo%20con%20comit%C3%A9s%20de%20Puerto%20Ib%C3%A1%C3%B1ez%20y%20Villa%20Cerro%20Castillo' aria-hidden='false' data-av_icon='\ue8f3' data-av_iconfont='entypo-fontello' title='' data-avia-related-tooltip='Compartir en Facebook' rel=\"noopener\"><span class='avia_hidden_link_text'>Compartir en Facebook<\/span><\/a><\/li><li class='av-share-link av-social-link-twitter' ><a target=\"_blank\" aria-label=\"Compartir en Twitter\" href='https:\/\/twitter.com\/share?text=Vivienda%20fortalece%20trabajo%20con%20comit%C3%A9s%20de%20Puerto%20Ib%C3%A1%C3%B1ez%20y%20Villa%20Cerro%20Castillo&#038;url=https:\/\/radiorevelacionfm.cl\/?p=27669' aria-hidden='false' data-av_icon='\ue8f1' data-av_iconfont='entypo-fontello' title='' data-avia-related-tooltip='Compartir en Twitter' rel=\"noopener\"><span class='avia_hidden_link_text'>Compartir en Twitter<\/span><\/a><\/li><li class='av-share-link av-social-link-whatsapp' ><a target=\"_blank\" aria-label=\"Compartir en Whatsapp\" href='https:\/\/api.whatsapp.com\/send?text=https:\/\/radiorevelacionfm.cl\/?p=27669' aria-hidden='false' data-av_icon='\uf232' data-av_iconfont='entypo-fontello' title='' data-avia-related-tooltip='Compartir en Whatsapp' rel=\"noopener\"><span class='avia_hidden_link_text'>Compartir en Whatsapp<\/span><\/a><\/li><li class='av-share-link av-social-link-linkedin' ><a target=\"_blank\" aria-label=\"Compartir en LinkedIn\" href='https:\/\/linkedin.com\/shareArticle?mini=true&#038;title=Vivienda%20fortalece%20trabajo%20con%20comit%C3%A9s%20de%20Puerto%20Ib%C3%A1%C3%B1ez%20y%20Villa%20Cerro%20Castillo&#038;url=https:\/\/radiorevelacionfm.cl\/?p=27669' aria-hidden='false' data-av_icon='\ue8fc' data-av_iconfont='entypo-fontello' title='' data-avia-related-tooltip='Compartir en LinkedIn' rel=\"noopener\"><span class='avia_hidden_link_text'>Compartir en LinkedIn<\/span><\/a><\/li><li class='av-share-link av-social-link-mail' ><a  aria-label=\"Compartir por correo\" href='mailto:?subject=Vivienda%20fortalece%20trabajo%20con%20comit%C3%A9s%20de%20Puerto%20Ib%C3%A1%C3%B1ez%20y%20Villa%20Cerro%20Castillo&#038;body=https:\/\/radiorevelacionfm.cl\/?p=27669' aria-hidden='false' data-av_icon='\ue805' data-av_iconfont='entypo-fontello' title='' data-avia-related-tooltip='Compartir por correo'><span class='avia_hidden_link_text'>Compartir por correo<\/span><\/a><\/li><\/ul><\/div><\/div>\n<div  style='height:50px' class='hr hr-invisible   avia-builder-el-8  el_after_av_social_share  el_before_av_comments_list '><span class='hr-inner ' ><span class='hr-inner-style'><\/span><\/span><\/div>\n<div  class='av-buildercomment  av-blog-meta-html-info-disabled av-blog-meta-tag-disabled  '><\/div>\n","protected":false},"excerpt":{"rendered":"","protected":false},"author":1,"featured_media":27670,"comment_status":"open","ping_status":"open","sticky":false,"template":"","format":"standard","meta":{"footnotes":""},"categories":[57],"tags":[],"class_list":["post-27669","post","type-post","status-publish","format-standard","has-post-thumbnail","hentry","category-vivienda"],"jetpack_featured_media_url":"https:\/\/radiorevelacionfm.cl\/wp-content\/uploads\/2023\/02\/reuniones-con-comites-comuna-de-ibanez-1_optimized.jpeg","_links":{"self":[{"href":"https:\/\/radiorevelacionfm.cl\/index.php?rest_route=\/wp\/v2\/posts\/27669","targetHints":{"allow":["GET"]}}],"collection":[{"href":"https:\/\/radiorevelacionfm.cl\/index.php?rest_route=\/wp\/v2\/posts"}],"about":[{"href":"https:\/\/radiorevelacionfm.cl\/index.php?rest_route=\/wp\/v2\/types\/post"}],"author":[{"embeddable":true,"href":"https:\/\/radiorevelacionfm.cl\/index.php?rest_route=\/wp\/v2\/users\/1"}],"replies":[{"embeddable":true,"href":"https:\/\/radiorevelacionfm.cl\/index.php?rest_route=%2Fwp%2Fv2%2Fcomments&post=27669"}],"version-history":[{"count":2,"href":"https:\/\/radiorevelacionfm.cl\/index.php?rest_route=\/wp\/v2\/posts\/27669\/revisions"}],"predecessor-version":[{"id":27672,"href":"https:\/\/radiorevelacionfm.cl\/index.php?rest_route=\/wp\/v2\/posts\/27669\/revisions\/27672"}],"wp:featuredmedia":[{"embeddable":true,"href":"https:\/\/radiorevelacionfm.cl\/index.php?rest_route=\/wp\/v2\/media\/27670"}],"wp:attachment":[{"href":"https:\/\/radiorevelacionfm.cl\/index.php?rest_route=%2Fwp%2Fv2%2Fmedia&parent=27669"}],"wp:term":[{"taxonomy":"category","embeddable":true,"href":"https:\/\/radiorevelacionfm.cl\/index.php?rest_route=%2Fwp%2Fv2%2Fcategories&post=27669"},{"taxonomy":"post_tag","embeddable":true,"href":"https:\/\/radiorevelacionfm.cl\/index.php?rest_route=%2Fwp%2Fv2%2Ftags&post=27669"}],"curies":[{"name":"wp","href":"https:\/\/api.w.org\/{rel}","templated":true}]}}