{"id":27665,"date":"2023-02-10T09:24:32","date_gmt":"2023-02-10T12:24:32","guid":{"rendered":"https:\/\/radiorevelacionfm.cl\/?p=27665"},"modified":"2023-02-10T09:24:32","modified_gmt":"2023-02-10T12:24:32","slug":"servicio-de-proteccion-especializada-mejor-ninez-expuso-ante-el-concejo-municipal-de-aysen","status":"publish","type":"post","link":"https:\/\/radiorevelacionfm.cl\/?p=27665","title":{"rendered":"Servicio de protecci\u00f3n especializada Mejor Ni\u00f1ez expuso ante el Concejo Municipal de Ays\u00e9n"},"content":{"rendered":"<div class=\"flex_column av_one_full  flex_column_div av-zero-column-padding first  avia-builder-el-0  el_before_av_one_full  avia-builder-el-first  \" style='border-radius:0px; '><div  class='avia-image-container  av-styling-    avia-builder-el-1  avia-builder-el-no-sibling  avia-align-center '  itemprop=\"image\" itemscope=\"itemscope\" itemtype=\"https:\/\/schema.org\/ImageObject\"  ><div class='avia-image-container-inner'><div class='avia-image-overlay-wrap'><img decoding=\"async\" class='wp-image-27666 avia-img-lazy-loading-not-27666 avia_image' src=\"https:\/\/radiorevelacionfm.cl\/wp-content\/uploads\/2023\/02\/1-1-1-1-1.jpg\" alt='' title='1 (1) (1) (1) (1)' height=\"600\" width=\"900\"  itemprop=\"thumbnailUrl\" srcset=\"https:\/\/radiorevelacionfm.cl\/wp-content\/uploads\/2023\/02\/1-1-1-1-1.jpg 900w, https:\/\/radiorevelacionfm.cl\/wp-content\/uploads\/2023\/02\/1-1-1-1-1-300x200.jpg 300w, https:\/\/radiorevelacionfm.cl\/wp-content\/uploads\/2023\/02\/1-1-1-1-1-768x512.jpg 768w, https:\/\/radiorevelacionfm.cl\/wp-content\/uploads\/2023\/02\/1-1-1-1-1-705x470.jpg 705w, https:\/\/radiorevelacionfm.cl\/wp-content\/uploads\/2023\/02\/1-1-1-1-1-600x400.jpg 600w\" sizes=\"(max-width: 900px) 100vw, 900px\" \/><\/div><\/div><\/div><\/div><div class=\"flex_column av_one_full  flex_column_div av-zero-column-padding first  avia-builder-el-2  el_after_av_one_full  el_before_av_one_full  column-top-margin\" style='border-radius:0px; '><section class=\"av_textblock_section \"  itemscope=\"itemscope\" itemtype=\"https:\/\/schema.org\/BlogPosting\" itemprop=\"blogPost\" ><div class='avia_textblock  '   itemprop=\"text\" ><p style=\"text-align: center;\"><strong><span style=\"font-size: 18pt;\">Servicio de protecci\u00f3n especializada Mejor Ni\u00f1ez expuso ante el Concejo Municipal de Ays\u00e9n<\/span><\/strong><\/p>\n<div id=\"gtx-trans\" style=\"position: absolute; left: -50px; top: 4.31534px;\">\n<div class=\"gtx-trans-icon\"><\/div>\n<\/div>\n<\/div><\/section><\/div><div class=\"flex_column av_one_full  flex_column_div av-zero-column-padding first  avia-builder-el-4  el_after_av_one_full  el_before_av_hr  column-top-margin\" style='border-radius:0px; '><section class=\"av_textblock_section \"  itemscope=\"itemscope\" itemtype=\"https:\/\/schema.org\/BlogPosting\" itemprop=\"blogPost\" ><div class='avia_textblock  '   itemprop=\"text\" ><p style=\"font-weight: 400; text-align: justify;\">El Servicio de Protecci\u00f3n Especializada a la Ni\u00f1ez y la Adolescencia, organismo que pertenece a la Seremi de Desarrollo Social y Familia, mediante su direcci\u00f3n regional durante este 2023 contin\u00faa con la acci\u00f3n permanente de visibilizar la instituci\u00f3n en diversas instancias y entregar en detalle las m\u00faltiples acciones que este organismo ejecuta en favor de la protecci\u00f3n de los ni\u00f1os, ni\u00f1as y adolescentes en las diez comunas de la regi\u00f3n.<\/p>\n<p style=\"font-weight: 400; text-align: justify;\">En este marco la directora regional (s) del Servicio de Protecci\u00f3n Especializada Gabriela Opazo, junto con la analista intersectorial expusieron ante el Concejo Municipal de Ays\u00e9n, instancia donde entregaron informaci\u00f3n relevante de c\u00f3mo se est\u00e1 llevando a cabo las acciones que por ley est\u00e1n mandatadas al organismo en el marco de la ley 21.302 y sus \u00e9nfasis este 2023.<\/p>\n<p style=\"font-weight: 400; text-align: justify;\">En la oportunidad Gabriela Opazo en su calidad de directora regional (s) de la instituci\u00f3n indic\u00f3 que \u201cestamos muy contentos del inter\u00e9s que mostr\u00f3 el municipio de Ays\u00e9n, mediante su alcalde y su concejo municipal de poder invitarnos y as\u00ed poder exponer en detalle sobre c\u00f3mo est\u00e1 conformado nuestro servicio, los roles que cumplimos en el contexto de entregar asistencia, reparaci\u00f3n y soporte a los ni\u00f1os, ni\u00f1as y adolescentes que han sido gravemente vulnerados en sus derechos. Adem\u00e1s, pudimos resolver las dudas del concejo de c\u00f3mo operamos en los territorios y en las distintas localidades que conforman la comuna de Ays\u00e9n cuando se presenta un hecho que atenta a la infancia y la adolescencia. Quedamos satisfechos y sin duda \u00e9sta ser\u00e1 una de las diversas acciones de visibilizaci\u00f3n que continuaremos realizando durante este 2023 para que actores claves de la sociedad puedan conocer de manera actualizada c\u00f3mo ejecutamos el mandato que por ley nos fue entregado\u201d.<\/p>\n<p style=\"font-weight: 400; text-align: justify;\">Para el Alcalde de la comuna de Ays\u00e9n Julio Uribe esta presentaci\u00f3n en detalle del Servicio de Protecci\u00f3n Especializada \u201ces de \u201cmucha relevancia ya que se pudo conocer todos los lineamientos en materia de protecci\u00f3n a la infancia que este organismo ejecuta y queremos agradecer esta presentaci\u00f3n que estuvo bien did\u00e1ctica la cual nos ayud\u00f3 a comprender en conjunto con los concejales las diversas acciones que se realizan en esta materia y tambi\u00e9n en coordinaci\u00f3n con el Municipio y sus diferentes oficinas. Esta instancia tambi\u00e9n refuerza el trabajo que como municipio seguimos realizando en favor de los ni\u00f1os, ni\u00f1as y adolescentes de nuestra comuna\u201d.<\/p>\n<p style=\"font-weight: 400; text-align: justify;\">Desde el Servicio de Protecci\u00f3n Especializada se hizo un llamado a la comunidad de Ays\u00e9n y al resto de la regi\u00f3n a que conozcan el mecanismo de comunicaci\u00f3n directa con la instituci\u00f3n por medio de la unidad Oirs y su l\u00ednea de atenci\u00f3n ciudadana por medio de sus n\u00fameros de contacto 224991768 \u2013 22499177, tambi\u00e9n al correo electr\u00f3nico\u00a0<a href=\"mailto:oirs.aysen@mejorninez.cl\">oirs.aysen@mejorninez.cl<\/a>\u00a0y visitando la web\u00a0<a href=\"http:\/\/www.mejorninez.cl\/\" data-saferedirecturl=\"https:\/\/www.google.com\/url?q=http:\/\/www.mejorninez.cl&amp;source=gmail&amp;ust=1676038717441000&amp;usg=AOvVaw1pf4c_BlZU2Vq7nrbW7xUW\">www.mejorninez.cl<\/a>\u00a0&#8211; banner Oirs (identificado con color verde).<\/p>\n<\/div><\/section><\/div><div  style='height:50px' class='hr hr-invisible   avia-builder-el-6  el_after_av_one_full  el_before_av_social_share '><span class='hr-inner ' ><span class='hr-inner-style'><\/span><\/span><\/div><\/p>\n<div  class='av-social-sharing-box  avia-builder-el-7  el_after_av_hr  el_before_av_hr  '><div class='av-share-box'><h5 class='av-share-link-description av-no-toc '>Compartir esta noticia<\/h5><ul class='av-share-box-list noLightbox'><li class='av-share-link av-social-link-facebook' ><a target=\"_blank\" aria-label=\"Compartir en Facebook\" href='https:\/\/www.facebook.com\/sharer.php?u=https:\/\/radiorevelacionfm.cl\/?p=27665&#038;t=Servicio%20de%20protecci%C3%B3n%20especializada%20Mejor%20Ni%C3%B1ez%20expuso%20ante%20el%20Concejo%20Municipal%20de%20Ays%C3%A9n' aria-hidden='false' data-av_icon='\ue8f3' data-av_iconfont='entypo-fontello' title='' data-avia-related-tooltip='Compartir en Facebook' rel=\"noopener\"><span class='avia_hidden_link_text'>Compartir en Facebook<\/span><\/a><\/li><li class='av-share-link av-social-link-twitter' ><a target=\"_blank\" aria-label=\"Compartir en Twitter\" href='https:\/\/twitter.com\/share?text=Servicio%20de%20protecci%C3%B3n%20especializada%20Mejor%20Ni%C3%B1ez%20expuso%20ante%20el%20Concejo%20Municipal%20de%20Ays%C3%A9n&#038;url=https:\/\/radiorevelacionfm.cl\/?p=27665' aria-hidden='false' data-av_icon='\ue8f1' data-av_iconfont='entypo-fontello' title='' data-avia-related-tooltip='Compartir en Twitter' rel=\"noopener\"><span class='avia_hidden_link_text'>Compartir en Twitter<\/span><\/a><\/li><li class='av-share-link av-social-link-whatsapp' ><a target=\"_blank\" aria-label=\"Compartir en Whatsapp\" href='https:\/\/api.whatsapp.com\/send?text=https:\/\/radiorevelacionfm.cl\/?p=27665' aria-hidden='false' data-av_icon='\uf232' data-av_iconfont='entypo-fontello' title='' data-avia-related-tooltip='Compartir en Whatsapp' rel=\"noopener\"><span class='avia_hidden_link_text'>Compartir en Whatsapp<\/span><\/a><\/li><li class='av-share-link av-social-link-linkedin' ><a target=\"_blank\" aria-label=\"Compartir en LinkedIn\" href='https:\/\/linkedin.com\/shareArticle?mini=true&#038;title=Servicio%20de%20protecci%C3%B3n%20especializada%20Mejor%20Ni%C3%B1ez%20expuso%20ante%20el%20Concejo%20Municipal%20de%20Ays%C3%A9n&#038;url=https:\/\/radiorevelacionfm.cl\/?p=27665' aria-hidden='false' data-av_icon='\ue8fc' data-av_iconfont='entypo-fontello' title='' data-avia-related-tooltip='Compartir en LinkedIn' rel=\"noopener\"><span class='avia_hidden_link_text'>Compartir en LinkedIn<\/span><\/a><\/li><li class='av-share-link av-social-link-mail' ><a  aria-label=\"Compartir por correo\" href='mailto:?subject=Servicio%20de%20protecci%C3%B3n%20especializada%20Mejor%20Ni%C3%B1ez%20expuso%20ante%20el%20Concejo%20Municipal%20de%20Ays%C3%A9n&#038;body=https:\/\/radiorevelacionfm.cl\/?p=27665' aria-hidden='false' data-av_icon='\ue805' data-av_iconfont='entypo-fontello' title='' data-avia-related-tooltip='Compartir por correo'><span class='avia_hidden_link_text'>Compartir por correo<\/span><\/a><\/li><\/ul><\/div><\/div>\n<div  style='height:50px' class='hr hr-invisible   avia-builder-el-8  el_after_av_social_share  el_before_av_comments_list '><span class='hr-inner ' ><span class='hr-inner-style'><\/span><\/span><\/div>\n<div  class='av-buildercomment  av-blog-meta-html-info-disabled av-blog-meta-tag-disabled  '><\/div>\n","protected":false},"excerpt":{"rendered":"","protected":false},"author":1,"featured_media":27666,"comment_status":"open","ping_status":"open","sticky":false,"template":"","format":"standard","meta":{"footnotes":""},"categories":[38],"tags":[],"class_list":["post-27665","post","type-post","status-publish","format-standard","has-post-thumbnail","hentry","category-regional"],"jetpack_featured_media_url":"https:\/\/radiorevelacionfm.cl\/wp-content\/uploads\/2023\/02\/1-1-1-1-1.jpg","_links":{"self":[{"href":"https:\/\/radiorevelacionfm.cl\/index.php?rest_route=\/wp\/v2\/posts\/27665","targetHints":{"allow":["GET"]}}],"collection":[{"href":"https:\/\/radiorevelacionfm.cl\/index.php?rest_route=\/wp\/v2\/posts"}],"about":[{"href":"https:\/\/radiorevelacionfm.cl\/index.php?rest_route=\/wp\/v2\/types\/post"}],"author":[{"embeddable":true,"href":"https:\/\/radiorevelacionfm.cl\/index.php?rest_route=\/wp\/v2\/users\/1"}],"replies":[{"embeddable":true,"href":"https:\/\/radiorevelacionfm.cl\/index.php?rest_route=%2Fwp%2Fv2%2Fcomments&post=27665"}],"version-history":[{"count":2,"href":"https:\/\/radiorevelacionfm.cl\/index.php?rest_route=\/wp\/v2\/posts\/27665\/revisions"}],"predecessor-version":[{"id":27708,"href":"https:\/\/radiorevelacionfm.cl\/index.php?rest_route=\/wp\/v2\/posts\/27665\/revisions\/27708"}],"wp:featuredmedia":[{"embeddable":true,"href":"https:\/\/radiorevelacionfm.cl\/index.php?rest_route=\/wp\/v2\/media\/27666"}],"wp:attachment":[{"href":"https:\/\/radiorevelacionfm.cl\/index.php?rest_route=%2Fwp%2Fv2%2Fmedia&parent=27665"}],"wp:term":[{"taxonomy":"category","embeddable":true,"href":"https:\/\/radiorevelacionfm.cl\/index.php?rest_route=%2Fwp%2Fv2%2Fcategories&post=27665"},{"taxonomy":"post_tag","embeddable":true,"href":"https:\/\/radiorevelacionfm.cl\/index.php?rest_route=%2Fwp%2Fv2%2Ftags&post=27665"}],"curies":[{"name":"wp","href":"https:\/\/api.w.org\/{rel}","templated":true}]}}