{"id":27643,"date":"2023-02-09T09:56:15","date_gmt":"2023-02-09T12:56:15","guid":{"rendered":"https:\/\/radiorevelacionfm.cl\/?p=27643"},"modified":"2023-02-09T09:56:15","modified_gmt":"2023-02-09T12:56:15","slug":"en-fase-de-ejecucion-se-encuentra-programa-del-sag-para-trazabilidad-de-la-ganaderia-aisenina","status":"publish","type":"post","link":"https:\/\/radiorevelacionfm.cl\/?p=27643","title":{"rendered":"En fase de ejecuci\u00f3n se encuentra programa del SAG para trazabilidad de la ganader\u00eda aisenina"},"content":{"rendered":"<div class=\"flex_column av_one_full  flex_column_div av-zero-column-padding first  avia-builder-el-0  el_before_av_one_full  avia-builder-el-first  \" style='border-radius:0px; '><div  class='avia-image-container  av-styling-    avia-builder-el-1  avia-builder-el-no-sibling  avia-align-center '  itemprop=\"image\" itemscope=\"itemscope\" itemtype=\"https:\/\/schema.org\/ImageObject\"  ><div class='avia-image-container-inner'><div class='avia-image-overlay-wrap'><img decoding=\"async\" class='wp-image-27644 avia-img-lazy-loading-not-27644 avia_image' src=\"https:\/\/radiorevelacionfm.cl\/wp-content\/uploads\/2023\/02\/Boletin9-1-1.jpg\" alt='' title='Bolet\u00edn9 (1) (1)' height=\"600\" width=\"800\"  itemprop=\"thumbnailUrl\" srcset=\"https:\/\/radiorevelacionfm.cl\/wp-content\/uploads\/2023\/02\/Boletin9-1-1.jpg 800w, https:\/\/radiorevelacionfm.cl\/wp-content\/uploads\/2023\/02\/Boletin9-1-1-300x225.jpg 300w, https:\/\/radiorevelacionfm.cl\/wp-content\/uploads\/2023\/02\/Boletin9-1-1-768x576.jpg 768w, https:\/\/radiorevelacionfm.cl\/wp-content\/uploads\/2023\/02\/Boletin9-1-1-705x529.jpg 705w, https:\/\/radiorevelacionfm.cl\/wp-content\/uploads\/2023\/02\/Boletin9-1-1-600x450.jpg 600w\" sizes=\"(max-width: 800px) 100vw, 800px\" \/><\/div><\/div><\/div><\/div><div class=\"flex_column av_one_full  flex_column_div av-zero-column-padding first  avia-builder-el-2  el_after_av_one_full  el_before_av_one_full  column-top-margin\" style='border-radius:0px; '><section class=\"av_textblock_section \"  itemscope=\"itemscope\" itemtype=\"https:\/\/schema.org\/BlogPosting\" itemprop=\"blogPost\" ><div class='avia_textblock  '   itemprop=\"text\" ><p style=\"text-align: center;\"><span style=\"font-size: 18pt;\"><strong>En fase de ejecuci\u00f3n se encuentra programa del SAG para trazabilidad de la ganader\u00eda aisenina<\/strong><\/span><\/p>\n<div id=\"gtx-trans\" style=\"position: absolute; left: -50px; top: 4.31534px;\">\n<div class=\"gtx-trans-icon\"><\/div>\n<\/div>\n<\/div><\/section><\/div><div class=\"flex_column av_one_full  flex_column_div av-zero-column-padding first  avia-builder-el-4  el_after_av_one_full  el_before_av_hr  column-top-margin\" style='border-radius:0px; '><section class=\"av_textblock_section \"  itemscope=\"itemscope\" itemtype=\"https:\/\/schema.org\/BlogPosting\" itemprop=\"blogPost\" ><div class='avia_textblock  '   itemprop=\"text\" ><p style=\"text-align: justify;\">Programa implementado por el Servicio Agr\u00edcola y Ganadero(SAG) del Ministerio de Agricultura, con apoyo del Gobierno Regional de Ays\u00e9n y su Consejo, abarca m\u00e1s de 1.500 predios apoyando a familias ganaderas en la trazabilidad de sus planteles.<\/p>\n<p style=\"text-align: justify;\">Apoyar la trazabilidad de la peque\u00f1a ganader\u00eda regional, con miras al cumplimiento de la normativa para la comercializaci\u00f3n, es el objetivo de este Programa financiado por el Gobierno Regional y que ya se encuentra en ejecuci\u00f3n. Por medio de 20 t\u00e9cnicos y profesionales que realizan labores de identificaci\u00f3n y registro desde la localidad de La Junta hasta Villa O\u2019Higgins.<\/p>\n<p style=\"text-align: justify;\">\u201cEs un Programa que abarca aproximadamente 1.590 predios de la regi\u00f3n de Ays\u00e9n, exceptuando la comuna de las Guaitecas. Esta iniciativa est\u00e1 siendo ejecutada por el SAG de Ays\u00e9n, a trav\u00e9s de FNDR por un monto de 711 millones de pesos, van en directo apoyo a las familias ganaderas de la regi\u00f3n\u201d, se\u00f1al\u00f3 en torno a los objetivos de este programa, H\u00e9ctor Cuevas G\u00f3mez, director regional (s) SAG Ays\u00e9n.<\/p>\n<p style=\"text-align: justify;\">Los trabajos desarrollados en terreno se iniciaron a principios de enero, a trav\u00e9s de la identificaci\u00f3n de bovinos de peque\u00f1os productores, (150 animales m\u00e1ximos por titular) y, por otra parte, se capacitar\u00e1 a usuarios y usuarias en el adecuado uso de formularios de registro y movimientos de animales v\u00eda web.<\/p>\n<p style=\"text-align: justify;\">La idea central de este trabajo es potenciar la actividad agropecuaria, a trav\u00e9s de la diferenciaci\u00f3n productiva, que permita asegurar el cumplimiento de la normativa para la comercializaci\u00f3n, permitiendo el rastreo de los animales en caso de enfermedades y mejoran la competitividad de la peque\u00f1a ganader\u00eda de la regi\u00f3n de Ays\u00e9n.<\/p>\n<p style=\"text-align: justify;\">Cabe indicar que el Programa Oficial de Trazabilidad Animal es un componente fundamental para la implementaci\u00f3n de las pol\u00edticas sanitarias del SAG, a partir del cual se estructura una serie de garant\u00edas que Chile compromete con los mercados de destino y logra posicionar los productos nacionales de origen pecuario como alimentos de alto valor comercial en el extranjero.<\/p>\n<p style=\"text-align: justify;\">Para el caso de la especie bovina, este programa establece que todos los animales deben ser registrados con un Dispositivo de Identificaci\u00f3n Individual Oficial denominado DIIO. El DIIO es un arete de color amarillo que contiene un n\u00famero de identificaci\u00f3n y radiofrecuencia (lectura autom\u00e1tica), a partir del cual se logra identificar el origen del ganado, su fecha de nacimiento, los predios de origen y movimientos, su raza, sexo, entre otras variables de inter\u00e9s.<\/p>\n<p style=\"text-align: justify;\">Es importante recordar, que para aquellos productores interesados registrar sus bovinos y actualizar su stock de animales en el Sistema de Informaci\u00f3n Pecuaria (SIPEC), pueden acercarse a cualquiera de las oficinas del SAG en la regi\u00f3n Ays\u00e9n.<\/p>\n<\/div><\/section><\/div><div  style='height:50px' class='hr hr-invisible   avia-builder-el-6  el_after_av_one_full  el_before_av_social_share '><span class='hr-inner ' ><span class='hr-inner-style'><\/span><\/span><\/div><\/p>\n<div  class='av-social-sharing-box  avia-builder-el-7  el_after_av_hr  el_before_av_hr  '><div class='av-share-box'><h5 class='av-share-link-description av-no-toc '>Compartir esta noticia<\/h5><ul class='av-share-box-list noLightbox'><li class='av-share-link av-social-link-facebook' ><a target=\"_blank\" aria-label=\"Compartir en Facebook\" href='https:\/\/www.facebook.com\/sharer.php?u=https:\/\/radiorevelacionfm.cl\/?p=27643&#038;t=En%20fase%20de%20ejecuci%C3%B3n%20se%20encuentra%20programa%20del%20SAG%20para%20trazabilidad%20de%20la%20ganader%C3%ADa%20aisenina' aria-hidden='false' data-av_icon='\ue8f3' data-av_iconfont='entypo-fontello' title='' data-avia-related-tooltip='Compartir en Facebook' rel=\"noopener\"><span class='avia_hidden_link_text'>Compartir en Facebook<\/span><\/a><\/li><li class='av-share-link av-social-link-twitter' ><a target=\"_blank\" aria-label=\"Compartir en Twitter\" href='https:\/\/twitter.com\/share?text=En%20fase%20de%20ejecuci%C3%B3n%20se%20encuentra%20programa%20del%20SAG%20para%20trazabilidad%20de%20la%20ganader%C3%ADa%20aisenina&#038;url=https:\/\/radiorevelacionfm.cl\/?p=27643' aria-hidden='false' data-av_icon='\ue8f1' data-av_iconfont='entypo-fontello' title='' data-avia-related-tooltip='Compartir en Twitter' rel=\"noopener\"><span class='avia_hidden_link_text'>Compartir en Twitter<\/span><\/a><\/li><li class='av-share-link av-social-link-whatsapp' ><a target=\"_blank\" aria-label=\"Compartir en Whatsapp\" href='https:\/\/api.whatsapp.com\/send?text=https:\/\/radiorevelacionfm.cl\/?p=27643' aria-hidden='false' data-av_icon='\uf232' data-av_iconfont='entypo-fontello' title='' data-avia-related-tooltip='Compartir en Whatsapp' rel=\"noopener\"><span class='avia_hidden_link_text'>Compartir en Whatsapp<\/span><\/a><\/li><li class='av-share-link av-social-link-linkedin' ><a target=\"_blank\" aria-label=\"Compartir en LinkedIn\" href='https:\/\/linkedin.com\/shareArticle?mini=true&#038;title=En%20fase%20de%20ejecuci%C3%B3n%20se%20encuentra%20programa%20del%20SAG%20para%20trazabilidad%20de%20la%20ganader%C3%ADa%20aisenina&#038;url=https:\/\/radiorevelacionfm.cl\/?p=27643' aria-hidden='false' data-av_icon='\ue8fc' data-av_iconfont='entypo-fontello' title='' data-avia-related-tooltip='Compartir en LinkedIn' rel=\"noopener\"><span class='avia_hidden_link_text'>Compartir en LinkedIn<\/span><\/a><\/li><li class='av-share-link av-social-link-mail' ><a  aria-label=\"Compartir por correo\" href='mailto:?subject=En%20fase%20de%20ejecuci%C3%B3n%20se%20encuentra%20programa%20del%20SAG%20para%20trazabilidad%20de%20la%20ganader%C3%ADa%20aisenina&#038;body=https:\/\/radiorevelacionfm.cl\/?p=27643' aria-hidden='false' data-av_icon='\ue805' data-av_iconfont='entypo-fontello' title='' data-avia-related-tooltip='Compartir por correo'><span class='avia_hidden_link_text'>Compartir por correo<\/span><\/a><\/li><\/ul><\/div><\/div>\n<div  style='height:50px' class='hr hr-invisible   avia-builder-el-8  el_after_av_social_share  el_before_av_comments_list '><span class='hr-inner ' ><span class='hr-inner-style'><\/span><\/span><\/div>\n<div  class='av-buildercomment  av-blog-meta-html-info-disabled av-blog-meta-tag-disabled  '><\/div>\n","protected":false},"excerpt":{"rendered":"","protected":false},"author":1,"featured_media":27644,"comment_status":"open","ping_status":"open","sticky":false,"template":"","format":"standard","meta":{"footnotes":""},"categories":[58],"tags":[],"class_list":["post-27643","post","type-post","status-publish","format-standard","has-post-thumbnail","hentry","category-agricultura"],"jetpack_featured_media_url":"https:\/\/radiorevelacionfm.cl\/wp-content\/uploads\/2023\/02\/Boletin9-1-1.jpg","_links":{"self":[{"href":"https:\/\/radiorevelacionfm.cl\/index.php?rest_route=\/wp\/v2\/posts\/27643","targetHints":{"allow":["GET"]}}],"collection":[{"href":"https:\/\/radiorevelacionfm.cl\/index.php?rest_route=\/wp\/v2\/posts"}],"about":[{"href":"https:\/\/radiorevelacionfm.cl\/index.php?rest_route=\/wp\/v2\/types\/post"}],"author":[{"embeddable":true,"href":"https:\/\/radiorevelacionfm.cl\/index.php?rest_route=\/wp\/v2\/users\/1"}],"replies":[{"embeddable":true,"href":"https:\/\/radiorevelacionfm.cl\/index.php?rest_route=%2Fwp%2Fv2%2Fcomments&post=27643"}],"version-history":[{"count":2,"href":"https:\/\/radiorevelacionfm.cl\/index.php?rest_route=\/wp\/v2\/posts\/27643\/revisions"}],"predecessor-version":[{"id":27646,"href":"https:\/\/radiorevelacionfm.cl\/index.php?rest_route=\/wp\/v2\/posts\/27643\/revisions\/27646"}],"wp:featuredmedia":[{"embeddable":true,"href":"https:\/\/radiorevelacionfm.cl\/index.php?rest_route=\/wp\/v2\/media\/27644"}],"wp:attachment":[{"href":"https:\/\/radiorevelacionfm.cl\/index.php?rest_route=%2Fwp%2Fv2%2Fmedia&parent=27643"}],"wp:term":[{"taxonomy":"category","embeddable":true,"href":"https:\/\/radiorevelacionfm.cl\/index.php?rest_route=%2Fwp%2Fv2%2Fcategories&post=27643"},{"taxonomy":"post_tag","embeddable":true,"href":"https:\/\/radiorevelacionfm.cl\/index.php?rest_route=%2Fwp%2Fv2%2Ftags&post=27643"}],"curies":[{"name":"wp","href":"https:\/\/api.w.org\/{rel}","templated":true}]}}