{"id":2764,"date":"2021-02-18T16:23:33","date_gmt":"2021-02-18T19:23:33","guid":{"rendered":"https:\/\/radiorevelacionfm.cl\/?p=2764"},"modified":"2021-02-18T16:23:33","modified_gmt":"2021-02-18T19:23:33","slug":"terminal-rodoviario-de-aysen-avanza-en-su-etapa-de-diseno-con-enfasis-en-la-sustentabilidad-ambiental","status":"publish","type":"post","link":"https:\/\/radiorevelacionfm.cl\/?p=2764","title":{"rendered":"Terminal Rodoviario de Ays\u00e9n avanza en su etapa de dise\u00f1o con \u00e9nfasis en la sustentabilidad ambiental"},"content":{"rendered":"<div class=\"flex_column av_one_full  flex_column_div av-zero-column-padding first  avia-builder-el-0  el_before_av_one_full  avia-builder-el-first  \" style='border-radius:0px; '><div  class='avia-image-container  av-styling-    avia-builder-el-1  avia-builder-el-no-sibling  avia-align-center '  itemprop=\"image\" itemscope=\"itemscope\" itemtype=\"https:\/\/schema.org\/ImageObject\"  ><div class='avia-image-container-inner'><div class='avia-image-overlay-wrap'><img decoding=\"async\" class='wp-image-0 avia-img-lazy-loading-not-0 avia_image' src=\"https:\/\/radiorevelacionfm.cl\/wp-content\/uploads\/2021\/02\/Terminal-aysen-render-2-1.jpg\" alt='' title=''   itemprop=\"thumbnailUrl\"  \/><\/div><\/div><\/div><\/div><div class=\"flex_column av_one_full  flex_column_div av-zero-column-padding first  avia-builder-el-2  el_after_av_one_full  el_before_av_one_full  column-top-margin\" style='border-radius:0px; '><section class=\"av_textblock_section \"  itemscope=\"itemscope\" itemtype=\"https:\/\/schema.org\/BlogPosting\" itemprop=\"blogPost\" ><div class='avia_textblock  '   itemprop=\"text\" ><p style=\"text-align: center;\"><strong><span style=\"font-size: 18pt;\">Terminal Rodoviario de Ays\u00e9n avanza en su etapa de dise\u00f1o con \u00e9nfasis en la sustentabilidad ambiental<\/span><\/strong><\/p>\n<div id=\"gtx-trans\" style=\"position: absolute; left: -50px; top: 4.31534px;\">\n<div class=\"gtx-trans-icon\"><\/div>\n<\/div>\n<\/div><\/section><\/div><div class=\"flex_column av_one_full  flex_column_div av-zero-column-padding first  avia-builder-el-4  el_after_av_one_full  el_before_av_hr  column-top-margin\" style='border-radius:0px; '><section class=\"av_textblock_section \"  itemscope=\"itemscope\" itemtype=\"https:\/\/schema.org\/BlogPosting\" itemprop=\"blogPost\" ><div class='avia_textblock  '   itemprop=\"text\" ><p style=\"text-align: justify;\">Con un fuerte componente social y urban\u00edstico, marcado por el est\u00e1ndar de certificaci\u00f3n chileno de Edificio Sustentable avanza el proyecto que pretende dotar a la comuna de Ays\u00e9n de una nueva infraestructura de transporte que se adapte al avance demogr\u00e1fico que presenta este polo de desarrollo regional. Iniciativa que fue impulsada por la administraci\u00f3n encabezada por Luis Mart\u00ednez Gallardo y que ya cuenta con una propuesta arquitect\u00f3nica gracias al financiamiento otorgado para estos fines por parte del Ministerio de Transporte y Telecomunicaciones por m\u00e1s de 120 millones de pesos.<\/p>\n<p style=\"text-align: justify;\">Al respecto, el alcalde Mart\u00ednez destac\u00f3 que este proyecto es \u201cun anhelo de la comuna completa\u201d, agregando, adem\u00e1s que \u201cse plante\u00f3 muchas veces que debiera ser en el sector de la Escuela de Vialidad, el cual era un problema muy grande de zanjar respecto al traspaso del terreno, as\u00ed es que finalmente, Bienes Nacionales nos ha pasado este terreno, el cual est\u00e1 cedido al municipio para poder desarrollar este proyecto. Es una iniciativa grande en la cual se contrat\u00f3 una consultor\u00eda para hacer el dise\u00f1o y posteriormente entregar esto con la recomendaci\u00f3n social de tal forma de que ya que en el pr\u00f3ximo a\u00f1o pudi\u00e9semos estar ya buscando financiamiento a fines del 2021 y principios del 2022\u201d.<\/p>\n<p style=\"text-align: justify;\">Asimismo, el edil aysenino relev\u00f3 que el proyecto continuar\u00e1 su curso con una consulta ciudadana y que si bien, en la actualidad puede parecer distante la ubicaci\u00f3n \u201cesto ha ocurrido en Ays\u00e9n muchas veces, lo vimos con la c\u00e1rcel, que estaba lejos y ahora est\u00e1 en el centro, aqu\u00ed se va a generar circulaciones para taxis colectivos, para que la locomoci\u00f3n sea cerca y por supuesto que tenga una comodidad para los vecinos\u201d. Junto con ello, Mart\u00ednez felicit\u00f3 al equipo municipal que se encuentra a cargo en la contraparte de esta iniciativa, mirando con optimismo la labor realizada para poder cumplir los plazos estipulados y conseguir la construcci\u00f3n con miras al a\u00f1o 2022.<\/p>\n<p style=\"text-align: justify;\">Por su parte, Roc\u00edo B\u00f3rquez, asesora urban\u00edstica del municipio de Ays\u00e9n explic\u00f3 que \u201cla etapa de dise\u00f1o tiene varias secciones, lo primero es verificar la factibilidades del terreno, su topograf\u00eda, la mec\u00e1nica de suelos, para ver la situaci\u00f3n estructural del suelo y ver con eso el edificio que ah\u00ed se puede soportar y todo eso se est\u00e1 realizando en este minuto espec\u00edficamente; la semana pasada ya se realizaron las mec\u00e1nicas de suelo y la topograf\u00eda del terreno para cruzarlo con las facticidades sanitarias, el\u00e9ctricas y de esa manera ir dando paso al trabajo m\u00e1s t\u00e9cnico sobre el dise\u00f1o de arquitectura, el cumplimiento normativo y en especial la conexi\u00f3n que se realizar\u00eda entre el terminal con la ruta 240 que es por donde se va a acceder a este a este servicio\u201d.<\/p>\n<p style=\"text-align: justify;\">Respecto al actual dise\u00f1o que presenta el Terminal Rodoviario que se emplazar\u00e1 en Puerto Ays\u00e9n, la profesional del municipio detall\u00f3 que se proyectan 8 andenes de pasajeros, estacionamientos para taxis particulares y bicicletas, as\u00ed como tambi\u00e9n una una zona de mantenci\u00f3n y lavado de buses, todo esto con jardines y \u00e1reas verdes que vinculan el edificio con el entorno. La zona exterior tambi\u00e9n incorporar\u00e1 una zona de recarga para buses el\u00e9ctricos, adelant\u00e1ndose as\u00ed a los cambios que enfrenta el pa\u00eds en materia de electromovilidad.<\/p>\n<p style=\"text-align: justify;\">Finalmente, la personera municipal puntualiz\u00f3 que este proyecto se encuentra bajo el est\u00e1ndar de certificaci\u00f3n que se propone para edificios p\u00fablicos sustentables \u201cen la regi\u00f3n hay pocos edificios que en este minuto est\u00e1n pasando por ese proceso de certificaci\u00f3n y nosotros desde el minuto uno hemos trabajado en base a un dise\u00f1o que cumplen con esta certificaci\u00f3n, a fin de que se garantice no s\u00f3lo que sea un edificio eficiente energ\u00e9ticamente, sino que se va a generar ahorros para su mantenci\u00f3n y por supuesto amigable con el medio ambiente\u201d, sentenci\u00f3 B\u00f3rquez.<\/p>\n<\/div><\/section><\/div><div  style='height:50px' class='hr hr-invisible   avia-builder-el-6  el_after_av_one_full  el_before_av_social_share '><span class='hr-inner ' ><span class='hr-inner-style'><\/span><\/span><\/div><\/p>\n<div  class='av-social-sharing-box  avia-builder-el-7  el_after_av_hr  el_before_av_hr  '><div class='av-share-box'><h5 class='av-share-link-description av-no-toc '>Compartir esta noticia<\/h5><ul class='av-share-box-list noLightbox'><li class='av-share-link av-social-link-facebook' ><a target=\"_blank\" aria-label=\"Compartir en Facebook\" href='https:\/\/www.facebook.com\/sharer.php?u=https:\/\/radiorevelacionfm.cl\/?p=2764&#038;t=Terminal%20Rodoviario%20de%20Ays%C3%A9n%20avanza%20en%20su%20etapa%20de%20dise%C3%B1o%20con%20%C3%A9nfasis%20en%20la%20sustentabilidad%20ambiental' aria-hidden='false' data-av_icon='\ue8f3' data-av_iconfont='entypo-fontello' title='' data-avia-related-tooltip='Compartir en Facebook' rel=\"noopener\"><span class='avia_hidden_link_text'>Compartir en Facebook<\/span><\/a><\/li><li class='av-share-link av-social-link-twitter' ><a target=\"_blank\" aria-label=\"Compartir en Twitter\" href='https:\/\/twitter.com\/share?text=Terminal%20Rodoviario%20de%20Ays%C3%A9n%20avanza%20en%20su%20etapa%20de%20dise%C3%B1o%20con%20%C3%A9nfasis%20en%20la%20sustentabilidad%20ambiental&#038;url=https:\/\/radiorevelacionfm.cl\/?p=2764' aria-hidden='false' data-av_icon='\ue8f1' data-av_iconfont='entypo-fontello' title='' data-avia-related-tooltip='Compartir en Twitter' rel=\"noopener\"><span class='avia_hidden_link_text'>Compartir en Twitter<\/span><\/a><\/li><li class='av-share-link av-social-link-whatsapp' ><a target=\"_blank\" aria-label=\"Compartir en Whatsapp\" href='https:\/\/api.whatsapp.com\/send?text=https:\/\/radiorevelacionfm.cl\/?p=2764' aria-hidden='false' data-av_icon='\uf232' data-av_iconfont='entypo-fontello' title='' data-avia-related-tooltip='Compartir en Whatsapp' rel=\"noopener\"><span class='avia_hidden_link_text'>Compartir en Whatsapp<\/span><\/a><\/li><li class='av-share-link av-social-link-linkedin' ><a target=\"_blank\" aria-label=\"Compartir en LinkedIn\" href='https:\/\/linkedin.com\/shareArticle?mini=true&#038;title=Terminal%20Rodoviario%20de%20Ays%C3%A9n%20avanza%20en%20su%20etapa%20de%20dise%C3%B1o%20con%20%C3%A9nfasis%20en%20la%20sustentabilidad%20ambiental&#038;url=https:\/\/radiorevelacionfm.cl\/?p=2764' aria-hidden='false' data-av_icon='\ue8fc' data-av_iconfont='entypo-fontello' title='' data-avia-related-tooltip='Compartir en LinkedIn' rel=\"noopener\"><span class='avia_hidden_link_text'>Compartir en LinkedIn<\/span><\/a><\/li><li class='av-share-link av-social-link-mail' ><a  aria-label=\"Compartir por correo\" href='mailto:?subject=Terminal%20Rodoviario%20de%20Ays%C3%A9n%20avanza%20en%20su%20etapa%20de%20dise%C3%B1o%20con%20%C3%A9nfasis%20en%20la%20sustentabilidad%20ambiental&#038;body=https:\/\/radiorevelacionfm.cl\/?p=2764' aria-hidden='false' data-av_icon='\ue805' data-av_iconfont='entypo-fontello' title='' data-avia-related-tooltip='Compartir por correo'><span class='avia_hidden_link_text'>Compartir por correo<\/span><\/a><\/li><\/ul><\/div><\/div>\n<div  style='height:50px' class='hr hr-invisible   avia-builder-el-8  el_after_av_social_share  el_before_av_comments_list '><span class='hr-inner ' ><span class='hr-inner-style'><\/span><\/span><\/div>\n<div  class='av-buildercomment  av-blog-meta-html-info-disabled av-blog-meta-tag-disabled  '><\/div>\n","protected":false},"excerpt":{"rendered":"","protected":false},"author":1,"featured_media":0,"comment_status":"open","ping_status":"open","sticky":false,"template":"","format":"standard","meta":{"footnotes":""},"categories":[59],"tags":[],"class_list":["post-2764","post","type-post","status-publish","format-standard","hentry","category-transporte"],"jetpack_featured_media_url":"","_links":{"self":[{"href":"https:\/\/radiorevelacionfm.cl\/index.php?rest_route=\/wp\/v2\/posts\/2764","targetHints":{"allow":["GET"]}}],"collection":[{"href":"https:\/\/radiorevelacionfm.cl\/index.php?rest_route=\/wp\/v2\/posts"}],"about":[{"href":"https:\/\/radiorevelacionfm.cl\/index.php?rest_route=\/wp\/v2\/types\/post"}],"author":[{"embeddable":true,"href":"https:\/\/radiorevelacionfm.cl\/index.php?rest_route=\/wp\/v2\/users\/1"}],"replies":[{"embeddable":true,"href":"https:\/\/radiorevelacionfm.cl\/index.php?rest_route=%2Fwp%2Fv2%2Fcomments&post=2764"}],"version-history":[{"count":1,"href":"https:\/\/radiorevelacionfm.cl\/index.php?rest_route=\/wp\/v2\/posts\/2764\/revisions"}],"predecessor-version":[{"id":2766,"href":"https:\/\/radiorevelacionfm.cl\/index.php?rest_route=\/wp\/v2\/posts\/2764\/revisions\/2766"}],"wp:attachment":[{"href":"https:\/\/radiorevelacionfm.cl\/index.php?rest_route=%2Fwp%2Fv2%2Fmedia&parent=2764"}],"wp:term":[{"taxonomy":"category","embeddable":true,"href":"https:\/\/radiorevelacionfm.cl\/index.php?rest_route=%2Fwp%2Fv2%2Fcategories&post=2764"},{"taxonomy":"post_tag","embeddable":true,"href":"https:\/\/radiorevelacionfm.cl\/index.php?rest_route=%2Fwp%2Fv2%2Ftags&post=2764"}],"curies":[{"name":"wp","href":"https:\/\/api.w.org\/{rel}","templated":true}]}}