{"id":27638,"date":"2023-02-08T20:22:25","date_gmt":"2023-02-08T23:22:25","guid":{"rendered":"https:\/\/radiorevelacionfm.cl\/?p=27638"},"modified":"2023-02-08T20:22:25","modified_gmt":"2023-02-08T23:22:25","slug":"carabineros-refuerza-labor-operativa-e-incorpora-personal-y-dos-carros-al-servicio-policial","status":"publish","type":"post","link":"https:\/\/radiorevelacionfm.cl\/?p=27638","title":{"rendered":"Carabineros refuerza labor operativa e incorpora personal y dos carros al servicio policial"},"content":{"rendered":"<div class=\"flex_column av_one_full  flex_column_div av-zero-column-padding first  avia-builder-el-0  el_before_av_one_full  avia-builder-el-first  \" style='border-radius:0px; '><div  class='avia-image-container  av-styling-    avia-builder-el-1  avia-builder-el-no-sibling  avia-align-center '  itemprop=\"image\" itemscope=\"itemscope\" itemtype=\"https:\/\/schema.org\/ImageObject\"  ><div class='avia-image-container-inner'><div class='avia-image-overlay-wrap'><img decoding=\"async\" class='wp-image-27639 avia-img-lazy-loading-not-27639 avia_image' src=\"https:\/\/radiorevelacionfm.cl\/wp-content\/uploads\/2023\/02\/547c2ffa-0772-4e27-a15a-734cbba66abb-1_optimized.jpg\" alt='' title='547c2ffa-0772-4e27-a15a-734cbba66abb-(1)_optimized' height=\"600\" width=\"800\"  itemprop=\"thumbnailUrl\" srcset=\"https:\/\/radiorevelacionfm.cl\/wp-content\/uploads\/2023\/02\/547c2ffa-0772-4e27-a15a-734cbba66abb-1_optimized.jpg 800w, https:\/\/radiorevelacionfm.cl\/wp-content\/uploads\/2023\/02\/547c2ffa-0772-4e27-a15a-734cbba66abb-1_optimized-300x225.jpg 300w, https:\/\/radiorevelacionfm.cl\/wp-content\/uploads\/2023\/02\/547c2ffa-0772-4e27-a15a-734cbba66abb-1_optimized-768x576.jpg 768w, https:\/\/radiorevelacionfm.cl\/wp-content\/uploads\/2023\/02\/547c2ffa-0772-4e27-a15a-734cbba66abb-1_optimized-705x529.jpg 705w, https:\/\/radiorevelacionfm.cl\/wp-content\/uploads\/2023\/02\/547c2ffa-0772-4e27-a15a-734cbba66abb-1_optimized-600x450.jpg 600w\" sizes=\"(max-width: 800px) 100vw, 800px\" \/><\/div><\/div><\/div><\/div>\n<div class=\"flex_column av_one_full  flex_column_div av-zero-column-padding first  avia-builder-el-2  el_after_av_one_full  el_before_av_one_full  column-top-margin\" style='border-radius:0px; '><section class=\"av_textblock_section \"  itemscope=\"itemscope\" itemtype=\"https:\/\/schema.org\/BlogPosting\" itemprop=\"blogPost\" ><div class='avia_textblock  '   itemprop=\"text\" ><p style=\"text-align: center;\"><strong><span style=\"font-size: 18pt;\">Carabineros refuerza labor operativa e incorpora personal y dos carros al servicio policial<\/span><\/strong><\/p>\n<div id=\"gtx-trans\" style=\"position: absolute; left: -50px; top: 4.31534px;\">\n<div class=\"gtx-trans-icon\"><\/div>\n<\/div>\n<\/div><\/section><\/div><div class=\"flex_column av_one_full  flex_column_div av-zero-column-padding first  avia-builder-el-4  el_after_av_one_full  el_before_av_hr  column-top-margin\" style='border-radius:0px; '><section class=\"av_textblock_section \"  itemscope=\"itemscope\" itemtype=\"https:\/\/schema.org\/BlogPosting\" itemprop=\"blogPost\" ><div class='avia_textblock  '   itemprop=\"text\" ><p class=\"v1MsoNormal\" style=\"text-align: justify;\">Carabineros sigue fortaleciendo sus labores tanto preventivas como de control, gracias a la incorporaci\u00f3n de 7 suboficiales graduados y dos carros policiales que durante esta jornada se incorporaron al servicio policial, con el prop\u00f3sito de continuar optimizando los tiempos de respuesta y entregar un servicio cada vez mejor a la comunidad.<\/p>\n<p class=\"v1MsoNormal\" style=\"text-align: justify;\">Lo anterior contempl\u00f3 una ceremonia efectuada en la Plaza Mirador r\u00edo Coyhaique, la cual comenz\u00f3 con un minuto de silencio en memoria de los m\u00e1rtires institucionales que han rendido la vida en actos del servicio en defensa del orden y la patria, actividad que reuni\u00f3 a diversas autoridades regionales y comunales, entre ellas el Delegado Presidencial Regional (S) Samuel Navarro Castro; la Gobernadora Regional (S) Vania C\u00e1ceres Medina; el Fiscal Adjunto Jefe, Luis Gonz\u00e1lez Aracena; el General de Carabineros, Patricio Javier Santos Poblete; el Jefe de la Regi\u00f3n Policial Ays\u00e9n, Prefecto Luis Torralba Ram\u00edrez; Consejeros regionales, representantes de la Subsecretar\u00eda de Prevenci\u00f3n del Delito, del municipio de Coyhaique, C\u00e1mara de Comercio y Turismo, juntas de vecinos, entre otros invitados especiales.<\/p>\n<p class=\"v1MsoNormal\" style=\"text-align: justify;\"><b>\u00abEstamos trabajando por la seguridad p\u00fablica\u00bb<\/b><\/p>\n<p class=\"v1MsoNormal\" style=\"text-align: justify;\">El Delegado Presidencial Regional (S) Samuel Navarro, indic\u00f3 que lo anterior es parte de la estrategia de Gobierno orientada a potenciar el trabajo de la polic\u00eda para el control del delito.<\/p>\n<p class=\"v1MsoNormal\" style=\"text-align: justify;\">\u00abEsto es parte del plan de renovaci\u00f3n de uniformados, pero tambi\u00e9n de complementar y avanzar en seguridad p\u00fablica (&#8230;) esto es impulsado por nuestro Presidente Gabriel Boric, que est\u00e1 planteando un combate frontal a la delincuencia. El presupuesto 2023 contempla un \u00edtem de seguridad ciudadana, un eje de seguridad econ\u00f3mica y un eje de seguridad social. Esto es parte del eje de seguridad ciudadana de dar mayor dotaci\u00f3n y recursos a Carabineros para que cumpla su labor preventiva, control y de seguridad a la poblaci\u00f3n (&#8230;). Es importante que la comunidad tenga la tranquilidad que estamos trabajando por la seguridad p\u00fablica, por el control de la delincuencia, en eso no vamos a bajar los brazos y, Carabineros va a contar con toda nuestra colaboraci\u00f3n para ese cometido\u00bb, expres\u00f3 la autoridad.<\/p>\n<p class=\"v1MsoNormal\" style=\"text-align: justify;\"><b>Aumento de oferta operativa<\/b><\/p>\n<p class=\"v1MsoNormal\" style=\"text-align: justify;\">El General Santos, indic\u00f3 que, respecto al personal, se trata de funcionarios recientemente egresados de la escuela de Suboficiales, luego de un proceso formativo en aula de las sedes de Antofagasta, Concepci\u00f3n y de Santiago.<\/p>\n<p class=\"v1MsoNormal\" style=\"text-align: justify;\">\u00abEllos se incorporan a los servicios policiales en la comuna de Coyhaique, en Ays\u00e9n, 5ta. Comisar\u00eda de Control del Orden P\u00fablico (COP) y en la Central de Comunicaciones (Cenco). Estos carabineros se complementan con otros 125 carabineros que van a reemplazar a similar n\u00famero de ellos que salen de la regi\u00f3n. En segundo t\u00e9rmino, se incorporan dos nuevos veh\u00edculos policiales a la oferta operativa en la regi\u00f3n -uno del programa Somos Barrio que lidera la Subsecretar\u00eda de Prevenci\u00f3n del Delito a trav\u00e9s del Ministerio del Interior- y un segundo veh\u00edculo que viene a aumentar la oferta operativa tambi\u00e9n de Coyhaique que es un &#8216;Z&#8217; que va a estar en la 1ra. Comisar\u00eda y que suman tambi\u00e9n a los 35 veh\u00edculos que est\u00e1n en proceso de adquisici\u00f3n gracias al financiamiento del gobierno regional- que transfiri\u00f3 cerca de 3.100 millones para este prop\u00f3sito y para la compra de dos lanchas para General Carrera y Cisnes\u00bb, detall\u00f3 el General Santos.<\/p>\n<p class=\"v1MsoNormal\" style=\"text-align: justify;\">Seg\u00fan a\u00f1adi\u00f3 el Jefe Zonal, lo anterior forma parte del proceso de reforma y modernizaci\u00f3n institucional para brindar un servicio oportuno y de calidad.<\/p>\n<p class=\"v1MsoNormal\" style=\"text-align: justify;\">\u00abCiertamente el contar con nuevos veh\u00edculos, nos ayuda a mejorar la calidad del servicio, disminuir tiempos de respuesta, m\u00e1s detenciones en flagrancia y por otra parte proteger la capacidad instalada, es decir, proteger a los carabineros a trav\u00e9s de las condiciones especiales de seguridad que traen estos veh\u00edculos\u00bb, a\u00f1adi\u00f3 el General Santos, quien enfatiz\u00f3 en que Carabineros previene el delito controlando.<\/p>\n<p class=\"v1MsoNormal\" style=\"text-align: justify;\">Dicha entrega, constituye una respuesta a la necesidad que se ha expresado a partir del clamor de la comunidad, como es m\u00e1s seguridad, m\u00e1s presencia de Carabineros en el territorio en forma permanente, anuncio que se realiz\u00f3 en compa\u00f1\u00eda de autoridades, vecinos y junto a los hombres y mujeres que conforman la Instituci\u00f3n.<\/p>\n<\/div><\/section><\/div><\/p>\n<div  style='height:50px' class='hr hr-invisible   avia-builder-el-6  el_after_av_one_full  el_before_av_social_share '><span class='hr-inner ' ><span class='hr-inner-style'><\/span><\/span><\/div>\n<div  class='av-social-sharing-box  avia-builder-el-7  el_after_av_hr  el_before_av_hr  '><div class='av-share-box'><h5 class='av-share-link-description av-no-toc '>Compartir esta noticia<\/h5><ul class='av-share-box-list noLightbox'><li class='av-share-link av-social-link-facebook' ><a target=\"_blank\" aria-label=\"Compartir en Facebook\" href='https:\/\/www.facebook.com\/sharer.php?u=https:\/\/radiorevelacionfm.cl\/?p=27638&#038;t=Carabineros%20refuerza%20labor%20operativa%20e%20incorpora%20personal%20y%20dos%20carros%20al%20servicio%20policial' aria-hidden='false' data-av_icon='\ue8f3' data-av_iconfont='entypo-fontello' title='' data-avia-related-tooltip='Compartir en Facebook' rel=\"noopener\"><span class='avia_hidden_link_text'>Compartir en Facebook<\/span><\/a><\/li><li class='av-share-link av-social-link-twitter' ><a target=\"_blank\" aria-label=\"Compartir en Twitter\" href='https:\/\/twitter.com\/share?text=Carabineros%20refuerza%20labor%20operativa%20e%20incorpora%20personal%20y%20dos%20carros%20al%20servicio%20policial&#038;url=https:\/\/radiorevelacionfm.cl\/?p=27638' aria-hidden='false' data-av_icon='\ue8f1' data-av_iconfont='entypo-fontello' title='' data-avia-related-tooltip='Compartir en Twitter' rel=\"noopener\"><span class='avia_hidden_link_text'>Compartir en Twitter<\/span><\/a><\/li><li class='av-share-link av-social-link-whatsapp' ><a target=\"_blank\" aria-label=\"Compartir en Whatsapp\" href='https:\/\/api.whatsapp.com\/send?text=https:\/\/radiorevelacionfm.cl\/?p=27638' aria-hidden='false' data-av_icon='\uf232' data-av_iconfont='entypo-fontello' title='' data-avia-related-tooltip='Compartir en Whatsapp' rel=\"noopener\"><span class='avia_hidden_link_text'>Compartir en Whatsapp<\/span><\/a><\/li><li class='av-share-link av-social-link-linkedin' ><a target=\"_blank\" aria-label=\"Compartir en LinkedIn\" href='https:\/\/linkedin.com\/shareArticle?mini=true&#038;title=Carabineros%20refuerza%20labor%20operativa%20e%20incorpora%20personal%20y%20dos%20carros%20al%20servicio%20policial&#038;url=https:\/\/radiorevelacionfm.cl\/?p=27638' aria-hidden='false' data-av_icon='\ue8fc' data-av_iconfont='entypo-fontello' title='' data-avia-related-tooltip='Compartir en LinkedIn' rel=\"noopener\"><span class='avia_hidden_link_text'>Compartir en LinkedIn<\/span><\/a><\/li><li class='av-share-link av-social-link-mail' ><a  aria-label=\"Compartir por correo\" href='mailto:?subject=Carabineros%20refuerza%20labor%20operativa%20e%20incorpora%20personal%20y%20dos%20carros%20al%20servicio%20policial&#038;body=https:\/\/radiorevelacionfm.cl\/?p=27638' aria-hidden='false' data-av_icon='\ue805' data-av_iconfont='entypo-fontello' title='' data-avia-related-tooltip='Compartir por correo'><span class='avia_hidden_link_text'>Compartir por correo<\/span><\/a><\/li><\/ul><\/div><\/div>\n<div  style='height:50px' class='hr hr-invisible   avia-builder-el-8  el_after_av_social_share  el_before_av_comments_list '><span class='hr-inner ' ><span class='hr-inner-style'><\/span><\/span><\/div>\n<div  class='av-buildercomment  av-blog-meta-html-info-disabled av-blog-meta-tag-disabled  '><\/div>\n","protected":false},"excerpt":{"rendered":"","protected":false},"author":1,"featured_media":27639,"comment_status":"open","ping_status":"open","sticky":false,"template":"","format":"standard","meta":{"footnotes":""},"categories":[36],"tags":[],"class_list":["post-27638","post","type-post","status-publish","format-standard","has-post-thumbnail","hentry","category-policial"],"jetpack_featured_media_url":"https:\/\/radiorevelacionfm.cl\/wp-content\/uploads\/2023\/02\/547c2ffa-0772-4e27-a15a-734cbba66abb-1_optimized.jpg","_links":{"self":[{"href":"https:\/\/radiorevelacionfm.cl\/index.php?rest_route=\/wp\/v2\/posts\/27638","targetHints":{"allow":["GET"]}}],"collection":[{"href":"https:\/\/radiorevelacionfm.cl\/index.php?rest_route=\/wp\/v2\/posts"}],"about":[{"href":"https:\/\/radiorevelacionfm.cl\/index.php?rest_route=\/wp\/v2\/types\/post"}],"author":[{"embeddable":true,"href":"https:\/\/radiorevelacionfm.cl\/index.php?rest_route=\/wp\/v2\/users\/1"}],"replies":[{"embeddable":true,"href":"https:\/\/radiorevelacionfm.cl\/index.php?rest_route=%2Fwp%2Fv2%2Fcomments&post=27638"}],"version-history":[{"count":3,"href":"https:\/\/radiorevelacionfm.cl\/index.php?rest_route=\/wp\/v2\/posts\/27638\/revisions"}],"predecessor-version":[{"id":27642,"href":"https:\/\/radiorevelacionfm.cl\/index.php?rest_route=\/wp\/v2\/posts\/27638\/revisions\/27642"}],"wp:featuredmedia":[{"embeddable":true,"href":"https:\/\/radiorevelacionfm.cl\/index.php?rest_route=\/wp\/v2\/media\/27639"}],"wp:attachment":[{"href":"https:\/\/radiorevelacionfm.cl\/index.php?rest_route=%2Fwp%2Fv2%2Fmedia&parent=27638"}],"wp:term":[{"taxonomy":"category","embeddable":true,"href":"https:\/\/radiorevelacionfm.cl\/index.php?rest_route=%2Fwp%2Fv2%2Fcategories&post=27638"},{"taxonomy":"post_tag","embeddable":true,"href":"https:\/\/radiorevelacionfm.cl\/index.php?rest_route=%2Fwp%2Fv2%2Ftags&post=27638"}],"curies":[{"name":"wp","href":"https:\/\/api.w.org\/{rel}","templated":true}]}}