{"id":27625,"date":"2023-02-08T17:04:51","date_gmt":"2023-02-08T20:04:51","guid":{"rendered":"https:\/\/radiorevelacionfm.cl\/?p=27625"},"modified":"2023-02-08T17:11:27","modified_gmt":"2023-02-08T20:11:27","slug":"fiesta-del-madereo-una-celebracion-que-reivindica-roles-y-oficios-de-caleta-tortel","status":"publish","type":"post","link":"https:\/\/radiorevelacionfm.cl\/?p=27625","title":{"rendered":"Fiesta del Madereo: una celebraci\u00f3n que reivindica roles y oficios de Caleta Tortel"},"content":{"rendered":"<div class=\"flex_column av_one_full  flex_column_div av-zero-column-padding first  avia-builder-el-0  el_before_av_one_full  avia-builder-el-first  \" style='border-radius:0px; '><div  class='avia-image-container  av-styling-    avia-builder-el-1  avia-builder-el-no-sibling  avia-align-center '  itemprop=\"image\" itemscope=\"itemscope\" itemtype=\"https:\/\/schema.org\/ImageObject\"  ><div class='avia-image-container-inner'><div class='avia-image-overlay-wrap'><img decoding=\"async\" class='wp-image-27629 avia-img-lazy-loading-not-27629 avia_image' src=\"https:\/\/radiorevelacionfm.cl\/wp-content\/uploads\/2023\/02\/img_8811-1-1_optimized-1.jpg\" alt='' title='img_8811-(1)-(1)_optimized (1)' height=\"600\" width=\"900\"  itemprop=\"thumbnailUrl\" srcset=\"https:\/\/radiorevelacionfm.cl\/wp-content\/uploads\/2023\/02\/img_8811-1-1_optimized-1.jpg 900w, https:\/\/radiorevelacionfm.cl\/wp-content\/uploads\/2023\/02\/img_8811-1-1_optimized-1-300x200.jpg 300w, https:\/\/radiorevelacionfm.cl\/wp-content\/uploads\/2023\/02\/img_8811-1-1_optimized-1-768x512.jpg 768w, https:\/\/radiorevelacionfm.cl\/wp-content\/uploads\/2023\/02\/img_8811-1-1_optimized-1-705x470.jpg 705w, https:\/\/radiorevelacionfm.cl\/wp-content\/uploads\/2023\/02\/img_8811-1-1_optimized-1-600x400.jpg 600w\" sizes=\"(max-width: 900px) 100vw, 900px\" \/><\/div><\/div><\/div><\/div><div class=\"flex_column av_one_full  flex_column_div av-zero-column-padding first  avia-builder-el-2  el_after_av_one_full  el_before_av_one_full  column-top-margin\" style='border-radius:0px; '><section class=\"av_textblock_section \"  itemscope=\"itemscope\" itemtype=\"https:\/\/schema.org\/BlogPosting\" itemprop=\"blogPost\" ><div class='avia_textblock  '   itemprop=\"text\" ><p style=\"text-align: center;\"><strong><span style=\"font-size: 18pt;\">Fiesta del Madereo: una celebraci\u00f3n que reivindica roles y oficios de Caleta Tortel<\/span><\/strong><\/p>\n<div id=\"gtx-trans\" style=\"position: absolute; left: -50px; top: 4.31534px;\">\n<div class=\"gtx-trans-icon\"><\/div>\n<\/div>\n<\/div><\/section><\/div><\/p>\n<div class=\"flex_column av_one_full  flex_column_div av-zero-column-padding first  avia-builder-el-4  el_after_av_one_full  el_before_av_hr  column-top-margin\" style='border-radius:0px; '><section class=\"av_textblock_section \"  itemscope=\"itemscope\" itemtype=\"https:\/\/schema.org\/BlogPosting\" itemprop=\"blogPost\" ><div class='avia_textblock  '   itemprop=\"text\" ><p style=\"text-align: justify;\">Entre chamames, platos t\u00edpicos y muestras costumbristas, cientos de turistas y tortelinos disfrutaron de una nueva versi\u00f3n de la Fiesta del Madereo, celebraci\u00f3n t\u00edpica de la comuna de Tortel. As\u00ed, con gran convocatoria la actividad cerr\u00f3 este domingo 5 de febrero, tras tres d\u00edas de reuniones en torno a las tradiciones propias de esta particular comuna.<\/p>\n<p style=\"text-align: justify;\">La VIII versi\u00f3n de la Fiesta del Madereo se desarroll\u00f3 los d\u00edas 3, 4 y 5 de febrero, contando con una alta participaci\u00f3n de artistas y artesanos locales, adem\u00e1s de la presencia de m\u00fasicos regionales, quienes deleitaron al p\u00fablico con interpretaciones y exposiciones que evidenciaron el talento y empuje de las personas que habitan este territorio.<\/p>\n<p style=\"text-align: justify;\">En el acto inaugural destac\u00f3 la participaci\u00f3n del alcalde de Tortel, Abel Becerra Vidal, quien, en conjunto con el consejero regional, V\u00edctor Escobar; la delegada presidencial de la provincia de Capit\u00e1n Prat, Marta Montiel; el alcalde de Chile Chico, Luperciano Mu\u00f1oz; el alcalde de Cochrane, Jorge Calder\u00f3n, dieron el vamos al evento.<\/p>\n<p style=\"text-align: justify;\">Reconocimientos a tejueleros y carpinteros de ribera, fueron parte de las instancias conmemorativas que evidenciaron la importancia del oficio maderero en Caleta Tortel. A esto se sumaron muestras de gastronom\u00eda local, a trav\u00e9s de la venta de asados costumbristas y platos t\u00edpicos de la herencia culinaria de pioneros y pioneras.<\/p>\n<p style=\"text-align: justify;\">Adem\u00e1s de ello, un punto relevante durante las jornadas fue la construcci\u00f3n de una balsa con postes de cipr\u00e9s, la que baj\u00f3 por las corrientes del r\u00edo Baker, emulando las embarcaciones que hac\u00edan anta\u00f1o los primeros habitantes del territorio. La bajada fue escoltada por participantes de la organizaci\u00f3n comunitaria, Kaleta Kayak, la que realiz\u00f3 el periplo junto al alcalde local y j\u00f3venes de la localidad, demostrando el significativo rol que tiene el desplazamiento acu\u00e1tico en el desarrollo de la comuna.<\/p>\n<p style=\"text-align: justify;\">As\u00ed, la expectaci\u00f3n que gener\u00f3 la instancia fue ampliamente celebrada por visitantes y personas locales, quienes esperaron el arribo de la construcci\u00f3n, mientras iban conociendo aspectos propios de la historia de Tortel, en tanto tambi\u00e9n se deleitaban con preparaciones t\u00edpicas.<\/p>\n<p style=\"text-align: justify;\">A juicio del alcalde de la comuna, Abel Becerra Vidal, la festividad cont\u00f3 con una alta convocatoria de participantes de distintos rincones del pa\u00eds, personas que destacaron las tradiciones propias del territorio. Desde ah\u00ed, el edil destac\u00f3 la relevancia del encuentro, ya que \u201crefleja tem\u00e1ticas vinculadas con la herencia cultural de quienes llegaron a poblar la comuna\u201d<\/p>\n<p style=\"text-align: justify;\">En ese sentido, y en articulaci\u00f3n con un reconocimiento hacia la labor que tambi\u00e9n cumplen mujeres y ni\u00f1os en el habitar de Tortel, se decidi\u00f3 que desde este 2023, la celebraci\u00f3n ser\u00eda conocida como Fiesta del Madereo, en homenaje a un oficio que no distingue sexos ni edades en su pr\u00e1ctica.<\/p>\n<p style=\"text-align: justify;\">Este \u00faltimo aspecto pudo observarse durante este fin de semana de conmemoraci\u00f3n, al reconocerse el trabajo en madera y artesan\u00eda en general, de quienes practican el oficio independiente de su g\u00e9nero, destacando j\u00f3venes mujeres expertas en la elaboraci\u00f3n de postes en madera de cipr\u00e9s.<\/p>\n<p style=\"text-align: justify;\">La VIII versi\u00f3n de la Fiesta del Madereo fue posible gracias al financiamiento de la convocatoria 2022 del FNDR 7%, promovido por el Gobierno Regional de Ays\u00e9n.<\/p>\n<\/div><\/section><\/div>\n<div  style='height:50px' class='hr hr-invisible   avia-builder-el-6  el_after_av_one_full  el_before_av_social_share '><span class='hr-inner ' ><span class='hr-inner-style'><\/span><\/span><\/div>\n<div  class='av-social-sharing-box  avia-builder-el-7  el_after_av_hr  el_before_av_hr  '><div class='av-share-box'><h5 class='av-share-link-description av-no-toc '>Compartir esta noticia<\/h5><ul class='av-share-box-list noLightbox'><li class='av-share-link av-social-link-facebook' ><a target=\"_blank\" aria-label=\"Compartir en Facebook\" href='https:\/\/www.facebook.com\/sharer.php?u=https:\/\/radiorevelacionfm.cl\/?p=27625&#038;t=Fiesta%20del%20Madereo%3A%20una%20celebraci%C3%B3n%20que%20reivindica%20roles%20y%20oficios%20de%20Caleta%20Tortel' aria-hidden='false' data-av_icon='\ue8f3' data-av_iconfont='entypo-fontello' title='' data-avia-related-tooltip='Compartir en Facebook' rel=\"noopener\"><span class='avia_hidden_link_text'>Compartir en Facebook<\/span><\/a><\/li><li class='av-share-link av-social-link-twitter' ><a target=\"_blank\" aria-label=\"Compartir en Twitter\" href='https:\/\/twitter.com\/share?text=Fiesta%20del%20Madereo%3A%20una%20celebraci%C3%B3n%20que%20reivindica%20roles%20y%20oficios%20de%20Caleta%20Tortel&#038;url=https:\/\/radiorevelacionfm.cl\/?p=27625' aria-hidden='false' data-av_icon='\ue8f1' data-av_iconfont='entypo-fontello' title='' data-avia-related-tooltip='Compartir en Twitter' rel=\"noopener\"><span class='avia_hidden_link_text'>Compartir en Twitter<\/span><\/a><\/li><li class='av-share-link av-social-link-whatsapp' ><a target=\"_blank\" aria-label=\"Compartir en Whatsapp\" href='https:\/\/api.whatsapp.com\/send?text=https:\/\/radiorevelacionfm.cl\/?p=27625' aria-hidden='false' data-av_icon='\uf232' data-av_iconfont='entypo-fontello' title='' data-avia-related-tooltip='Compartir en Whatsapp' rel=\"noopener\"><span class='avia_hidden_link_text'>Compartir en Whatsapp<\/span><\/a><\/li><li class='av-share-link av-social-link-linkedin' ><a target=\"_blank\" aria-label=\"Compartir en LinkedIn\" href='https:\/\/linkedin.com\/shareArticle?mini=true&#038;title=Fiesta%20del%20Madereo%3A%20una%20celebraci%C3%B3n%20que%20reivindica%20roles%20y%20oficios%20de%20Caleta%20Tortel&#038;url=https:\/\/radiorevelacionfm.cl\/?p=27625' aria-hidden='false' data-av_icon='\ue8fc' data-av_iconfont='entypo-fontello' title='' data-avia-related-tooltip='Compartir en LinkedIn' rel=\"noopener\"><span class='avia_hidden_link_text'>Compartir en LinkedIn<\/span><\/a><\/li><li class='av-share-link av-social-link-mail' ><a  aria-label=\"Compartir por correo\" href='mailto:?subject=Fiesta%20del%20Madereo%3A%20una%20celebraci%C3%B3n%20que%20reivindica%20roles%20y%20oficios%20de%20Caleta%20Tortel&#038;body=https:\/\/radiorevelacionfm.cl\/?p=27625' aria-hidden='false' data-av_icon='\ue805' data-av_iconfont='entypo-fontello' title='' data-avia-related-tooltip='Compartir por correo'><span class='avia_hidden_link_text'>Compartir por correo<\/span><\/a><\/li><\/ul><\/div><\/div>\n<div  style='height:50px' class='hr hr-invisible   avia-builder-el-8  el_after_av_social_share  el_before_av_comments_list '><span class='hr-inner ' ><span class='hr-inner-style'><\/span><\/span><\/div>\n<div  class='av-buildercomment  av-blog-meta-html-info-disabled av-blog-meta-tag-disabled  '><\/div>\n","protected":false},"excerpt":{"rendered":"","protected":false},"author":1,"featured_media":27629,"comment_status":"open","ping_status":"open","sticky":false,"template":"","format":"standard","meta":{"footnotes":""},"categories":[38],"tags":[],"class_list":["post-27625","post","type-post","status-publish","format-standard","has-post-thumbnail","hentry","category-regional"],"jetpack_featured_media_url":"https:\/\/radiorevelacionfm.cl\/wp-content\/uploads\/2023\/02\/img_8811-1-1_optimized-1.jpg","_links":{"self":[{"href":"https:\/\/radiorevelacionfm.cl\/index.php?rest_route=\/wp\/v2\/posts\/27625","targetHints":{"allow":["GET"]}}],"collection":[{"href":"https:\/\/radiorevelacionfm.cl\/index.php?rest_route=\/wp\/v2\/posts"}],"about":[{"href":"https:\/\/radiorevelacionfm.cl\/index.php?rest_route=\/wp\/v2\/types\/post"}],"author":[{"embeddable":true,"href":"https:\/\/radiorevelacionfm.cl\/index.php?rest_route=\/wp\/v2\/users\/1"}],"replies":[{"embeddable":true,"href":"https:\/\/radiorevelacionfm.cl\/index.php?rest_route=%2Fwp%2Fv2%2Fcomments&post=27625"}],"version-history":[{"count":3,"href":"https:\/\/radiorevelacionfm.cl\/index.php?rest_route=\/wp\/v2\/posts\/27625\/revisions"}],"predecessor-version":[{"id":27628,"href":"https:\/\/radiorevelacionfm.cl\/index.php?rest_route=\/wp\/v2\/posts\/27625\/revisions\/27628"}],"wp:featuredmedia":[{"embeddable":true,"href":"https:\/\/radiorevelacionfm.cl\/index.php?rest_route=\/wp\/v2\/media\/27629"}],"wp:attachment":[{"href":"https:\/\/radiorevelacionfm.cl\/index.php?rest_route=%2Fwp%2Fv2%2Fmedia&parent=27625"}],"wp:term":[{"taxonomy":"category","embeddable":true,"href":"https:\/\/radiorevelacionfm.cl\/index.php?rest_route=%2Fwp%2Fv2%2Fcategories&post=27625"},{"taxonomy":"post_tag","embeddable":true,"href":"https:\/\/radiorevelacionfm.cl\/index.php?rest_route=%2Fwp%2Fv2%2Ftags&post=27625"}],"curies":[{"name":"wp","href":"https:\/\/api.w.org\/{rel}","templated":true}]}}