{"id":27615,"date":"2023-02-08T14:38:35","date_gmt":"2023-02-08T17:38:35","guid":{"rendered":"https:\/\/radiorevelacionfm.cl\/?p=27615"},"modified":"2023-02-08T14:38:35","modified_gmt":"2023-02-08T17:38:35","slug":"torneo-de-artes-marciales-mixtas-todo-vale-reunio-alimentos-no-perecibles-para-comedor-solidario-de-aysen","status":"publish","type":"post","link":"https:\/\/radiorevelacionfm.cl\/?p=27615","title":{"rendered":"Torneo de Artes Marciales Mixtas \u201cTodo Vale\u201d reuni\u00f3 alimentos no perecibles para comedor solidario de Ays\u00e9n"},"content":{"rendered":"<div class=\"flex_column av_one_full  flex_column_div av-zero-column-padding first  avia-builder-el-0  el_before_av_one_full  avia-builder-el-first  \" style='border-radius:0px; '><div  class='avia-image-container  av-styling-    avia-builder-el-1  avia-builder-el-no-sibling  avia-align-center '  itemprop=\"image\" itemscope=\"itemscope\" itemtype=\"https:\/\/schema.org\/ImageObject\"  ><div class='avia-image-container-inner'><div class='avia-image-overlay-wrap'><img decoding=\"async\" class='wp-image-27616 avia-img-lazy-loading-not-27616 avia_image' src=\"https:\/\/radiorevelacionfm.cl\/wp-content\/uploads\/2023\/02\/comedor-1-1_optimized.jpg\" alt='' title='comedor-1-(1)_optimized' height=\"600\" width=\"800\"  itemprop=\"thumbnailUrl\" srcset=\"https:\/\/radiorevelacionfm.cl\/wp-content\/uploads\/2023\/02\/comedor-1-1_optimized.jpg 800w, https:\/\/radiorevelacionfm.cl\/wp-content\/uploads\/2023\/02\/comedor-1-1_optimized-300x225.jpg 300w, https:\/\/radiorevelacionfm.cl\/wp-content\/uploads\/2023\/02\/comedor-1-1_optimized-768x576.jpg 768w, https:\/\/radiorevelacionfm.cl\/wp-content\/uploads\/2023\/02\/comedor-1-1_optimized-705x529.jpg 705w, https:\/\/radiorevelacionfm.cl\/wp-content\/uploads\/2023\/02\/comedor-1-1_optimized-600x450.jpg 600w\" sizes=\"(max-width: 800px) 100vw, 800px\" \/><\/div><\/div><\/div><\/div><div class=\"flex_column av_one_full  flex_column_div av-zero-column-padding first  avia-builder-el-2  el_after_av_one_full  el_before_av_one_full  column-top-margin\" style='border-radius:0px; '><section class=\"av_textblock_section \"  itemscope=\"itemscope\" itemtype=\"https:\/\/schema.org\/BlogPosting\" itemprop=\"blogPost\" ><div class='avia_textblock  '   itemprop=\"text\" ><p style=\"text-align: center;\"><span style=\"font-size: 18pt;\"><strong>Torneo de Artes Marciales Mixtas \u201cTodo Vale\u201d reuni\u00f3 alimentos no perecibles para comedor solidario de Ays\u00e9n <\/strong><\/span><\/p>\n<div id=\"gtx-trans\" style=\"position: absolute; left: -50px; top: 4.31534px;\">\n<div class=\"gtx-trans-icon\"><\/div>\n<\/div>\n<\/div><\/section><\/div><div class=\"flex_column av_one_full  flex_column_div av-zero-column-padding first  avia-builder-el-4  el_after_av_one_full  el_before_av_hr  column-top-margin\" style='border-radius:0px; '><section class=\"av_textblock_section \"  itemscope=\"itemscope\" itemtype=\"https:\/\/schema.org\/BlogPosting\" itemprop=\"blogPost\" ><div class='avia_textblock  '   itemprop=\"text\" ><p style=\"text-align: justify;\">El pasado s\u00e1bado 04 de febrero se realiz\u00f3 el torneo de Artes Marciales Mixtas \u201cTodo Vale\u201d (MMA) en el Polideportivo 21 de abril. La actividad fue organizada por la Corporaci\u00f3n de Deportes y Recreaci\u00f3n de la Ilustre Municipalidad de Ays\u00e9n, y estuvo enmarcada en la celebraci\u00f3n del 95\u00b0 aniversario.<\/p>\n<p style=\"text-align: justify;\">La actividad gratuita convoc\u00f3 a los amantes del deporte marcial con la colaboraci\u00f3n de alimentos no perecibles para el nuevo comedor solidario del club social Ribera Sur ubicado en la poblaci\u00f3n Desaf\u00edo Justo de la comuna de Puerto Ays\u00e9n, que se inaugur\u00f3 a principios de febrero con la presencia del alcalde, Julio Uribe Alvarado, las concejalas, Rosa Gonz\u00e1lez B\u00f3rquez, Tatiana Villarroel Arancibia, Silvia Klagges Cristi y la encargada de la Unidad de Organizaciones Comunitarias de la Ilustre Municipalidad de Ays\u00e9n, Rita Aguilar Oyarzo.<\/p>\n<p style=\"text-align: justify;\">\u201cComo municipio estamos muy contentos que existan j\u00f3venes voluntarios que quieran ir en ayuda de sus vecinos. En la poblaci\u00f3n de Desaf\u00edo Justo se organizaron y hoy en d\u00eda se est\u00e1n entregando colaciones para los vecinos m\u00e1s necesitados y nosotros como municipio hemos querido estar presente en la inauguraci\u00f3n y ser un apoyo a su organizaci\u00f3n a trav\u00e9s de gestiones como de convocar a la comunidad en actividades realizadas en el Polideportivo. As\u00ed que estamos muy contentos y felicitamos a la organizaci\u00f3n quienes son muy comprometidos y a eso uno lo llena de esperanza y orgullo\u201d, comenta el alcalde de la comuna, Julio Uribe Alvarado.<\/p>\n<p style=\"text-align: justify;\">El torno de Artes Marciales Mixtas \u201cTodo Vale\u201d (MMA) consisti\u00f3 en nueve combates que cont\u00f3 con participantes provenientes desde Argentina, Venezuela y diversas partes de Chile.<\/p>\n<\/div><\/section><\/div><div  style='height:50px' class='hr hr-invisible   avia-builder-el-6  el_after_av_one_full  el_before_av_social_share '><span class='hr-inner ' ><span class='hr-inner-style'><\/span><\/span><\/div><\/p>\n<div  class='av-social-sharing-box  avia-builder-el-7  el_after_av_hr  el_before_av_hr  '><div class='av-share-box'><h5 class='av-share-link-description av-no-toc '>Compartir esta noticia<\/h5><ul class='av-share-box-list noLightbox'><li class='av-share-link av-social-link-facebook' ><a target=\"_blank\" aria-label=\"Compartir en Facebook\" href='https:\/\/www.facebook.com\/sharer.php?u=https:\/\/radiorevelacionfm.cl\/?p=27615&#038;t=Torneo%20de%20Artes%20Marciales%20Mixtas%20%E2%80%9CTodo%20Vale%E2%80%9D%20reuni%C3%B3%20alimentos%20no%20perecibles%20para%20comedor%20solidario%20de%20Ays%C3%A9n' aria-hidden='false' data-av_icon='\ue8f3' data-av_iconfont='entypo-fontello' title='' data-avia-related-tooltip='Compartir en Facebook' rel=\"noopener\"><span class='avia_hidden_link_text'>Compartir en Facebook<\/span><\/a><\/li><li class='av-share-link av-social-link-twitter' ><a target=\"_blank\" aria-label=\"Compartir en Twitter\" href='https:\/\/twitter.com\/share?text=Torneo%20de%20Artes%20Marciales%20Mixtas%20%E2%80%9CTodo%20Vale%E2%80%9D%20reuni%C3%B3%20alimentos%20no%20perecibles%20para%20comedor%20solidario%20de%20Ays%C3%A9n&#038;url=https:\/\/radiorevelacionfm.cl\/?p=27615' aria-hidden='false' data-av_icon='\ue8f1' data-av_iconfont='entypo-fontello' title='' data-avia-related-tooltip='Compartir en Twitter' rel=\"noopener\"><span class='avia_hidden_link_text'>Compartir en Twitter<\/span><\/a><\/li><li class='av-share-link av-social-link-whatsapp' ><a target=\"_blank\" aria-label=\"Compartir en Whatsapp\" href='https:\/\/api.whatsapp.com\/send?text=https:\/\/radiorevelacionfm.cl\/?p=27615' aria-hidden='false' data-av_icon='\uf232' data-av_iconfont='entypo-fontello' title='' data-avia-related-tooltip='Compartir en Whatsapp' rel=\"noopener\"><span class='avia_hidden_link_text'>Compartir en Whatsapp<\/span><\/a><\/li><li class='av-share-link av-social-link-linkedin' ><a target=\"_blank\" aria-label=\"Compartir en LinkedIn\" href='https:\/\/linkedin.com\/shareArticle?mini=true&#038;title=Torneo%20de%20Artes%20Marciales%20Mixtas%20%E2%80%9CTodo%20Vale%E2%80%9D%20reuni%C3%B3%20alimentos%20no%20perecibles%20para%20comedor%20solidario%20de%20Ays%C3%A9n&#038;url=https:\/\/radiorevelacionfm.cl\/?p=27615' aria-hidden='false' data-av_icon='\ue8fc' data-av_iconfont='entypo-fontello' title='' data-avia-related-tooltip='Compartir en LinkedIn' rel=\"noopener\"><span class='avia_hidden_link_text'>Compartir en LinkedIn<\/span><\/a><\/li><li class='av-share-link av-social-link-mail' ><a  aria-label=\"Compartir por correo\" href='mailto:?subject=Torneo%20de%20Artes%20Marciales%20Mixtas%20%E2%80%9CTodo%20Vale%E2%80%9D%20reuni%C3%B3%20alimentos%20no%20perecibles%20para%20comedor%20solidario%20de%20Ays%C3%A9n&#038;body=https:\/\/radiorevelacionfm.cl\/?p=27615' aria-hidden='false' data-av_icon='\ue805' data-av_iconfont='entypo-fontello' title='' data-avia-related-tooltip='Compartir por correo'><span class='avia_hidden_link_text'>Compartir por correo<\/span><\/a><\/li><\/ul><\/div><\/div>\n<div  style='height:50px' class='hr hr-invisible   avia-builder-el-8  el_after_av_social_share  el_before_av_comments_list '><span class='hr-inner ' ><span class='hr-inner-style'><\/span><\/span><\/div>\n<div  class='av-buildercomment  av-blog-meta-html-info-disabled av-blog-meta-tag-disabled  '><\/div>\n","protected":false},"excerpt":{"rendered":"","protected":false},"author":1,"featured_media":27616,"comment_status":"open","ping_status":"open","sticky":false,"template":"","format":"standard","meta":{"footnotes":""},"categories":[38],"tags":[],"class_list":["post-27615","post","type-post","status-publish","format-standard","has-post-thumbnail","hentry","category-regional"],"jetpack_featured_media_url":"https:\/\/radiorevelacionfm.cl\/wp-content\/uploads\/2023\/02\/comedor-1-1_optimized.jpg","_links":{"self":[{"href":"https:\/\/radiorevelacionfm.cl\/index.php?rest_route=\/wp\/v2\/posts\/27615","targetHints":{"allow":["GET"]}}],"collection":[{"href":"https:\/\/radiorevelacionfm.cl\/index.php?rest_route=\/wp\/v2\/posts"}],"about":[{"href":"https:\/\/radiorevelacionfm.cl\/index.php?rest_route=\/wp\/v2\/types\/post"}],"author":[{"embeddable":true,"href":"https:\/\/radiorevelacionfm.cl\/index.php?rest_route=\/wp\/v2\/users\/1"}],"replies":[{"embeddable":true,"href":"https:\/\/radiorevelacionfm.cl\/index.php?rest_route=%2Fwp%2Fv2%2Fcomments&post=27615"}],"version-history":[{"count":2,"href":"https:\/\/radiorevelacionfm.cl\/index.php?rest_route=\/wp\/v2\/posts\/27615\/revisions"}],"predecessor-version":[{"id":27618,"href":"https:\/\/radiorevelacionfm.cl\/index.php?rest_route=\/wp\/v2\/posts\/27615\/revisions\/27618"}],"wp:featuredmedia":[{"embeddable":true,"href":"https:\/\/radiorevelacionfm.cl\/index.php?rest_route=\/wp\/v2\/media\/27616"}],"wp:attachment":[{"href":"https:\/\/radiorevelacionfm.cl\/index.php?rest_route=%2Fwp%2Fv2%2Fmedia&parent=27615"}],"wp:term":[{"taxonomy":"category","embeddable":true,"href":"https:\/\/radiorevelacionfm.cl\/index.php?rest_route=%2Fwp%2Fv2%2Fcategories&post=27615"},{"taxonomy":"post_tag","embeddable":true,"href":"https:\/\/radiorevelacionfm.cl\/index.php?rest_route=%2Fwp%2Fv2%2Ftags&post=27615"}],"curies":[{"name":"wp","href":"https:\/\/api.w.org\/{rel}","templated":true}]}}