{"id":2761,"date":"2021-02-19T10:05:00","date_gmt":"2021-02-19T13:05:00","guid":{"rendered":"https:\/\/radiorevelacionfm.cl\/?p=2761"},"modified":"2021-02-19T10:05:00","modified_gmt":"2021-02-19T13:05:00","slug":"en-puerto-aysen-inician-estudio-de-actualizacion-de-plan-de-gestion-de-transito-local","status":"publish","type":"post","link":"https:\/\/radiorevelacionfm.cl\/?p=2761","title":{"rendered":"En Puerto Ays\u00e9n inician estudio de actualizaci\u00f3n de Plan de Gesti\u00f3n de Tr\u00e1nsito local"},"content":{"rendered":"<div class=\"flex_column av_one_full  flex_column_div av-zero-column-padding first  avia-builder-el-0  el_before_av_one_full  avia-builder-el-first  \" style='border-radius:0px; '><div  class='avia-image-container  av-styling-    avia-builder-el-1  avia-builder-el-no-sibling  avia-align-center '  itemprop=\"image\" itemscope=\"itemscope\" itemtype=\"https:\/\/schema.org\/ImageObject\"  ><div class='avia-image-container-inner'><div class='avia-image-overlay-wrap'><img decoding=\"async\" class='wp-image-0 avia-img-lazy-loading-not-0 avia_image' src=\"https:\/\/radiorevelacionfm.cl\/wp-content\/uploads\/2021\/02\/Aysen_vista-1.jpg\" alt='' title=''   itemprop=\"thumbnailUrl\"  \/><\/div><\/div><\/div><\/div><div class=\"flex_column av_one_full  flex_column_div av-zero-column-padding first  avia-builder-el-2  el_after_av_one_full  el_before_av_one_full  column-top-margin\" style='border-radius:0px; '><section class=\"av_textblock_section \"  itemscope=\"itemscope\" itemtype=\"https:\/\/schema.org\/BlogPosting\" itemprop=\"blogPost\" ><div class='avia_textblock  '   itemprop=\"text\" ><p style=\"text-align: center;\"><strong><span style=\"font-size: 18pt;\">En Puerto Ays\u00e9n inician estudio de actualizaci\u00f3n de Plan de Gesti\u00f3n de Tr\u00e1nsito local<\/span><\/strong><\/p>\n<div id=\"gtx-trans\" style=\"position: absolute; left: -50px; top: 4.31534px;\">\n<div class=\"gtx-trans-icon\"><\/div>\n<\/div>\n<\/div><\/section><\/div><div class=\"flex_column av_one_full  flex_column_div av-zero-column-padding first  avia-builder-el-4  el_after_av_one_full  el_before_av_hr  column-top-margin\" style='border-radius:0px; '><section class=\"av_textblock_section \"  itemscope=\"itemscope\" itemtype=\"https:\/\/schema.org\/BlogPosting\" itemprop=\"blogPost\" ><div class='avia_textblock  '   itemprop=\"text\" ><p style=\"text-align: justify;\"><em>El lanzamiento se realiz\u00f3 de forma digital, y en el participaron personeros municipales -liderados por el edil Luis Mart\u00ednez-, concejales de la comuna, consejeros regionales de la provincia y representantes de la consultora que llevar\u00e1 a cabo esta iniciativa.\u00a0 <\/em><\/p>\n<p style=\"text-align: justify;\">\u201cEstamos muy contentos, es primera vez que la municipalidad lidera un proyecto de estas caracter\u00edsticas, y lo importante es que adem\u00e1s este estudio tiene un componente de participaci\u00f3n ciudadana muy alto\u201d, se\u00f1al\u00f3 la directora de Tr\u00e1nsito y Transporte P\u00fablico del municipio aysenino, Mabel Vel\u00e1squez.<\/p>\n<p style=\"text-align: justify;\">Ello, en relaci\u00f3n al inicio de la denominada \u201cActualizaci\u00f3n del Plan Maestro de Gesti\u00f3n de Tr\u00e1nsito de Puerto Ays\u00e9n\u201d. Instancia que pretende reflejar el actual escenario de la capital comunal con la finalidad de mejorar las condiciones actuales de movilidad. Esto, a partir de la identificaci\u00f3n de las falencias en el plano de tr\u00e1nsito y vial, que permitir\u00e1 generar proyectos de inversi\u00f3n, de cara a optimizar el uso de todas las estructuras viales y mejorar as\u00ed las condiciones operacionales de los medios de transporte en la comuna.<\/p>\n<p style=\"text-align: justify;\">\u201cEl \u00faltimo estudio que tenemos estuvo a cargo de SECTRA -Secretar\u00eda de Planificaci\u00f3n y Transporte-, es del a\u00f1o 2013, por lo tanto, refleja la realidad de esa \u00e9poca, y en la cantidad de a\u00f1os que han pasado obviamente hemos modificado la estructura mobiliaria, tenemos muevas poblaciones, nuevos negocios, nuevos comercios, nuevos sectores habitacionales y, adem\u00e1s, de eso tenemos un nuevo parque automotriz que est\u00e1 cercano a los 9 mil veh\u00edculos en la comuna\u201d, indic\u00f3 la directiva agregando que \u201cse hace necesario renovar este estudio, que tiene distintas partes. El informe 1 tiene que ver con catastro y recopilaci\u00f3n de antecedentes para tener una base sobre la que estudiar. Y la segunda y la tercera etapa vienen las encuestas y la participaci\u00f3n ciudadanas. Tenemos una encuesta que debe ser realizada a 600 hogares de puerto Ays\u00e9n que tiene que ver con origen destino-hogares para ver c\u00f3mo nos movemos los ayseninos, y tambi\u00e9n es importante porque eso influye en las decisiones que tomemos a futuro. La encuesta de transporte p\u00fablico y distintos talleres para trabajar con a comunidad sobre las necesidades que tenemos sobre tr\u00e1nsito, que sabemos que son muchas y donde la comunidad las ha manifestado a trav\u00e9s de diversos medios por los que se conecta con el municipio\u201d, explic\u00f3.<\/p>\n<p style=\"text-align: justify;\">\u00a0Al respecto, Vel\u00e1squez Ulloa enfatiz\u00f3 que el resultado de este estudio se traducir\u00e1 en proyectos que pudiesen ser muy cotidianos, y que resultar\u00e1n totalmente relevantes. \u201cPor ejemplo, mejorar la gesti\u00f3n de estacionamientos, proyectos peque\u00f1os como las semaforizaciones, proyectos de conectividad, proyectos de rutas de camiones en que hemos tenido hartas conversaciones con vecinos respecto a ese tema. As\u00ed que los invitamos a ser parte, para manifestar sus necesidades e intereses en esta instancia que est\u00e1 hecha para trabajar exclusivamente el tema de tr\u00e1nsito y transporte en la comuna\u201d.<\/p>\n<p style=\"text-align: justify;\">La iniciativa -que cuenta con un presupuesto de $140 millones de pesos financiados por el Fondo Nacional de Desarrollo Regional del Gobierno Regional de Ays\u00e9n, FNDR-, est\u00e1 a cargo de la consultora Sociedad Carrasco G\u00e1lvez y Moreno Ingenier\u00eda Limitada, y se extender\u00e1 durante 310 d\u00edas corridos de ejecuci\u00f3n, en esta alianza nacida desde la Ilustre Municipalidad de Ays\u00e9n a trav\u00e9s de su Direcci\u00f3n de Tr\u00e1nsito y la secretar\u00eda regional ministerial de Transporte y Telecomunicaciones en la regi\u00f3n.<\/p>\n<p style=\"text-align: justify;\"><strong>\u00a0<\/strong><\/p>\n<p style=\"text-align: justify;\"><strong>\u00a0<\/strong><\/p>\n<\/div><\/section><\/div><div  style='height:50px' class='hr hr-invisible   avia-builder-el-6  el_after_av_one_full  el_before_av_social_share '><span class='hr-inner ' ><span class='hr-inner-style'><\/span><\/span><\/div><\/p>\n<div  class='av-social-sharing-box  avia-builder-el-7  el_after_av_hr  el_before_av_hr  '><div class='av-share-box'><h5 class='av-share-link-description av-no-toc '>Compartir esta noticia<\/h5><ul class='av-share-box-list noLightbox'><li class='av-share-link av-social-link-facebook' ><a target=\"_blank\" aria-label=\"Compartir en Facebook\" href='https:\/\/www.facebook.com\/sharer.php?u=https:\/\/radiorevelacionfm.cl\/?p=2761&#038;t=En%20Puerto%20Ays%C3%A9n%20inician%20estudio%20de%20actualizaci%C3%B3n%20de%20Plan%20de%20Gesti%C3%B3n%20de%20Tr%C3%A1nsito%20local' aria-hidden='false' data-av_icon='\ue8f3' data-av_iconfont='entypo-fontello' title='' data-avia-related-tooltip='Compartir en Facebook' rel=\"noopener\"><span class='avia_hidden_link_text'>Compartir en Facebook<\/span><\/a><\/li><li class='av-share-link av-social-link-twitter' ><a target=\"_blank\" aria-label=\"Compartir en Twitter\" href='https:\/\/twitter.com\/share?text=En%20Puerto%20Ays%C3%A9n%20inician%20estudio%20de%20actualizaci%C3%B3n%20de%20Plan%20de%20Gesti%C3%B3n%20de%20Tr%C3%A1nsito%20local&#038;url=https:\/\/radiorevelacionfm.cl\/?p=2761' aria-hidden='false' data-av_icon='\ue8f1' data-av_iconfont='entypo-fontello' title='' data-avia-related-tooltip='Compartir en Twitter' rel=\"noopener\"><span class='avia_hidden_link_text'>Compartir en Twitter<\/span><\/a><\/li><li class='av-share-link av-social-link-whatsapp' ><a target=\"_blank\" aria-label=\"Compartir en Whatsapp\" href='https:\/\/api.whatsapp.com\/send?text=https:\/\/radiorevelacionfm.cl\/?p=2761' aria-hidden='false' data-av_icon='\uf232' data-av_iconfont='entypo-fontello' title='' data-avia-related-tooltip='Compartir en Whatsapp' rel=\"noopener\"><span class='avia_hidden_link_text'>Compartir en Whatsapp<\/span><\/a><\/li><li class='av-share-link av-social-link-linkedin' ><a target=\"_blank\" aria-label=\"Compartir en LinkedIn\" href='https:\/\/linkedin.com\/shareArticle?mini=true&#038;title=En%20Puerto%20Ays%C3%A9n%20inician%20estudio%20de%20actualizaci%C3%B3n%20de%20Plan%20de%20Gesti%C3%B3n%20de%20Tr%C3%A1nsito%20local&#038;url=https:\/\/radiorevelacionfm.cl\/?p=2761' aria-hidden='false' data-av_icon='\ue8fc' data-av_iconfont='entypo-fontello' title='' data-avia-related-tooltip='Compartir en LinkedIn' rel=\"noopener\"><span class='avia_hidden_link_text'>Compartir en LinkedIn<\/span><\/a><\/li><li class='av-share-link av-social-link-mail' ><a  aria-label=\"Compartir por correo\" href='mailto:?subject=En%20Puerto%20Ays%C3%A9n%20inician%20estudio%20de%20actualizaci%C3%B3n%20de%20Plan%20de%20Gesti%C3%B3n%20de%20Tr%C3%A1nsito%20local&#038;body=https:\/\/radiorevelacionfm.cl\/?p=2761' aria-hidden='false' data-av_icon='\ue805' data-av_iconfont='entypo-fontello' title='' data-avia-related-tooltip='Compartir por correo'><span class='avia_hidden_link_text'>Compartir por correo<\/span><\/a><\/li><\/ul><\/div><\/div>\n<div  style='height:50px' class='hr hr-invisible   avia-builder-el-8  el_after_av_social_share  el_before_av_comments_list '><span class='hr-inner ' ><span class='hr-inner-style'><\/span><\/span><\/div>\n<div  class='av-buildercomment  av-blog-meta-html-info-disabled av-blog-meta-tag-disabled  '><\/div>\n","protected":false},"excerpt":{"rendered":"","protected":false},"author":1,"featured_media":0,"comment_status":"open","ping_status":"open","sticky":false,"template":"","format":"standard","meta":{"footnotes":""},"categories":[59],"tags":[],"class_list":["post-2761","post","type-post","status-publish","format-standard","hentry","category-transporte"],"jetpack_featured_media_url":"","_links":{"self":[{"href":"https:\/\/radiorevelacionfm.cl\/index.php?rest_route=\/wp\/v2\/posts\/2761","targetHints":{"allow":["GET"]}}],"collection":[{"href":"https:\/\/radiorevelacionfm.cl\/index.php?rest_route=\/wp\/v2\/posts"}],"about":[{"href":"https:\/\/radiorevelacionfm.cl\/index.php?rest_route=\/wp\/v2\/types\/post"}],"author":[{"embeddable":true,"href":"https:\/\/radiorevelacionfm.cl\/index.php?rest_route=\/wp\/v2\/users\/1"}],"replies":[{"embeddable":true,"href":"https:\/\/radiorevelacionfm.cl\/index.php?rest_route=%2Fwp%2Fv2%2Fcomments&post=2761"}],"version-history":[{"count":1,"href":"https:\/\/radiorevelacionfm.cl\/index.php?rest_route=\/wp\/v2\/posts\/2761\/revisions"}],"predecessor-version":[{"id":2763,"href":"https:\/\/radiorevelacionfm.cl\/index.php?rest_route=\/wp\/v2\/posts\/2761\/revisions\/2763"}],"wp:attachment":[{"href":"https:\/\/radiorevelacionfm.cl\/index.php?rest_route=%2Fwp%2Fv2%2Fmedia&parent=2761"}],"wp:term":[{"taxonomy":"category","embeddable":true,"href":"https:\/\/radiorevelacionfm.cl\/index.php?rest_route=%2Fwp%2Fv2%2Fcategories&post=2761"},{"taxonomy":"post_tag","embeddable":true,"href":"https:\/\/radiorevelacionfm.cl\/index.php?rest_route=%2Fwp%2Fv2%2Ftags&post=2761"}],"curies":[{"name":"wp","href":"https:\/\/api.w.org\/{rel}","templated":true}]}}