{"id":27603,"date":"2023-02-08T11:07:53","date_gmt":"2023-02-08T14:07:53","guid":{"rendered":"https:\/\/radiorevelacionfm.cl\/?p=27603"},"modified":"2023-02-08T11:07:53","modified_gmt":"2023-02-08T14:07:53","slug":"calefaccion-por-hidrogeno-verde-ropa-biodegradable-y-produccion-de-pellet-son-parte-de-los-proyectos-ganadores-del-programa-semilla-inicia-de-corfo-aysen","status":"publish","type":"post","link":"https:\/\/radiorevelacionfm.cl\/?p=27603","title":{"rendered":"Calefacci\u00f3n por hidr\u00f3geno verde, ropa biodegradable y producci\u00f3n de pellet son parte de los proyectos ganadores del programa Semilla Inicia de Corfo Ays\u00e9n"},"content":{"rendered":"<div class=\"flex_column av_one_full  flex_column_div av-zero-column-padding first  avia-builder-el-0  el_before_av_one_full  avia-builder-el-first  \" style='border-radius:0px; '><div  class='avia-image-container  av-styling-    avia-builder-el-1  avia-builder-el-no-sibling  avia-align-center '  itemprop=\"image\" itemscope=\"itemscope\" itemtype=\"https:\/\/schema.org\/ImageObject\"  ><div class='avia-image-container-inner'><div class='avia-image-overlay-wrap'><img decoding=\"async\" class='wp-image-27604 avia-img-lazy-loading-not-27604 avia_image' src=\"https:\/\/radiorevelacionfm.cl\/wp-content\/uploads\/2023\/02\/1-8-2-2-1.jpg\" alt='' title='1 (8) (2) (2) (1)' height=\"600\" width=\"1067\"  itemprop=\"thumbnailUrl\" srcset=\"https:\/\/radiorevelacionfm.cl\/wp-content\/uploads\/2023\/02\/1-8-2-2-1.jpg 1067w, https:\/\/radiorevelacionfm.cl\/wp-content\/uploads\/2023\/02\/1-8-2-2-1-300x169.jpg 300w, https:\/\/radiorevelacionfm.cl\/wp-content\/uploads\/2023\/02\/1-8-2-2-1-1030x579.jpg 1030w, https:\/\/radiorevelacionfm.cl\/wp-content\/uploads\/2023\/02\/1-8-2-2-1-768x432.jpg 768w, https:\/\/radiorevelacionfm.cl\/wp-content\/uploads\/2023\/02\/1-8-2-2-1-705x396.jpg 705w, https:\/\/radiorevelacionfm.cl\/wp-content\/uploads\/2023\/02\/1-8-2-2-1-600x337.jpg 600w\" sizes=\"(max-width: 1067px) 100vw, 1067px\" \/><\/div><\/div><\/div><\/div><div class=\"flex_column av_one_full  flex_column_div av-zero-column-padding first  avia-builder-el-2  el_after_av_one_full  el_before_av_one_full  column-top-margin\" style='border-radius:0px; '><section class=\"av_textblock_section \"  itemscope=\"itemscope\" itemtype=\"https:\/\/schema.org\/BlogPosting\" itemprop=\"blogPost\" ><div class='avia_textblock  '   itemprop=\"text\" ><p style=\"text-align: center;\"><span style=\"font-size: 18pt;\"><b><span lang=\"es-419\">Calefacci\u00f3n por hidr\u00f3geno verde, ropa biodegradable y producci\u00f3n de pellet son parte de los proyectos ganadores del programa Semilla Inicia de Corfo Ays\u00e9n<\/span><\/b><\/span><\/p>\n<div id=\"gtx-trans\" style=\"position: absolute; left: -50px; top: 4.31534px;\">\n<div class=\"gtx-trans-icon\"><\/div>\n<\/div>\n<\/div><\/section><\/div><div class=\"flex_column av_one_full  flex_column_div av-zero-column-padding first  avia-builder-el-4  el_after_av_one_full  el_before_av_hr  column-top-margin\" style='border-radius:0px; '><section class=\"av_textblock_section \"  itemscope=\"itemscope\" itemtype=\"https:\/\/schema.org\/BlogPosting\" itemprop=\"blogPost\" ><div class='avia_textblock  '   itemprop=\"text\" ><p style=\"font-weight: 400; text-align: justify;\">Seis son los proyectos beneficiados con el programa Semilla Inicia, que busca ayudar a emprendimientos innovadores y con alto potencial de crecimiento, en fase de prototipo, apoy\u00e1ndolos en su validaci\u00f3n t\u00e9cnica y comercial en el mercado.<\/p>\n<p style=\"font-weight: 400; text-align: justify;\">As\u00ed lo indic\u00f3 Humberto Mar\u00edn Leiva, director de Corfo Ays\u00e9n, detallando que \u201cestas iniciativas responden a distintas necesidades como desarrollar un laboratorio de biomedicina basada en hongos; fabricar ropa con materiales biodegradables y reciclables; elaborar pellets con biomasa; construir refugios sostenibles; producir calefacci\u00f3n en base a hidr\u00f3geno verde y el desarrollo de un software de publicidad utilizando inteligencia artificial. Detr\u00e1s de cada uno de estos proyectos, sabemos que est\u00e1 el esfuerzo y creatividad de emprendedores que han\u00a0repensado el modo de hacer las cosas, buscando soluciones innovadoras acorde a las necesidades regionales.\u00a0Son iniciativas con capacidades para crecer de manera r\u00e1pida y sostenible en el tiempo, es decir, escalables y que permiten diversificar nuestra base empresarial, generando valor agregado a nuestro territorio\u201d.<\/p>\n<p style=\"font-weight: 400; text-align: justify;\">Agreg\u00f3 que \u201cen las nuevas convocatorias de este programa, se ha reenfocado el alcance que pueden tener estas iniciativas, permitiendo ahora que respondan a necesidades, problem\u00e1ticas y oportunidades relevantes de \u00edndole regional, estando as\u00ed en la l\u00ednea del desaf\u00edo estrat\u00e9gico impulsado por Corfo, referido a la territorialidad de sus instrumentos y programas\u201d.<\/p>\n<p style=\"font-weight: 400; text-align: justify;\">Finalmente, Mar\u00edn se\u00f1al\u00f3 que \u201cagradecemos al Gobierno Regional de Ays\u00e9n, por confiar en nuestro trabajo, lo que nos permiti\u00f3 financiar con recursos locales a trav\u00e9s del Fondo Nacional de Desarrollo Regional &#8211; FNDR, este programa que se suma a las distintas herramientas que desde Corfo estamos ejecutando para que emprendedores y emprendedoras inicien sus negocios y puedan dinamizar nuestra econom\u00eda\u201d.<\/p>\n<p style=\"font-weight: 400; text-align: justify;\">Estos proyectos se suman a otros cuatro de finales del a\u00f1o 2022 que se financian con recursos Corfo, en las convocatorias nacionales de Semilla Inicia y Expande.<\/p>\n<p style=\"font-weight: 400; text-align: justify;\"><strong>PROYECTOS<\/strong><\/p>\n<p style=\"font-weight: 400; text-align: justify;\"><strong>Visual Solution<\/strong>: Software Visual Solution tiene como objetivo predecir el contenido de las campa\u00f1as publicitarias, para que sean totalmente personalizadas y a la medida de las expectativas, necesidades y gustos de cada cliente, utilizando inteligencia artificial con el fin de detectar y analizar el entorno y los est\u00edmulos de las personas.<\/p>\n<p style=\"font-weight: 400; text-align: justify;\"><strong>H2 Energy Clean Patagonia<\/strong>: Validaci\u00f3n t\u00e9cnica de<strong>\u00a0<\/strong>una estufa y sus recargas que, con agua y energ\u00eda solar, logra generar hidr\u00f3geno verde para calefaccionar.<\/p>\n<p style=\"font-weight: 400; text-align: justify;\"><strong>Micro-Refugios Eco-Sostenibles<\/strong>: Creaci\u00f3n de la primera red de Micro-Refugios Eco-Sostenibles para lugares remotos, con la posibilidad de funcionar conectados a un sistema o con fuente de energ\u00eda aut\u00f3noma.<\/p>\n<p style=\"font-weight: 400; text-align: justify;\"><strong>Pellet Chile Chico: V<\/strong>alidar t\u00e9cnica y comercialmente<strong>\u00a0<\/strong>pellets o biomasa prensada en forma de cilindro, para la calefacci\u00f3n de edificios, elaborados con los desperdicios de podas de cerezos de Chile Chico, que actualmente son quemados.<\/p>\n<p style=\"font-weight: 400; text-align: justify;\"><strong>Nalkay &#8211; Sustainable Clothing<\/strong>: Fabricaci\u00f3n de prendas de vestir deportivas, con telas 100% biodegradables y materiales reciclables, tanto en materia prima como insumos. Cada prenda tendr\u00e1 un dise\u00f1o exclusivo y estar\u00e1 elaborado pensando en tallas de mujeres<\/p>\n<p style=\"font-weight: 400; text-align: justify;\"><strong>Biomedicina F\u00fangica<\/strong>: El proyecto busca desarrollar un laboratorio de Biomedicina F\u00fangica a trav\u00e9s del cultivo de hongos, la recolecci\u00f3n de hongos silvestres y, finalmente, la producci\u00f3n de extractos de tres tipos de hongos, con propiedades funcionales.<\/p>\n<p style=\"font-weight: 400; text-align: justify;\"><strong>Cosm\u00e9tica y eco-maquillaje natural ecol\u00f3gico<\/strong>: Desarrollar una l\u00ednea cosm\u00e9tica natural, que contemple productos de cuidado corporal, adem\u00e1s de una nueva l\u00ednea de eco-maquillaje en paletas de madera reutilizada, con ingredientes naturales, veganos y libres de petroqu\u00edmicos<\/p>\n<p style=\"font-weight: 400; text-align: justify;\"><strong>Kombucha Ach\u00e9n<\/strong>: Iniciar las primeras ventas de esta bebida probi\u00f3tica, gasificada, con miel natural, saborizada con frutos nativos patag\u00f3nicos y cuya estrategia de venta ser\u00e1 la retornabilidad para evitar la generaci\u00f3n de residuos pl\u00e1sticos.<\/p>\n<p style=\"font-weight: 400; text-align: justify;\"><strong>Raizbienestar:<\/strong>\u00a0este proyecto busca mejorar una aplicaci\u00f3n desarrollada para la meditaci\u00f3n, bienestar y conexi\u00f3n con la naturaleza.<\/p>\n<p style=\"font-weight: 400; text-align: justify;\"><strong>Rent-E-Bike con estaci\u00f3n de carga not CO2<\/strong>:\u00a0Esta iniciativa quiere fortalecer su modelo de negocios haciendo accesible a las empresas del sector turismo una oferta de bicicletas el\u00e9ctricas con estaciones de carga carbono neutral (off grid) a trav\u00e9s del sistema de arriendo.<\/p>\n<\/div><\/section><\/div><div  style='height:50px' class='hr hr-invisible   avia-builder-el-6  el_after_av_one_full  el_before_av_social_share '><span class='hr-inner ' ><span class='hr-inner-style'><\/span><\/span><\/div><\/p>\n<div  class='av-social-sharing-box  avia-builder-el-7  el_after_av_hr  el_before_av_hr  '><div class='av-share-box'><h5 class='av-share-link-description av-no-toc '>Compartir esta noticia<\/h5><ul class='av-share-box-list noLightbox'><li class='av-share-link av-social-link-facebook' ><a target=\"_blank\" aria-label=\"Compartir en Facebook\" href='https:\/\/www.facebook.com\/sharer.php?u=https:\/\/radiorevelacionfm.cl\/?p=27603&#038;t=Calefacci%C3%B3n%20por%20hidr%C3%B3geno%20verde%2C%20ropa%20biodegradable%20y%20producci%C3%B3n%20de%20pellet%20son%20parte%20de%20los%20proyectos%20ganadores%20del%20programa%20Semilla%20Inicia%20de%20Corfo%20Ays%C3%A9n' aria-hidden='false' data-av_icon='\ue8f3' data-av_iconfont='entypo-fontello' title='' data-avia-related-tooltip='Compartir en Facebook' rel=\"noopener\"><span class='avia_hidden_link_text'>Compartir en Facebook<\/span><\/a><\/li><li class='av-share-link av-social-link-twitter' ><a target=\"_blank\" aria-label=\"Compartir en Twitter\" href='https:\/\/twitter.com\/share?text=Calefacci%C3%B3n%20por%20hidr%C3%B3geno%20verde%2C%20ropa%20biodegradable%20y%20producci%C3%B3n%20de%20pellet%20son%20parte%20de%20los%20proyectos%20ganadores%20del%20programa%20Semilla%20Inicia%20de%20Corfo%20Ays%C3%A9n&#038;url=https:\/\/radiorevelacionfm.cl\/?p=27603' aria-hidden='false' data-av_icon='\ue8f1' data-av_iconfont='entypo-fontello' title='' data-avia-related-tooltip='Compartir en Twitter' rel=\"noopener\"><span class='avia_hidden_link_text'>Compartir en Twitter<\/span><\/a><\/li><li class='av-share-link av-social-link-whatsapp' ><a target=\"_blank\" aria-label=\"Compartir en Whatsapp\" href='https:\/\/api.whatsapp.com\/send?text=https:\/\/radiorevelacionfm.cl\/?p=27603' aria-hidden='false' data-av_icon='\uf232' data-av_iconfont='entypo-fontello' title='' data-avia-related-tooltip='Compartir en Whatsapp' rel=\"noopener\"><span class='avia_hidden_link_text'>Compartir en Whatsapp<\/span><\/a><\/li><li class='av-share-link av-social-link-linkedin' ><a target=\"_blank\" aria-label=\"Compartir en LinkedIn\" href='https:\/\/linkedin.com\/shareArticle?mini=true&#038;title=Calefacci%C3%B3n%20por%20hidr%C3%B3geno%20verde%2C%20ropa%20biodegradable%20y%20producci%C3%B3n%20de%20pellet%20son%20parte%20de%20los%20proyectos%20ganadores%20del%20programa%20Semilla%20Inicia%20de%20Corfo%20Ays%C3%A9n&#038;url=https:\/\/radiorevelacionfm.cl\/?p=27603' aria-hidden='false' data-av_icon='\ue8fc' data-av_iconfont='entypo-fontello' title='' data-avia-related-tooltip='Compartir en LinkedIn' rel=\"noopener\"><span class='avia_hidden_link_text'>Compartir en LinkedIn<\/span><\/a><\/li><li class='av-share-link av-social-link-mail' ><a  aria-label=\"Compartir por correo\" href='mailto:?subject=Calefacci%C3%B3n%20por%20hidr%C3%B3geno%20verde%2C%20ropa%20biodegradable%20y%20producci%C3%B3n%20de%20pellet%20son%20parte%20de%20los%20proyectos%20ganadores%20del%20programa%20Semilla%20Inicia%20de%20Corfo%20Ays%C3%A9n&#038;body=https:\/\/radiorevelacionfm.cl\/?p=27603' aria-hidden='false' data-av_icon='\ue805' data-av_iconfont='entypo-fontello' title='' data-avia-related-tooltip='Compartir por correo'><span class='avia_hidden_link_text'>Compartir por correo<\/span><\/a><\/li><\/ul><\/div><\/div>\n<div  style='height:50px' class='hr hr-invisible   avia-builder-el-8  el_after_av_social_share  el_before_av_comments_list '><span class='hr-inner ' ><span class='hr-inner-style'><\/span><\/span><\/div>\n<div  class='av-buildercomment  av-blog-meta-html-info-disabled av-blog-meta-tag-disabled  '><\/div>\n","protected":false},"excerpt":{"rendered":"","protected":false},"author":1,"featured_media":27604,"comment_status":"open","ping_status":"open","sticky":false,"template":"","format":"standard","meta":{"footnotes":""},"categories":[38],"tags":[],"class_list":["post-27603","post","type-post","status-publish","format-standard","has-post-thumbnail","hentry","category-regional"],"jetpack_featured_media_url":"https:\/\/radiorevelacionfm.cl\/wp-content\/uploads\/2023\/02\/1-8-2-2-1.jpg","_links":{"self":[{"href":"https:\/\/radiorevelacionfm.cl\/index.php?rest_route=\/wp\/v2\/posts\/27603","targetHints":{"allow":["GET"]}}],"collection":[{"href":"https:\/\/radiorevelacionfm.cl\/index.php?rest_route=\/wp\/v2\/posts"}],"about":[{"href":"https:\/\/radiorevelacionfm.cl\/index.php?rest_route=\/wp\/v2\/types\/post"}],"author":[{"embeddable":true,"href":"https:\/\/radiorevelacionfm.cl\/index.php?rest_route=\/wp\/v2\/users\/1"}],"replies":[{"embeddable":true,"href":"https:\/\/radiorevelacionfm.cl\/index.php?rest_route=%2Fwp%2Fv2%2Fcomments&post=27603"}],"version-history":[{"count":2,"href":"https:\/\/radiorevelacionfm.cl\/index.php?rest_route=\/wp\/v2\/posts\/27603\/revisions"}],"predecessor-version":[{"id":27606,"href":"https:\/\/radiorevelacionfm.cl\/index.php?rest_route=\/wp\/v2\/posts\/27603\/revisions\/27606"}],"wp:featuredmedia":[{"embeddable":true,"href":"https:\/\/radiorevelacionfm.cl\/index.php?rest_route=\/wp\/v2\/media\/27604"}],"wp:attachment":[{"href":"https:\/\/radiorevelacionfm.cl\/index.php?rest_route=%2Fwp%2Fv2%2Fmedia&parent=27603"}],"wp:term":[{"taxonomy":"category","embeddable":true,"href":"https:\/\/radiorevelacionfm.cl\/index.php?rest_route=%2Fwp%2Fv2%2Fcategories&post=27603"},{"taxonomy":"post_tag","embeddable":true,"href":"https:\/\/radiorevelacionfm.cl\/index.php?rest_route=%2Fwp%2Fv2%2Ftags&post=27603"}],"curies":[{"name":"wp","href":"https:\/\/api.w.org\/{rel}","templated":true}]}}