{"id":27595,"date":"2023-02-08T10:17:38","date_gmt":"2023-02-08T13:17:38","guid":{"rendered":"https:\/\/radiorevelacionfm.cl\/?p=27595"},"modified":"2023-02-08T10:17:38","modified_gmt":"2023-02-08T13:17:38","slug":"seremi-de-gobierno-por-agenda-de-productividad-mejorar-la-productividad-de-nuestro-pais-va-a-generar-mejor-calidad-de-vida-para-nuestra-region","status":"publish","type":"post","link":"https:\/\/radiorevelacionfm.cl\/?p=27595","title":{"rendered":"Seremi de Gobierno por Agenda de Productividad: \u201cMejorar la productividad de nuestro pa\u00eds va a generar mejor calidad de vida para nuestra regi\u00f3n\u201d"},"content":{"rendered":"<div class=\"flex_column av_one_full  flex_column_div av-zero-column-padding first  avia-builder-el-0  el_before_av_one_full  avia-builder-el-first  \" style='border-radius:0px; '><div  class='avia-image-container  av-styling-    avia-builder-el-1  avia-builder-el-no-sibling  avia-align-center '  itemprop=\"image\" itemscope=\"itemscope\" itemtype=\"https:\/\/schema.org\/ImageObject\"  ><div class='avia-image-container-inner'><div class='avia-image-overlay-wrap'><img decoding=\"async\" class='wp-image-27596 avia-img-lazy-loading-not-27596 avia_image' src=\"https:\/\/radiorevelacionfm.cl\/wp-content\/uploads\/2023\/02\/agenda-productividad2-1-1.jpg\" alt='' title='agenda productividad2 (1) (1)' height=\"600\" width=\"864\"  itemprop=\"thumbnailUrl\" srcset=\"https:\/\/radiorevelacionfm.cl\/wp-content\/uploads\/2023\/02\/agenda-productividad2-1-1.jpg 864w, https:\/\/radiorevelacionfm.cl\/wp-content\/uploads\/2023\/02\/agenda-productividad2-1-1-300x208.jpg 300w, https:\/\/radiorevelacionfm.cl\/wp-content\/uploads\/2023\/02\/agenda-productividad2-1-1-768x533.jpg 768w, https:\/\/radiorevelacionfm.cl\/wp-content\/uploads\/2023\/02\/agenda-productividad2-1-1-705x490.jpg 705w, https:\/\/radiorevelacionfm.cl\/wp-content\/uploads\/2023\/02\/agenda-productividad2-1-1-600x417.jpg 600w\" sizes=\"(max-width: 864px) 100vw, 864px\" \/><\/div><\/div><\/div><\/div><div class=\"flex_column av_one_full  flex_column_div av-zero-column-padding first  avia-builder-el-2  el_after_av_one_full  el_before_av_one_full  column-top-margin\" style='border-radius:0px; '><section class=\"av_textblock_section \"  itemscope=\"itemscope\" itemtype=\"https:\/\/schema.org\/BlogPosting\" itemprop=\"blogPost\" ><div class='avia_textblock  '   itemprop=\"text\" ><p style=\"text-align: center;\"><strong><span style=\"font-size: 18pt;\">Seremi de Gobierno por Agenda de Productividad: \u201cMejorar la productividad de nuestro pa\u00eds va a generar mejor calidad de vida para nuestra regi\u00f3n\u201d<\/span><\/strong><\/p>\n<div id=\"gtx-trans\" style=\"position: absolute; left: -50px; top: 4.31534px;\">\n<div class=\"gtx-trans-icon\"><\/div>\n<\/div>\n<\/div><\/section><\/div><div class=\"flex_column av_one_full  flex_column_div av-zero-column-padding first  avia-builder-el-4  el_after_av_one_full  el_before_av_hr  column-top-margin\" style='border-radius:0px; '><section class=\"av_textblock_section \"  itemscope=\"itemscope\" itemtype=\"https:\/\/schema.org\/BlogPosting\" itemprop=\"blogPost\" ><div class='avia_textblock  '   itemprop=\"text\" ><p style=\"text-align: justify;\">La \u00a0Agenda de Productividad anunciada por el Gobierno tiene como objetivo impulsar el crecimiento y din\u00e1mica de la econom\u00eda. Esta iniciativa es fruto de un trabajo conjunto entre el Ministerio de Hacienda, Ministerio de Econom\u00eda, Fomento y Turismo y el Ministerio del Trabajo y Previsi\u00f3n Social\u00a0 con los distintos gremios empresariales y la principal organizaci\u00f3n de trabajadores y trabajadoras del pa\u00eds, la Central \u00danica de Trabajadores (CUT) que tras meses de trabajo, lograron acuerdos que se materializaron en m\u00e1s de 40 medidas.<\/p>\n<p style=\"text-align: justify;\">En Santiago, el ministro de Hacienda, Mario Marcel, junto al titular de Econom\u00eda, Nicol\u00e1s Grau, y la ministra del Trabajo y Previsi\u00f3n Social, Jeannette Jara, participaron de la presentaci\u00f3n de la Agenda de Productividad, un trabajo en conjunto de dichos ministerios, junto a gremios empresariales y la Central Unitaria de Trabajadores (CUT), quienes concordaron la implementaci\u00f3n de una serie de medidas para impulsar el crecimiento de la econom\u00eda.<\/p>\n<p style=\"text-align: justify;\">En tanto en la regi\u00f3n de Ays\u00e9n, Tatiana Pl\u00e1 \u00c1lvarez, Seremi de Gobierno, valor\u00f3 esta iniciativa: \u201cSe trata de un trabajo clave para aumentar la productividad de nuestro pa\u00eds, que se ha estancado durante los \u00faltimos 15 a\u00f1os y que busca mejorar sustancialmente la forma en que se utilizan los recursos p\u00fablicos y privados, mejorando el d\u00eda a d\u00eda de las empresas, haciendo m\u00e1s eficientes sus procesos, potenciando la innovaci\u00f3n y el crecimiento econ\u00f3mico. El objetivo es permitir que los recursos de las peque\u00f1as, medianas y grandes empresas tengan un mayor rendimiento y las familias y los emprendedores vean reflejado en su bolsillo un ahorro en costos, tiempos\u00a0 y tr\u00e1mites. Mejorar la productividad de nuestro pa\u00eds va a generar mejor calidad de vida para nuestra regi\u00f3n, vamos a tener un pa\u00eds que genera mejores empleos, que aumenta el nivel de ingreso de sus habitantes, mejora\u00a0 la calidad de vida de las familias y permite tambi\u00e9n mejores pol\u00edticas p\u00fablicas, que se traduzcan en\u00a0 mejores redes de salud, mejores viviendas y mejores escuelas para nuestros j\u00f3venes y ni\u00f1os\u201d, indic\u00f3.<\/p>\n<p style=\"text-align: justify;\">La Agenda de Productividad incluye nueve ejes y m\u00e1s de 40 medidas que tendr\u00e1n distintos plazos de implementaci\u00f3n y su objetivo es aumentar el crecimiento de la productividad a 1,5% con el tiempo. Algunas medidas tendr\u00e1n impacto antes y otras despu\u00e9s, debido a la naturaleza normativa de la medida y a la forma en que se van asimilando en la econom\u00eda. Y todas las medidas de la agenda en su conjunto favorecer\u00e1n el aumento de la productividad, es decir, la capacidad para producir m\u00e1s bienes con los mismos recursos y, por lo tanto, favorecer\u00e1n el crecimiento del PIB tendencial y los salarios de las y los trabajadores.<\/p>\n<p style=\"text-align: justify;\">Una de las medidas, quiz\u00e1s m\u00e1s novedosa, es que la agenda incorpora la eliminaci\u00f3n de la firma notarial de algunos tr\u00e1mites legales y administrativos.<\/p>\n<p style=\"text-align: justify;\">Se ingresar\u00e1, durante el segundo semestre del a\u00f1o 2023, \u00a0un proyecto de ley que implemente una reforma profunda al sistema de tramitaci\u00f3n de permisos sectoriales, con el objetivo de reorganizarlo eficientemente, y as\u00ed reducir sustantivamente los tiempos de tramitaci\u00f3n, lograr un mejor equilibrio entre carga regulatoria y riesgo y una mayor previsibilidad en los procedimientos de evaluaci\u00f3n.<\/p>\n<p style=\"text-align: justify;\">Se ampliar\u00e1n los \u00a0programas de capacitaci\u00f3n en competencias digitales, se potenciar\u00e1n\u00a0 programas, priorizando los esfuerzos y recursos para aquellos que hayan sido evaluados como los m\u00e1s efectivos en la generaci\u00f3n de empleo.<\/p>\n<p style=\"text-align: justify;\">Se presentar\u00e1 un proyecto de ley que permita al Estado ser un aporte en fondos de inversi\u00f3n de capital de riesgo en conjunto con inversionistas privados, buscando as\u00ed dar un mejor uso a los recursos p\u00fablicos, generando ganancias de capital de dichas inversiones y atrayendo inversionistas.<\/p>\n<p style=\"text-align: justify;\">Se ampliar\u00e1 el alcance de la devoluci\u00f3n de IVA Exportador (DUS Embarcada) a m\u00e1s puertos de nuestro pa\u00eds, a trav\u00e9s de la opci\u00f3n de legalizar en forma anticipada la declaraci\u00f3n aduanera.<\/p>\n<p style=\"text-align: justify;\">Se impulsar\u00e1, a trav\u00e9s de nuevas indicaciones, el proyecto de Ley de Cabotaje Mar\u00edtimo que realiza modificaciones a la Ley de Fomento a la Marina Mercante y Ley de Navegaci\u00f3n, para aumentar la competencia en dicho mercado y aprovechar la capacidad ociosa de las naves, generando importantes ganancias de eficiencia y disminuciones en las tarifas de fletes.<\/p>\n<p style=\"text-align: justify;\">Se redise\u00f1ar\u00e1n los subsidios de\u00a0 empleo con foco especial en mujeres y j\u00f3venes, qui\u00e9nes son la poblaci\u00f3n m\u00e1s vulnerable en este sentido. Se revisar\u00e1n y evaluar\u00e1n los subsidios a la formalidad para identificar la complementariedad, superposici\u00f3n y desactualizaci\u00f3n entre estos a fin de dise\u00f1ar una oferta actualizada e integrada.<\/p>\n<p style=\"text-align: justify;\">Se aumentar\u00e1 la participaci\u00f3n de las Pymes y cooperativas dentro de las compras p\u00fablicas, se impulsar\u00e1 la aprobaci\u00f3n de este proyecto de ley durante el primer semestre de 2023, con especial foco en la participaci\u00f3n de las empresas de menor tama\u00f1o, cooperativas y proveedores locales en las compras que realizan los organismos del Estado.<\/p>\n<p style=\"text-align: justify;\">La Vocera de Gobierno indic\u00f3: \u201cTodas estas medidas, fruto de los acuerdos entre todos los sectores involucrados, no habr\u00edan sido posibles sin la voluntad pol\u00edtica del Gobierno del Presidente Gabriel Boric para sacar adelante esta Agenda de Productividad, ni el trabajo mancomunado de los ministerios que trabajaron en la propuesta, as\u00ed como los gremios empresariales y por supuesto, la CUT, una clara se\u00f1al de que el Gobierno est\u00e1 cumpliendo los compromisos\u201d, concluy\u00f3.<\/p>\n<\/div><\/section><\/div><div  style='height:50px' class='hr hr-invisible   avia-builder-el-6  el_after_av_one_full  el_before_av_social_share '><span class='hr-inner ' ><span class='hr-inner-style'><\/span><\/span><\/div><\/p>\n<div  class='av-social-sharing-box  avia-builder-el-7  el_after_av_hr  el_before_av_hr  '><div class='av-share-box'><h5 class='av-share-link-description av-no-toc '>Compartir esta noticia<\/h5><ul class='av-share-box-list noLightbox'><li class='av-share-link av-social-link-facebook' ><a target=\"_blank\" aria-label=\"Compartir en Facebook\" href='https:\/\/www.facebook.com\/sharer.php?u=https:\/\/radiorevelacionfm.cl\/?p=27595&#038;t=Seremi%20de%20Gobierno%20por%20Agenda%20de%20Productividad%3A%20%E2%80%9CMejorar%20la%20productividad%20de%20nuestro%20pa%C3%ADs%20va%20a%20generar%20mejor%20calidad%20de%20vida%20para%20nuestra%20regi%C3%B3n%E2%80%9D' aria-hidden='false' data-av_icon='\ue8f3' data-av_iconfont='entypo-fontello' title='' data-avia-related-tooltip='Compartir en Facebook' rel=\"noopener\"><span class='avia_hidden_link_text'>Compartir en Facebook<\/span><\/a><\/li><li class='av-share-link av-social-link-twitter' ><a target=\"_blank\" aria-label=\"Compartir en Twitter\" href='https:\/\/twitter.com\/share?text=Seremi%20de%20Gobierno%20por%20Agenda%20de%20Productividad%3A%20%E2%80%9CMejorar%20la%20productividad%20de%20nuestro%20pa%C3%ADs%20va%20a%20generar%20mejor%20calidad%20de%20vida%20para%20nuestra%20regi%C3%B3n%E2%80%9D&#038;url=https:\/\/radiorevelacionfm.cl\/?p=27595' aria-hidden='false' data-av_icon='\ue8f1' data-av_iconfont='entypo-fontello' title='' data-avia-related-tooltip='Compartir en Twitter' rel=\"noopener\"><span class='avia_hidden_link_text'>Compartir en Twitter<\/span><\/a><\/li><li class='av-share-link av-social-link-whatsapp' ><a target=\"_blank\" aria-label=\"Compartir en Whatsapp\" href='https:\/\/api.whatsapp.com\/send?text=https:\/\/radiorevelacionfm.cl\/?p=27595' aria-hidden='false' data-av_icon='\uf232' data-av_iconfont='entypo-fontello' title='' data-avia-related-tooltip='Compartir en Whatsapp' rel=\"noopener\"><span class='avia_hidden_link_text'>Compartir en Whatsapp<\/span><\/a><\/li><li class='av-share-link av-social-link-linkedin' ><a target=\"_blank\" aria-label=\"Compartir en LinkedIn\" href='https:\/\/linkedin.com\/shareArticle?mini=true&#038;title=Seremi%20de%20Gobierno%20por%20Agenda%20de%20Productividad%3A%20%E2%80%9CMejorar%20la%20productividad%20de%20nuestro%20pa%C3%ADs%20va%20a%20generar%20mejor%20calidad%20de%20vida%20para%20nuestra%20regi%C3%B3n%E2%80%9D&#038;url=https:\/\/radiorevelacionfm.cl\/?p=27595' aria-hidden='false' data-av_icon='\ue8fc' data-av_iconfont='entypo-fontello' title='' data-avia-related-tooltip='Compartir en LinkedIn' rel=\"noopener\"><span class='avia_hidden_link_text'>Compartir en LinkedIn<\/span><\/a><\/li><li class='av-share-link av-social-link-mail' ><a  aria-label=\"Compartir por correo\" href='mailto:?subject=Seremi%20de%20Gobierno%20por%20Agenda%20de%20Productividad%3A%20%E2%80%9CMejorar%20la%20productividad%20de%20nuestro%20pa%C3%ADs%20va%20a%20generar%20mejor%20calidad%20de%20vida%20para%20nuestra%20regi%C3%B3n%E2%80%9D&#038;body=https:\/\/radiorevelacionfm.cl\/?p=27595' aria-hidden='false' data-av_icon='\ue805' data-av_iconfont='entypo-fontello' title='' data-avia-related-tooltip='Compartir por correo'><span class='avia_hidden_link_text'>Compartir por correo<\/span><\/a><\/li><\/ul><\/div><\/div>\n<div  style='height:50px' class='hr hr-invisible   avia-builder-el-8  el_after_av_social_share  el_before_av_comments_list '><span class='hr-inner ' ><span class='hr-inner-style'><\/span><\/span><\/div>\n<div  class='av-buildercomment  av-blog-meta-html-info-disabled av-blog-meta-tag-disabled  '><\/div>\n","protected":false},"excerpt":{"rendered":"","protected":false},"author":1,"featured_media":27596,"comment_status":"open","ping_status":"open","sticky":false,"template":"","format":"standard","meta":{"footnotes":""},"categories":[38],"tags":[],"class_list":["post-27595","post","type-post","status-publish","format-standard","has-post-thumbnail","hentry","category-regional"],"jetpack_featured_media_url":"https:\/\/radiorevelacionfm.cl\/wp-content\/uploads\/2023\/02\/agenda-productividad2-1-1.jpg","_links":{"self":[{"href":"https:\/\/radiorevelacionfm.cl\/index.php?rest_route=\/wp\/v2\/posts\/27595","targetHints":{"allow":["GET"]}}],"collection":[{"href":"https:\/\/radiorevelacionfm.cl\/index.php?rest_route=\/wp\/v2\/posts"}],"about":[{"href":"https:\/\/radiorevelacionfm.cl\/index.php?rest_route=\/wp\/v2\/types\/post"}],"author":[{"embeddable":true,"href":"https:\/\/radiorevelacionfm.cl\/index.php?rest_route=\/wp\/v2\/users\/1"}],"replies":[{"embeddable":true,"href":"https:\/\/radiorevelacionfm.cl\/index.php?rest_route=%2Fwp%2Fv2%2Fcomments&post=27595"}],"version-history":[{"count":2,"href":"https:\/\/radiorevelacionfm.cl\/index.php?rest_route=\/wp\/v2\/posts\/27595\/revisions"}],"predecessor-version":[{"id":27602,"href":"https:\/\/radiorevelacionfm.cl\/index.php?rest_route=\/wp\/v2\/posts\/27595\/revisions\/27602"}],"wp:featuredmedia":[{"embeddable":true,"href":"https:\/\/radiorevelacionfm.cl\/index.php?rest_route=\/wp\/v2\/media\/27596"}],"wp:attachment":[{"href":"https:\/\/radiorevelacionfm.cl\/index.php?rest_route=%2Fwp%2Fv2%2Fmedia&parent=27595"}],"wp:term":[{"taxonomy":"category","embeddable":true,"href":"https:\/\/radiorevelacionfm.cl\/index.php?rest_route=%2Fwp%2Fv2%2Fcategories&post=27595"},{"taxonomy":"post_tag","embeddable":true,"href":"https:\/\/radiorevelacionfm.cl\/index.php?rest_route=%2Fwp%2Fv2%2Ftags&post=27595"}],"curies":[{"name":"wp","href":"https:\/\/api.w.org\/{rel}","templated":true}]}}