{"id":27586,"date":"2023-02-08T09:51:10","date_gmt":"2023-02-08T12:51:10","guid":{"rendered":"https:\/\/radiorevelacionfm.cl\/?p=27586"},"modified":"2023-02-08T09:51:10","modified_gmt":"2023-02-08T12:51:10","slug":"fundacion-sumergi2-realiza-reapertura-de-sus-operaciones-en-puerto-aysen","status":"publish","type":"post","link":"https:\/\/radiorevelacionfm.cl\/?p=27586","title":{"rendered":"Fundaci\u00f3n Sumergi2 realiza reapertura de sus operaciones en Puerto Ays\u00e9n"},"content":{"rendered":"<div class=\"flex_column av_one_full  flex_column_div av-zero-column-padding first  avia-builder-el-0  el_before_av_one_full  avia-builder-el-first  \" style='border-radius:0px; '><div  class='avia-image-container  av-styling-    avia-builder-el-1  avia-builder-el-no-sibling  avia-align-center '  itemprop=\"image\" itemscope=\"itemscope\" itemtype=\"https:\/\/schema.org\/ImageObject\"  ><div class='avia-image-container-inner'><div class='avia-image-overlay-wrap'><img decoding=\"async\" class='wp-image-27587 avia-img-lazy-loading-not-27587 avia_image' src=\"https:\/\/radiorevelacionfm.cl\/wp-content\/uploads\/2023\/02\/SUMERGIDOS-1-1-1.jpg\" alt='' title='SUMERGIDOS-1 (1) (1)' height=\"600\" width=\"900\"  itemprop=\"thumbnailUrl\" srcset=\"https:\/\/radiorevelacionfm.cl\/wp-content\/uploads\/2023\/02\/SUMERGIDOS-1-1-1.jpg 900w, https:\/\/radiorevelacionfm.cl\/wp-content\/uploads\/2023\/02\/SUMERGIDOS-1-1-1-300x200.jpg 300w, https:\/\/radiorevelacionfm.cl\/wp-content\/uploads\/2023\/02\/SUMERGIDOS-1-1-1-768x512.jpg 768w, https:\/\/radiorevelacionfm.cl\/wp-content\/uploads\/2023\/02\/SUMERGIDOS-1-1-1-705x470.jpg 705w, https:\/\/radiorevelacionfm.cl\/wp-content\/uploads\/2023\/02\/SUMERGIDOS-1-1-1-600x400.jpg 600w\" sizes=\"(max-width: 900px) 100vw, 900px\" \/><\/div><\/div><\/div><\/div><div class=\"flex_column av_one_full  flex_column_div av-zero-column-padding first  avia-builder-el-2  el_after_av_one_full  el_before_av_one_full  column-top-margin\" style='border-radius:0px; '><section class=\"av_textblock_section \"  itemscope=\"itemscope\" itemtype=\"https:\/\/schema.org\/BlogPosting\" itemprop=\"blogPost\" ><div class='avia_textblock  '   itemprop=\"text\" ><p style=\"text-align: center;\"><strong><span style=\"font-size: 18pt;\">Fundaci\u00f3n Sumergi2 realiza reapertura de sus operaciones en Puerto Ays\u00e9n <\/span><\/strong><\/p>\n<div id=\"gtx-trans\" style=\"position: absolute; left: -50px; top: 4.31534px;\">\n<div class=\"gtx-trans-icon\"><\/div>\n<\/div>\n<\/div><\/section><\/div><div class=\"flex_column av_one_full  flex_column_div av-zero-column-padding first  avia-builder-el-4  el_after_av_one_full  el_before_av_hr  column-top-margin\" style='border-radius:0px; '><section class=\"av_textblock_section \"  itemscope=\"itemscope\" itemtype=\"https:\/\/schema.org\/BlogPosting\" itemprop=\"blogPost\" ><div class='avia_textblock  '   itemprop=\"text\" ><p style=\"text-align: justify;\">Este s\u00e1bado 04 de febrero en el Polideportivo 21 de abril, se llev\u00f3 a cabo la ceremonia de reapertura de las operaciones de Fundaci\u00f3n Sumergi2 en Puerto Ays\u00e9n, en presencia del alcalde y presidente de la Corporaci\u00f3n de Deportes y Recreaci\u00f3n, Julio Uribe Alvarado, el administrador municipal de la Ilustre Municipalidad de Ays\u00e9n, \u00d3scar Az\u00f3car Adriazola, la encargada de la Unidad de Organizaciones Comunitarias, Mar\u00eda Rita Aguilar Oyarzo, el director de la Corporaci\u00f3n de Deportes y Recreaci\u00f3n, Carlos C\u00e1rcamo Adriazola, la directora regional (s) del Servicio Nacional de la Discapacidad, Viviana Mu\u00f1oz Vargas, el miembro fundador de la Fundaci\u00f3n Sumergi2 y jefe de \u00e1rea de personas de la regi\u00f3n de Ays\u00e9n, Jorge Vel\u00e1zquez Andrade, el jefe zonal de la Fundaci\u00f3n Sumergi2, Claudio Cabezas Ruedlinger, la representante de Sumergi2 Coyhaique y perteneciente al \u00e1rea de salud de Sumergi2, Javiera Labr\u00edn Navarrete, y voluntaria\/os de Ays\u00e9n y Coyhaique.<\/p>\n<p style=\"text-align: justify;\">\u201cTenemos que agradecer la oportunidad de ser un aporte. Si bien la Fundaci\u00f3n Sumergi2 comenz\u00f3 en Santiago, los fundadores son de nuestra regi\u00f3n y las actividades de la fundaci\u00f3n los vitaliza, llena de energ\u00eda y les otorga movilidad. Como municipio y Corporaci\u00f3n de Deportes y Recreaci\u00f3n estamos muy contentos y vamos a entregar horas de piscina para que desarrollen actividades y trabajen con personas en situaci\u00f3n de discapacidad\u201d, comenta el alcalde de Ays\u00e9n, Julio Uribe Alvarado.<\/p>\n<p style=\"text-align: justify;\">La Fundaci\u00f3n Sumergi2 presentes en Coyhaique y Puerto Ays\u00e9n en la regi\u00f3n, promueve de forma gratuita y sin fines de lucro, el desarrollo de actividades acu\u00e1ticas y subacu\u00e1ticas, orientadas a personas de cualquier edad y condici\u00f3n social que est\u00e9n en alguna situaci\u00f3n de discapacidad. Sus actividades ayudan al desarrollo personal de cada participante, aumentando la confianza, mejorando el estado f\u00edsico y entregando libertad de movimiento, generando un espacio integral de sana convivencia entre alumnos, familiares y voluntarios, en torno a estas actividades deportivas.<\/p>\n<p style=\"text-align: justify;\">Adem\u00e1s, en la ocasi\u00f3n, el alcalde de la comuna realiz\u00f3 una entrega simb\u00f3lica de 73 kilos de plomo recubierto para buceo como aporte de la Corporaci\u00f3n de Deportes y Recreaci\u00f3n de la Ilustre Municipalidad de Ays\u00e9n a la Fundaci\u00f3n Sumergi2 y se realiz\u00f3 un recorrido a las instalaciones del Polideportivo por los inicios de entrenamientos en la reapertura de las operaciones de Sumergi2 en Puerto Ays\u00e9n.<\/p>\n<\/div><\/section><\/div><div  style='height:50px' class='hr hr-invisible   avia-builder-el-6  el_after_av_one_full  el_before_av_social_share '><span class='hr-inner ' ><span class='hr-inner-style'><\/span><\/span><\/div><\/p>\n<div  class='av-social-sharing-box  avia-builder-el-7  el_after_av_hr  el_before_av_hr  '><div class='av-share-box'><h5 class='av-share-link-description av-no-toc '>Compartir esta noticia<\/h5><ul class='av-share-box-list noLightbox'><li class='av-share-link av-social-link-facebook' ><a target=\"_blank\" aria-label=\"Compartir en Facebook\" href='https:\/\/www.facebook.com\/sharer.php?u=https:\/\/radiorevelacionfm.cl\/?p=27586&#038;t=Fundaci%C3%B3n%20Sumergi2%20realiza%20reapertura%20de%20sus%20operaciones%20en%20Puerto%20Ays%C3%A9n' aria-hidden='false' data-av_icon='\ue8f3' data-av_iconfont='entypo-fontello' title='' data-avia-related-tooltip='Compartir en Facebook' rel=\"noopener\"><span class='avia_hidden_link_text'>Compartir en Facebook<\/span><\/a><\/li><li class='av-share-link av-social-link-twitter' ><a target=\"_blank\" aria-label=\"Compartir en Twitter\" href='https:\/\/twitter.com\/share?text=Fundaci%C3%B3n%20Sumergi2%20realiza%20reapertura%20de%20sus%20operaciones%20en%20Puerto%20Ays%C3%A9n&#038;url=https:\/\/radiorevelacionfm.cl\/?p=27586' aria-hidden='false' data-av_icon='\ue8f1' data-av_iconfont='entypo-fontello' title='' data-avia-related-tooltip='Compartir en Twitter' rel=\"noopener\"><span class='avia_hidden_link_text'>Compartir en Twitter<\/span><\/a><\/li><li class='av-share-link av-social-link-whatsapp' ><a target=\"_blank\" aria-label=\"Compartir en Whatsapp\" href='https:\/\/api.whatsapp.com\/send?text=https:\/\/radiorevelacionfm.cl\/?p=27586' aria-hidden='false' data-av_icon='\uf232' data-av_iconfont='entypo-fontello' title='' data-avia-related-tooltip='Compartir en Whatsapp' rel=\"noopener\"><span class='avia_hidden_link_text'>Compartir en Whatsapp<\/span><\/a><\/li><li class='av-share-link av-social-link-linkedin' ><a target=\"_blank\" aria-label=\"Compartir en LinkedIn\" href='https:\/\/linkedin.com\/shareArticle?mini=true&#038;title=Fundaci%C3%B3n%20Sumergi2%20realiza%20reapertura%20de%20sus%20operaciones%20en%20Puerto%20Ays%C3%A9n&#038;url=https:\/\/radiorevelacionfm.cl\/?p=27586' aria-hidden='false' data-av_icon='\ue8fc' data-av_iconfont='entypo-fontello' title='' data-avia-related-tooltip='Compartir en LinkedIn' rel=\"noopener\"><span class='avia_hidden_link_text'>Compartir en LinkedIn<\/span><\/a><\/li><li class='av-share-link av-social-link-mail' ><a  aria-label=\"Compartir por correo\" href='mailto:?subject=Fundaci%C3%B3n%20Sumergi2%20realiza%20reapertura%20de%20sus%20operaciones%20en%20Puerto%20Ays%C3%A9n&#038;body=https:\/\/radiorevelacionfm.cl\/?p=27586' aria-hidden='false' data-av_icon='\ue805' data-av_iconfont='entypo-fontello' title='' data-avia-related-tooltip='Compartir por correo'><span class='avia_hidden_link_text'>Compartir por correo<\/span><\/a><\/li><\/ul><\/div><\/div>\n<div  style='height:50px' class='hr hr-invisible   avia-builder-el-8  el_after_av_social_share  el_before_av_comments_list '><span class='hr-inner ' ><span class='hr-inner-style'><\/span><\/span><\/div>\n<div  class='av-buildercomment  av-blog-meta-html-info-disabled av-blog-meta-tag-disabled  '><\/div>\n","protected":false},"excerpt":{"rendered":"","protected":false},"author":1,"featured_media":27587,"comment_status":"open","ping_status":"open","sticky":false,"template":"","format":"standard","meta":{"footnotes":""},"categories":[38],"tags":[],"class_list":["post-27586","post","type-post","status-publish","format-standard","has-post-thumbnail","hentry","category-regional"],"jetpack_featured_media_url":"https:\/\/radiorevelacionfm.cl\/wp-content\/uploads\/2023\/02\/SUMERGIDOS-1-1-1.jpg","_links":{"self":[{"href":"https:\/\/radiorevelacionfm.cl\/index.php?rest_route=\/wp\/v2\/posts\/27586","targetHints":{"allow":["GET"]}}],"collection":[{"href":"https:\/\/radiorevelacionfm.cl\/index.php?rest_route=\/wp\/v2\/posts"}],"about":[{"href":"https:\/\/radiorevelacionfm.cl\/index.php?rest_route=\/wp\/v2\/types\/post"}],"author":[{"embeddable":true,"href":"https:\/\/radiorevelacionfm.cl\/index.php?rest_route=\/wp\/v2\/users\/1"}],"replies":[{"embeddable":true,"href":"https:\/\/radiorevelacionfm.cl\/index.php?rest_route=%2Fwp%2Fv2%2Fcomments&post=27586"}],"version-history":[{"count":2,"href":"https:\/\/radiorevelacionfm.cl\/index.php?rest_route=\/wp\/v2\/posts\/27586\/revisions"}],"predecessor-version":[{"id":27601,"href":"https:\/\/radiorevelacionfm.cl\/index.php?rest_route=\/wp\/v2\/posts\/27586\/revisions\/27601"}],"wp:featuredmedia":[{"embeddable":true,"href":"https:\/\/radiorevelacionfm.cl\/index.php?rest_route=\/wp\/v2\/media\/27587"}],"wp:attachment":[{"href":"https:\/\/radiorevelacionfm.cl\/index.php?rest_route=%2Fwp%2Fv2%2Fmedia&parent=27586"}],"wp:term":[{"taxonomy":"category","embeddable":true,"href":"https:\/\/radiorevelacionfm.cl\/index.php?rest_route=%2Fwp%2Fv2%2Fcategories&post=27586"},{"taxonomy":"post_tag","embeddable":true,"href":"https:\/\/radiorevelacionfm.cl\/index.php?rest_route=%2Fwp%2Fv2%2Ftags&post=27586"}],"curies":[{"name":"wp","href":"https:\/\/api.w.org\/{rel}","templated":true}]}}