{"id":27583,"date":"2023-02-08T19:06:08","date_gmt":"2023-02-08T22:06:08","guid":{"rendered":"https:\/\/radiorevelacionfm.cl\/?p=27583"},"modified":"2023-02-08T19:06:08","modified_gmt":"2023-02-08T22:06:08","slug":"soledad-tapia-almonacid-asume-como-nueva-directora-nacional-de-sernapesca","status":"publish","type":"post","link":"https:\/\/radiorevelacionfm.cl\/?p=27583","title":{"rendered":"Soledad Tapia Almonacid asume como nueva Directora Nacional de Sernapesca"},"content":{"rendered":"<div class=\"flex_column av_one_full  flex_column_div av-zero-column-padding first  avia-builder-el-0  el_before_av_one_full  avia-builder-el-first  \" style='border-radius:0px; '><div  class='avia-image-container  av-styling-    avia-builder-el-1  avia-builder-el-no-sibling  avia-align-center '  itemprop=\"image\" itemscope=\"itemscope\" itemtype=\"https:\/\/schema.org\/ImageObject\"  ><div class='avia-image-container-inner'><div class='avia-image-overlay-wrap'><img decoding=\"async\" class='wp-image-27584 avia-img-lazy-loading-not-27584 avia_image' src=\"https:\/\/radiorevelacionfm.cl\/wp-content\/uploads\/2023\/02\/SOLEDAD-TAPIA-1-1.jpg\" alt='' title='SOLEDAD TAPIA (1) (1)' height=\"600\" width=\"838\"  itemprop=\"thumbnailUrl\" srcset=\"https:\/\/radiorevelacionfm.cl\/wp-content\/uploads\/2023\/02\/SOLEDAD-TAPIA-1-1.jpg 838w, https:\/\/radiorevelacionfm.cl\/wp-content\/uploads\/2023\/02\/SOLEDAD-TAPIA-1-1-300x215.jpg 300w, https:\/\/radiorevelacionfm.cl\/wp-content\/uploads\/2023\/02\/SOLEDAD-TAPIA-1-1-768x550.jpg 768w, https:\/\/radiorevelacionfm.cl\/wp-content\/uploads\/2023\/02\/SOLEDAD-TAPIA-1-1-260x185.jpg 260w, https:\/\/radiorevelacionfm.cl\/wp-content\/uploads\/2023\/02\/SOLEDAD-TAPIA-1-1-705x505.jpg 705w, https:\/\/radiorevelacionfm.cl\/wp-content\/uploads\/2023\/02\/SOLEDAD-TAPIA-1-1-600x430.jpg 600w\" sizes=\"(max-width: 838px) 100vw, 838px\" \/><\/div><\/div><\/div><\/div><div class=\"flex_column av_one_full  flex_column_div av-zero-column-padding first  avia-builder-el-2  el_after_av_one_full  el_before_av_one_full  column-top-margin\" style='border-radius:0px; '><section class=\"av_textblock_section \"  itemscope=\"itemscope\" itemtype=\"https:\/\/schema.org\/BlogPosting\" itemprop=\"blogPost\" ><div class='avia_textblock  '   itemprop=\"text\" ><p style=\"text-align: center;\"><strong><span style=\"font-size: 18pt;\">Soledad Tapia Almonacid asume como nueva Directora Nacional de Sernapesca<\/span><\/strong><\/p>\n<div id=\"gtx-trans\" style=\"position: absolute; left: -50px; top: 4.31534px;\">\n<div class=\"gtx-trans-icon\"><\/div>\n<\/div>\n<\/div><\/section><\/div><div class=\"flex_column av_one_full  flex_column_div av-zero-column-padding first  avia-builder-el-4  el_after_av_one_full  el_before_av_hr  column-top-margin\" style='border-radius:0px; '><section class=\"av_textblock_section \"  itemscope=\"itemscope\" itemtype=\"https:\/\/schema.org\/BlogPosting\" itemprop=\"blogPost\" ><div class='avia_textblock  '   itemprop=\"text\" ><p style=\"font-weight: 400; text-align: justify;\">Tras la finalizaci\u00f3n del concurso de Alta Direcci\u00f3n P\u00fablica, el presidente Gabriel Boric Font design\u00f3 a Soledad Tapia Almonacid como la nueva directora nacional del Servicio Nacional de Pesca y Acuicultura, quien tiene 14 a\u00f1os de carrera en la instituci\u00f3n.<\/p>\n<p style=\"font-weight: 400; text-align: justify;\">La nueva Directora Nacional, quien hasta el momento de su nombramiento se desempe\u00f1aba como Directora Regional de Sernapesca Valpara\u00edso, fue la primera mujer que ingres\u00f3 por Alta Direcci\u00f3n P\u00fablica como Directora Regional de Tarapac\u00e1 el 2009, asumiendo luego una serie de cargos directivos como Directora Regional de Valpara\u00edso, Subdirectora de Pesquer\u00edas, Jefa del Departamento de Personas, Directora de la Escuela de Fiscalizaci\u00f3n y nuevamente como Directora Regional de Valpara\u00edso desde el 2019.<\/p>\n<p style=\"font-weight: 400; text-align: justify;\">De profesi\u00f3n Ingeniera Pesquera de la Pontificia Universidad Cat\u00f3lica de Valpara\u00edso e Ingeniera Industrial de la Universidad de Valpara\u00edso, tiene un Mag\u00edster en Psicolog\u00eda de Trabajo y las organizaciones con menci\u00f3n en Desarrollo Organizacional y Personas de la Universidad de Valpara\u00edso y un diplomado en Competencias Directivas Gen\u00e9ricas para la Alta Direcci\u00f3n P\u00fablica de la Universidad del Desarrollo.<\/p>\n<p style=\"font-weight: 400; text-align: justify;\">Soledad Tapia declar\u00f3 estar orgullosa de asumir este nuevo desaf\u00edo profesional en su carrera funcionaria: \u201cRecibo este nombramiento con mucha emoci\u00f3n y entusiasmo. Agradezco la confianza del Presidente en m\u00ed y el reconocimiento al m\u00e9rito de tener 14 a\u00f1os en el Servicio y un trabajo con el sector artesanal y la industria. Es un honor poder ser la persona elegida, siento apoyo de la institucionalidad pesquera, del equipo Directivo de Sernapesca, y de funcionarios y funcionarias, lo que sin duda me provoca enorme motivaci\u00f3n para pasar r\u00e1pidamente a la acci\u00f3n. Me interesa poner \u00e9nfasis en las personas, en los buenos climas laborales y en potenciar los liderazgos internos. Como mujer tambi\u00e9n deseo aportar a la pol\u00edtica de g\u00e9nero en nuestra instituci\u00f3n\u201d.<\/p>\n<p style=\"font-weight: 400; text-align: justify;\">Los \u00e9nfasis para el sector de pesca y acuicultura estar\u00e1n puestos en la consolidaci\u00f3n del sector a nivel internacional mediante la implementaci\u00f3n de pol\u00edticas vinculadas al desarrollo productivo de las caletas pesqueras, la equidad de g\u00e9nero y el reconocimiento de las actividades conexas de la pesca artesanal, as\u00ed como el fortalecimiento del uso de la tecnolog\u00eda para la fiscalizaci\u00f3n, el combate contra la pesca ilegal y tambi\u00e9n es de suma relevancia la discusi\u00f3n de la nueva Ley General de Pesca y Acuicultura.<\/p>\n<\/div><\/section><\/div><div  style='height:50px' class='hr hr-invisible   avia-builder-el-6  el_after_av_one_full  el_before_av_social_share '><span class='hr-inner ' ><span class='hr-inner-style'><\/span><\/span><\/div><\/p>\n<div  class='av-social-sharing-box  avia-builder-el-7  el_after_av_hr  el_before_av_hr  '><div class='av-share-box'><h5 class='av-share-link-description av-no-toc '>Compartir esta noticia<\/h5><ul class='av-share-box-list noLightbox'><li class='av-share-link av-social-link-facebook' ><a target=\"_blank\" aria-label=\"Compartir en Facebook\" href='https:\/\/www.facebook.com\/sharer.php?u=https:\/\/radiorevelacionfm.cl\/?p=27583&#038;t=Soledad%20Tapia%20Almonacid%20asume%20como%20nueva%20Directora%20Nacional%20de%20Sernapesca' aria-hidden='false' data-av_icon='\ue8f3' data-av_iconfont='entypo-fontello' title='' data-avia-related-tooltip='Compartir en Facebook' rel=\"noopener\"><span class='avia_hidden_link_text'>Compartir en Facebook<\/span><\/a><\/li><li class='av-share-link av-social-link-twitter' ><a target=\"_blank\" aria-label=\"Compartir en Twitter\" href='https:\/\/twitter.com\/share?text=Soledad%20Tapia%20Almonacid%20asume%20como%20nueva%20Directora%20Nacional%20de%20Sernapesca&#038;url=https:\/\/radiorevelacionfm.cl\/?p=27583' aria-hidden='false' data-av_icon='\ue8f1' data-av_iconfont='entypo-fontello' title='' data-avia-related-tooltip='Compartir en Twitter' rel=\"noopener\"><span class='avia_hidden_link_text'>Compartir en Twitter<\/span><\/a><\/li><li class='av-share-link av-social-link-whatsapp' ><a target=\"_blank\" aria-label=\"Compartir en Whatsapp\" href='https:\/\/api.whatsapp.com\/send?text=https:\/\/radiorevelacionfm.cl\/?p=27583' aria-hidden='false' data-av_icon='\uf232' data-av_iconfont='entypo-fontello' title='' data-avia-related-tooltip='Compartir en Whatsapp' rel=\"noopener\"><span class='avia_hidden_link_text'>Compartir en Whatsapp<\/span><\/a><\/li><li class='av-share-link av-social-link-linkedin' ><a target=\"_blank\" aria-label=\"Compartir en LinkedIn\" href='https:\/\/linkedin.com\/shareArticle?mini=true&#038;title=Soledad%20Tapia%20Almonacid%20asume%20como%20nueva%20Directora%20Nacional%20de%20Sernapesca&#038;url=https:\/\/radiorevelacionfm.cl\/?p=27583' aria-hidden='false' data-av_icon='\ue8fc' data-av_iconfont='entypo-fontello' title='' data-avia-related-tooltip='Compartir en LinkedIn' rel=\"noopener\"><span class='avia_hidden_link_text'>Compartir en LinkedIn<\/span><\/a><\/li><li class='av-share-link av-social-link-mail' ><a  aria-label=\"Compartir por correo\" href='mailto:?subject=Soledad%20Tapia%20Almonacid%20asume%20como%20nueva%20Directora%20Nacional%20de%20Sernapesca&#038;body=https:\/\/radiorevelacionfm.cl\/?p=27583' aria-hidden='false' data-av_icon='\ue805' data-av_iconfont='entypo-fontello' title='' data-avia-related-tooltip='Compartir por correo'><span class='avia_hidden_link_text'>Compartir por correo<\/span><\/a><\/li><\/ul><\/div><\/div>\n<div  style='height:50px' class='hr hr-invisible   avia-builder-el-8  el_after_av_social_share  el_before_av_comments_list '><span class='hr-inner ' ><span class='hr-inner-style'><\/span><\/span><\/div>\n<div  class='av-buildercomment  av-blog-meta-html-info-disabled av-blog-meta-tag-disabled  '><\/div>\n","protected":false},"excerpt":{"rendered":"","protected":false},"author":1,"featured_media":27584,"comment_status":"open","ping_status":"open","sticky":false,"template":"","format":"standard","meta":{"footnotes":""},"categories":[61],"tags":[],"class_list":["post-27583","post","type-post","status-publish","format-standard","has-post-thumbnail","hentry","category-nacional"],"jetpack_featured_media_url":"https:\/\/radiorevelacionfm.cl\/wp-content\/uploads\/2023\/02\/SOLEDAD-TAPIA-1-1.jpg","_links":{"self":[{"href":"https:\/\/radiorevelacionfm.cl\/index.php?rest_route=\/wp\/v2\/posts\/27583","targetHints":{"allow":["GET"]}}],"collection":[{"href":"https:\/\/radiorevelacionfm.cl\/index.php?rest_route=\/wp\/v2\/posts"}],"about":[{"href":"https:\/\/radiorevelacionfm.cl\/index.php?rest_route=\/wp\/v2\/types\/post"}],"author":[{"embeddable":true,"href":"https:\/\/radiorevelacionfm.cl\/index.php?rest_route=\/wp\/v2\/users\/1"}],"replies":[{"embeddable":true,"href":"https:\/\/radiorevelacionfm.cl\/index.php?rest_route=%2Fwp%2Fv2%2Fcomments&post=27583"}],"version-history":[{"count":2,"href":"https:\/\/radiorevelacionfm.cl\/index.php?rest_route=\/wp\/v2\/posts\/27583\/revisions"}],"predecessor-version":[{"id":27637,"href":"https:\/\/radiorevelacionfm.cl\/index.php?rest_route=\/wp\/v2\/posts\/27583\/revisions\/27637"}],"wp:featuredmedia":[{"embeddable":true,"href":"https:\/\/radiorevelacionfm.cl\/index.php?rest_route=\/wp\/v2\/media\/27584"}],"wp:attachment":[{"href":"https:\/\/radiorevelacionfm.cl\/index.php?rest_route=%2Fwp%2Fv2%2Fmedia&parent=27583"}],"wp:term":[{"taxonomy":"category","embeddable":true,"href":"https:\/\/radiorevelacionfm.cl\/index.php?rest_route=%2Fwp%2Fv2%2Fcategories&post=27583"},{"taxonomy":"post_tag","embeddable":true,"href":"https:\/\/radiorevelacionfm.cl\/index.php?rest_route=%2Fwp%2Fv2%2Ftags&post=27583"}],"curies":[{"name":"wp","href":"https:\/\/api.w.org\/{rel}","templated":true}]}}