{"id":27580,"date":"2023-02-07T19:39:22","date_gmt":"2023-02-07T22:39:22","guid":{"rendered":"https:\/\/radiorevelacionfm.cl\/?p=27580"},"modified":"2023-02-07T19:39:22","modified_gmt":"2023-02-07T22:39:22","slug":"intensa-agenda-energetica-desarrollo-el-subsecretario-de-energia-en-la-region-de-aysen","status":"publish","type":"post","link":"https:\/\/radiorevelacionfm.cl\/?p=27580","title":{"rendered":"Intensa agenda energ\u00e9tica desarroll\u00f3 el Subsecretario de Energ\u00eda en la regi\u00f3n de Ays\u00e9n"},"content":{"rendered":"<div class=\"flex_column av_one_full  flex_column_div av-zero-column-padding first  avia-builder-el-0  el_before_av_one_full  avia-builder-el-first  \" style='border-radius:0px; '><div  class='avia-image-container  av-styling-    avia-builder-el-1  avia-builder-el-no-sibling  avia-align-center '  itemprop=\"image\" itemscope=\"itemscope\" itemtype=\"https:\/\/schema.org\/ImageObject\"  ><div class='avia-image-container-inner'><div class='avia-image-overlay-wrap'><img decoding=\"async\" class='wp-image-27581 avia-img-lazy-loading-not-27581 avia_image' src=\"https:\/\/radiorevelacionfm.cl\/wp-content\/uploads\/2023\/02\/Foto-1-33-1-1.jpg\" alt='' title='Foto 1 (33) (1) (1)' height=\"600\" width=\"901\"  itemprop=\"thumbnailUrl\" srcset=\"https:\/\/radiorevelacionfm.cl\/wp-content\/uploads\/2023\/02\/Foto-1-33-1-1.jpg 901w, https:\/\/radiorevelacionfm.cl\/wp-content\/uploads\/2023\/02\/Foto-1-33-1-1-300x200.jpg 300w, https:\/\/radiorevelacionfm.cl\/wp-content\/uploads\/2023\/02\/Foto-1-33-1-1-768x511.jpg 768w, https:\/\/radiorevelacionfm.cl\/wp-content\/uploads\/2023\/02\/Foto-1-33-1-1-705x469.jpg 705w, https:\/\/radiorevelacionfm.cl\/wp-content\/uploads\/2023\/02\/Foto-1-33-1-1-600x400.jpg 600w\" sizes=\"(max-width: 901px) 100vw, 901px\" \/><\/div><\/div><\/div><\/div><div class=\"flex_column av_one_full  flex_column_div av-zero-column-padding first  avia-builder-el-2  el_after_av_one_full  el_before_av_one_full  column-top-margin\" style='border-radius:0px; '><section class=\"av_textblock_section \"  itemscope=\"itemscope\" itemtype=\"https:\/\/schema.org\/BlogPosting\" itemprop=\"blogPost\" ><div class='avia_textblock  '   itemprop=\"text\" ><p style=\"text-align: center;\"><span style=\"font-size: 18pt;\"><strong>Intensa agenda energ\u00e9tica desarroll\u00f3 el Subsecretario de Energ\u00eda en la regi\u00f3n de Ays\u00e9n <\/strong><\/span><\/p>\n<div id=\"gtx-trans\" style=\"position: absolute; left: -50px; top: 4.31534px;\">\n<div class=\"gtx-trans-icon\"><\/div>\n<\/div>\n<\/div><\/section><\/div><div class=\"flex_column av_one_full  flex_column_div av-zero-column-padding first  avia-builder-el-4  el_after_av_one_full  el_before_av_hr  column-top-margin\" style='border-radius:0px; '><section class=\"av_textblock_section \"  itemscope=\"itemscope\" itemtype=\"https:\/\/schema.org\/BlogPosting\" itemprop=\"blogPost\" ><div class='avia_textblock  '   itemprop=\"text\" ><p style=\"text-align: justify;\">El Subsecretario de Energ\u00eda Julio Maturana, en su visita a la regi\u00f3n de Ays\u00e9n desarroll\u00f3 una intensa agenda energ\u00e9tica que comenz\u00f3 en la ciudad de Coyhaique, donde encabez\u00f3 junto al Seremi de Energ\u00eda de Ays\u00e9n Carlos D\u00edaz, un taller ciudadano que tuvo como finalidad avanzar en la construcci\u00f3n del reglamento de la Ley de Bicombustibles S\u00f3lidos, incorporando las particularidades de nuestra regi\u00f3n y la visi\u00f3n del territorio.<\/p>\n<p style=\"text-align: justify;\">Posteriormente, se traslad\u00f3 hasta la localidad de Tortel donde se reuni\u00f3 con el Alcalde Abel Becerra y su equipo t\u00e9cnico, con quienes visit\u00f3 la minicentral hidroel\u00e9ctrica ubicada en la bah\u00eda de la Laguna Tortel, para luego ascender hasta el sector de la Laguna Pull\u00edn donde analiz\u00f3 la implementaci\u00f3n de un proyecto que permita aumentar la capacidad de generaci\u00f3n hidr\u00e1ulica. \u201cEstamos muy contentos porque desde hace poquito tiempo la gente de la comuna tiene energ\u00eda 24\/7 gracias a la sincronizaci\u00f3n de los sistemas h\u00eddricos y di\u00e9sel. Ahora el siguiente paso es ver la posibilidad de ampliar las energ\u00edas renovables en la comuna, y por eso realizamos la visita t\u00e9cnica a donde sale el agua que alimenta la central h\u00eddrica, para ver cu\u00e1les son las posibilidades que nos permitan en el futuro aumentar esa capacidad\u201d dijo Maturana.<\/p>\n<p style=\"text-align: justify;\">Por su parte el alcalde Becerra indic\u00f3 que \u201cnos visit\u00f3 el Subsecretario de Energ\u00eda en un terreno t\u00e9cnico ya que estamos viendo junto al Seremi de nuestra regi\u00f3n, la forma de ampliar la capacidad de nuestra turbina que tenemos a borde mar y ver si podemos consumir m\u00e1s energ\u00edas limpias y cada vez ir consumiendo menos di\u00e9sel\u201d.<\/p>\n<p style=\"text-align: justify;\">Continuando con su visita se traslad\u00f3 hasta la Central T\u00e9rmica Norte, para conocer los detalles del moderno sistema de sincronismo que permite que hoy Tortel cuente con energ\u00eda las 24 horas, gracias a la coordinaci\u00f3n de las diferentes fuentes de generaci\u00f3n. Adem\u00e1s, el sincronismo ha logrado disminuir casi a cero las interrupciones del sistema por falta de capacidad y facilit\u00f3 el funcionamiento del alcantarillado. Al respecto Alejandra Zurita, conocida vecina del sector coment\u00f3 los beneficios de este proyecto \u201cestamos muy felices ac\u00e1 en Tortel y apreciamos los beneficios que nos ha tra\u00eddo el haber instalado el sincronismo, idea que recuerdo naci\u00f3 de una reuni\u00f3n de participaci\u00f3n ciudadana. Hoy en d\u00eda en lo personal como vecina y emprendedora, me siento feliz de poder notar esa gran diferencia en algo tan b\u00e1sico e importante como tener energ\u00eda para hacer funcionar el horno microondas\u201d.<\/p>\n<p style=\"text-align: justify;\">Continuando con su viaje Maturana se reuni\u00f3 con productores de la A.G R\u00edo Baker para ver en terreno el funcionamiento del Centro Integral de Biomasa (CIB), impulsado por el Ministerio de Energ\u00eda, el que contempl\u00f3 una inversi\u00f3n de MM$69 para asistencia t\u00e9cnica y la construcci\u00f3n de dos galpones, un secador forzado de le\u00f1a y maquinarias.<\/p>\n<p style=\"text-align: justify;\">En materia de eficiencia energ\u00e9tica visit\u00f3 la Escuela Rural Carretera Austral de Bah\u00eda Murta, donde conoci\u00f3 los detalles del exitoso proyecto de acondicionamiento t\u00e9rmico financiado por el Ministerio de Energ\u00eda, el que cont\u00f3 con una inversi\u00f3n de MM$330 y fue ejecutado en coordinaci\u00f3n con el Ministerio de Educaci\u00f3n, la Municipalidad de Puerto Ib\u00e1\u00f1ez y la Agencia de Sostenibilidad Energ\u00e9tica.<\/p>\n<p style=\"text-align: justify;\">En su \u00faltimo d\u00eda en Ays\u00e9n el Subsecretario Julio Matura, encabez\u00f3 la inauguraci\u00f3n de la Planta Fotovoltaica de El Blanco la m\u00e1s austral de Am\u00e9rica, la que aporta una potencia instalada de 2,99 MW \u201cesperamos poder tener m\u00e1s proyectos de este tipo y no solo me refiero a renovables, sino a proyectos que conversen con la comunidad. Este proyecto tuvo muy buen di\u00e1logo comunitario con las personas del territorio lo que permiti\u00f3 mejoras importantes, por ejemplo, en la escuela y en la sede social\u201d se\u00f1al\u00f3 el Subsecretario.<\/p>\n<p style=\"text-align: justify;\">Dos actividades cerraron la agenda de la autoridad la visita al productor le\u00f1ero Elizardo Aguilar, a quien entreg\u00f3 el Sello Calidad de Le\u00f1a, distinci\u00f3n que reconoce a comercializadores cuyo proceso de producci\u00f3n de le\u00f1a les permite generar un producto de calidad y la reuni\u00f3n con el Alcalde de Lago Verde, Nelson Opazo, con quien convers\u00f3 sobre la importancia del programa Mejor Escuela e iniciativas de electrificaci\u00f3n rural para dicha comuna.<\/p>\n<p style=\"text-align: justify;\">Finalmente, el Seremi D\u00edaz recalc\u00f3 que \u201cestamos muy contentos porque junto al Subsecretario Maturana realizamos un importante despliegue territorial, marcado por distintas visitas t\u00e9cnicas y reuniones que nos permitir\u00e1n a futuro desarrollar nuevos proyectos. Estamos conscientes de que las energ\u00edas renovables son una gran alternativa frente al desaf\u00edo que nos impone el cambio clim\u00e1tico, y Ays\u00e9n cuenta con un gran potencial. Por ello nos encontramos impulsando diversos proyectos que nos permitir\u00e1n fomentar el desarrollo de nuevas iniciativas renovables m\u00e1s limpias y baratas\u201d.<\/p>\n<\/div><\/section><\/div><div  style='height:50px' class='hr hr-invisible   avia-builder-el-6  el_after_av_one_full  el_before_av_social_share '><span class='hr-inner ' ><span class='hr-inner-style'><\/span><\/span><\/div><\/p>\n<div  class='av-social-sharing-box  avia-builder-el-7  el_after_av_hr  el_before_av_hr  '><div class='av-share-box'><h5 class='av-share-link-description av-no-toc '>Compartir esta noticia<\/h5><ul class='av-share-box-list noLightbox'><li class='av-share-link av-social-link-facebook' ><a target=\"_blank\" aria-label=\"Compartir en Facebook\" href='https:\/\/www.facebook.com\/sharer.php?u=https:\/\/radiorevelacionfm.cl\/?p=27580&#038;t=Intensa%20agenda%20energ%C3%A9tica%20desarroll%C3%B3%20el%20Subsecretario%20de%20Energ%C3%ADa%20en%20la%20regi%C3%B3n%20de%20Ays%C3%A9n' aria-hidden='false' data-av_icon='\ue8f3' data-av_iconfont='entypo-fontello' title='' data-avia-related-tooltip='Compartir en Facebook' rel=\"noopener\"><span class='avia_hidden_link_text'>Compartir en Facebook<\/span><\/a><\/li><li class='av-share-link av-social-link-twitter' ><a target=\"_blank\" aria-label=\"Compartir en Twitter\" href='https:\/\/twitter.com\/share?text=Intensa%20agenda%20energ%C3%A9tica%20desarroll%C3%B3%20el%20Subsecretario%20de%20Energ%C3%ADa%20en%20la%20regi%C3%B3n%20de%20Ays%C3%A9n&#038;url=https:\/\/radiorevelacionfm.cl\/?p=27580' aria-hidden='false' data-av_icon='\ue8f1' data-av_iconfont='entypo-fontello' title='' data-avia-related-tooltip='Compartir en Twitter' rel=\"noopener\"><span class='avia_hidden_link_text'>Compartir en Twitter<\/span><\/a><\/li><li class='av-share-link av-social-link-whatsapp' ><a target=\"_blank\" aria-label=\"Compartir en Whatsapp\" href='https:\/\/api.whatsapp.com\/send?text=https:\/\/radiorevelacionfm.cl\/?p=27580' aria-hidden='false' data-av_icon='\uf232' data-av_iconfont='entypo-fontello' title='' data-avia-related-tooltip='Compartir en Whatsapp' rel=\"noopener\"><span class='avia_hidden_link_text'>Compartir en Whatsapp<\/span><\/a><\/li><li class='av-share-link av-social-link-linkedin' ><a target=\"_blank\" aria-label=\"Compartir en LinkedIn\" href='https:\/\/linkedin.com\/shareArticle?mini=true&#038;title=Intensa%20agenda%20energ%C3%A9tica%20desarroll%C3%B3%20el%20Subsecretario%20de%20Energ%C3%ADa%20en%20la%20regi%C3%B3n%20de%20Ays%C3%A9n&#038;url=https:\/\/radiorevelacionfm.cl\/?p=27580' aria-hidden='false' data-av_icon='\ue8fc' data-av_iconfont='entypo-fontello' title='' data-avia-related-tooltip='Compartir en LinkedIn' rel=\"noopener\"><span class='avia_hidden_link_text'>Compartir en LinkedIn<\/span><\/a><\/li><li class='av-share-link av-social-link-mail' ><a  aria-label=\"Compartir por correo\" href='mailto:?subject=Intensa%20agenda%20energ%C3%A9tica%20desarroll%C3%B3%20el%20Subsecretario%20de%20Energ%C3%ADa%20en%20la%20regi%C3%B3n%20de%20Ays%C3%A9n&#038;body=https:\/\/radiorevelacionfm.cl\/?p=27580' aria-hidden='false' data-av_icon='\ue805' data-av_iconfont='entypo-fontello' title='' data-avia-related-tooltip='Compartir por correo'><span class='avia_hidden_link_text'>Compartir por correo<\/span><\/a><\/li><\/ul><\/div><\/div>\n<div  style='height:50px' class='hr hr-invisible   avia-builder-el-8  el_after_av_social_share  el_before_av_comments_list '><span class='hr-inner ' ><span class='hr-inner-style'><\/span><\/span><\/div>\n<div  class='av-buildercomment  av-blog-meta-html-info-disabled av-blog-meta-tag-disabled  '><\/div>\n","protected":false},"excerpt":{"rendered":"","protected":false},"author":1,"featured_media":27581,"comment_status":"open","ping_status":"open","sticky":false,"template":"","format":"standard","meta":{"footnotes":""},"categories":[38],"tags":[],"class_list":["post-27580","post","type-post","status-publish","format-standard","has-post-thumbnail","hentry","category-regional"],"jetpack_featured_media_url":"https:\/\/radiorevelacionfm.cl\/wp-content\/uploads\/2023\/02\/Foto-1-33-1-1.jpg","_links":{"self":[{"href":"https:\/\/radiorevelacionfm.cl\/index.php?rest_route=\/wp\/v2\/posts\/27580","targetHints":{"allow":["GET"]}}],"collection":[{"href":"https:\/\/radiorevelacionfm.cl\/index.php?rest_route=\/wp\/v2\/posts"}],"about":[{"href":"https:\/\/radiorevelacionfm.cl\/index.php?rest_route=\/wp\/v2\/types\/post"}],"author":[{"embeddable":true,"href":"https:\/\/radiorevelacionfm.cl\/index.php?rest_route=\/wp\/v2\/users\/1"}],"replies":[{"embeddable":true,"href":"https:\/\/radiorevelacionfm.cl\/index.php?rest_route=%2Fwp%2Fv2%2Fcomments&post=27580"}],"version-history":[{"count":2,"href":"https:\/\/radiorevelacionfm.cl\/index.php?rest_route=\/wp\/v2\/posts\/27580\/revisions"}],"predecessor-version":[{"id":27598,"href":"https:\/\/radiorevelacionfm.cl\/index.php?rest_route=\/wp\/v2\/posts\/27580\/revisions\/27598"}],"wp:featuredmedia":[{"embeddable":true,"href":"https:\/\/radiorevelacionfm.cl\/index.php?rest_route=\/wp\/v2\/media\/27581"}],"wp:attachment":[{"href":"https:\/\/radiorevelacionfm.cl\/index.php?rest_route=%2Fwp%2Fv2%2Fmedia&parent=27580"}],"wp:term":[{"taxonomy":"category","embeddable":true,"href":"https:\/\/radiorevelacionfm.cl\/index.php?rest_route=%2Fwp%2Fv2%2Fcategories&post=27580"},{"taxonomy":"post_tag","embeddable":true,"href":"https:\/\/radiorevelacionfm.cl\/index.php?rest_route=%2Fwp%2Fv2%2Ftags&post=27580"}],"curies":[{"name":"wp","href":"https:\/\/api.w.org\/{rel}","templated":true}]}}