{"id":27572,"date":"2023-02-07T17:41:59","date_gmt":"2023-02-07T20:41:59","guid":{"rendered":"https:\/\/radiorevelacionfm.cl\/?p=27572"},"modified":"2023-02-07T17:41:59","modified_gmt":"2023-02-07T20:41:59","slug":"gobierno-regional-por-embarcaciones-ilegales-en-aysen-es-una-senal-clara-de-la-nula-importancia-que-le-dan-flotas-de-otras-regiones-a-la-sustentabilidad-de-nuestros-recursos","status":"publish","type":"post","link":"https:\/\/radiorevelacionfm.cl\/?p=27572","title":{"rendered":"Gobierno Regional por embarcaciones ilegales en Ays\u00e9n: \u00abEs una se\u00f1al clara de la nula importancia que le dan flotas de otras regiones a la sustentabilidad de nuestros recursos\u00bb"},"content":{"rendered":"<div class=\"flex_column av_one_full  flex_column_div av-zero-column-padding first  avia-builder-el-0  el_before_av_one_full  avia-builder-el-first  \" style='border-radius:0px; '><div  class='avia-image-container  av-styling-    avia-builder-el-1  avia-builder-el-no-sibling  avia-align-center '  itemprop=\"image\" itemscope=\"itemscope\" itemtype=\"https:\/\/schema.org\/ImageObject\"  ><div class='avia-image-container-inner'><div class='avia-image-overlay-wrap'><img decoding=\"async\" class='wp-image-27573 avia-img-lazy-loading-not-27573 avia_image' src=\"https:\/\/radiorevelacionfm.cl\/wp-content\/uploads\/2023\/02\/328508877_1994287047440066_92359852692040639_n-1_optimized.jpg\" alt='' title='328508877_1994287047440066_92359852692040639_n-(1)_optimized' height=\"600\" width=\"901\"  itemprop=\"thumbnailUrl\" srcset=\"https:\/\/radiorevelacionfm.cl\/wp-content\/uploads\/2023\/02\/328508877_1994287047440066_92359852692040639_n-1_optimized.jpg 901w, https:\/\/radiorevelacionfm.cl\/wp-content\/uploads\/2023\/02\/328508877_1994287047440066_92359852692040639_n-1_optimized-300x200.jpg 300w, https:\/\/radiorevelacionfm.cl\/wp-content\/uploads\/2023\/02\/328508877_1994287047440066_92359852692040639_n-1_optimized-768x511.jpg 768w, https:\/\/radiorevelacionfm.cl\/wp-content\/uploads\/2023\/02\/328508877_1994287047440066_92359852692040639_n-1_optimized-705x469.jpg 705w, https:\/\/radiorevelacionfm.cl\/wp-content\/uploads\/2023\/02\/328508877_1994287047440066_92359852692040639_n-1_optimized-600x400.jpg 600w\" sizes=\"(max-width: 901px) 100vw, 901px\" \/><\/div><\/div><\/div><\/div><div class=\"flex_column av_one_full  flex_column_div av-zero-column-padding first  avia-builder-el-2  el_after_av_one_full  el_before_av_one_full  column-top-margin\" style='border-radius:0px; '><section class=\"av_textblock_section \"  itemscope=\"itemscope\" itemtype=\"https:\/\/schema.org\/BlogPosting\" itemprop=\"blogPost\" ><div class='avia_textblock  '   itemprop=\"text\" ><p style=\"text-align: center;\"><strong><span style=\"font-size: 18pt;\">Gobierno Regional por embarcaciones ilegales en Ays\u00e9n: \u00abEs una se\u00f1al clara de la nula importancia que le dan flotas de otras regiones a la sustentabilidad de nuestros recursos\u00bb<\/span><\/strong><\/p>\n<div id=\"gtx-trans\" style=\"position: absolute; left: -50px; top: 4.31534px;\">\n<div class=\"gtx-trans-icon\"><\/div>\n<\/div>\n<\/div><\/section><\/div><div class=\"flex_column av_one_full  flex_column_div av-zero-column-padding first  avia-builder-el-4  el_after_av_one_full  el_before_av_hr  column-top-margin\" style='border-radius:0px; '><section class=\"av_textblock_section \"  itemscope=\"itemscope\" itemtype=\"https:\/\/schema.org\/BlogPosting\" itemprop=\"blogPost\" ><div class='avia_textblock  '   itemprop=\"text\" ><p dir=\"ltr\" style=\"text-align: justify;\">En un operativo de fiscalizaci\u00f3n a\u00e9rea realizado por el Servicio Nacional de Pesca y Acuicultura (Sernapesca) Ays\u00e9n, se detectaron un total de 46 embarcaciones que estaban realizando actividades extractivas ilegales en el sector del Golfo de Penas, la pen\u00ednsula Tres Montes e Isla Byron. Esto fue calificado desde el Gobierno Regional de Ays\u00e9n como \u00abuna situaci\u00f3n preocupante\u00bb, sobre todo teniendo en cuenta la discusi\u00f3n por la extracci\u00f3n de recursos bent\u00f3nicos desarrollada en el Congreso.<\/p>\n<p dir=\"ltr\" style=\"text-align: justify;\">Entre los principales incumplimientos detectados se encontraron catorce naves artesanales de la Regi\u00f3n de Los Lagos realizando extracci\u00f3n de luga roja en el Golfo Tres Montes, cinco naves de la misma regi\u00f3n realizaron extracci\u00f3n de reineta en la zona de aguas oce\u00e1nicas de la Regi\u00f3n de Ays\u00e9n sin la respectiva autorizaci\u00f3n, y otras 27 naves artesanales en el sector de isla Byron que estaban extrayendo luga roja: nueve pertenec\u00edan a la Regi\u00f3n de Magallanes, no contaban autorizaciones para operar en Ays\u00e9n, y 18 a la Regi\u00f3n de Los Lagos, las cuales no ten\u00edan permiso para extraer recursos de la zona contigua en la que se encontraban.<\/p>\n<p dir=\"ltr\" style=\"text-align: justify;\">\u00abLa detecci\u00f3n de un n\u00famero importante de embarcaciones de Los Lagos y Magallanes, operando de forma ilegal en la regi\u00f3n de Ays\u00e9n, es una se\u00f1al clara de la nula importancia que le dan flotas de otras regiones a la sustentabilidad de nuestros recursos. Sin embargo, quienes se desempe\u00f1an en la pesca artesanal en la Regi\u00f3n de Ays\u00e9n, saben que el futuro y el sustento de los recursos pesqueros depende del cuidado que ellos le dan en las distintas comunidades\u00bb, explic\u00f3 la jefa de la Divisi\u00f3n de Fomento e Industria (DIFOI) del Gobierno Regional, Yessica Lagos.<\/p>\n<p dir=\"ltr\" style=\"text-align: justify;\">Esta infracci\u00f3n ocurre adem\u00e1s en el contexto de la indicaci\u00f3n presentada en el mes de enero a la Comisi\u00f3n de Pesca de la C\u00e1mara de Diputados y Diputadas, por parlamentarios de la Regi\u00f3n de Los Lagos. En ella se establece que \u00abla extracci\u00f3n de los recursos erizos, luga y almeja en la Regi\u00f3n de Ays\u00e9n considerar\u00e1 las unidades extractivas de recursos bent\u00f3nicos de la Regi\u00f3n de Los Lagos conforme al plan de manejo que se establezca para ambas regiones\u00bb. De esta manera, los pescadores de Los Lagos no necesitar\u00e1n mediar con los pescadores de Ays\u00e9n para extraer recursos de su territorio mar\u00edtimo.<\/p>\n<p dir=\"ltr\" style=\"text-align: justify;\">Dicha indicaci\u00f3n fue aprobada por la comisi\u00f3n, causando indignaci\u00f3n tanto a los pescadores de la onceava regi\u00f3n como a la Gobernadora Regional de Ays\u00e9n, Andrea Mac\u00edas Palma, va en contra de la regionalizaci\u00f3n de los recursos pesqueros. Es por esto que el Gobierno Regional solicit\u00f3 al Ejecutivo, a trav\u00e9s de una reuni\u00f3n con el subsecretario de Pesca y Acuicultura el mes pasado, que en la discusi\u00f3n parlamentaria se asegure la sustentabilidad de la pesca artesanal en Ays\u00e9n y el cuidado de la actividad en el territorio, que es sustento y cultura de familias locales.<\/p>\n<p dir=\"ltr\" style=\"text-align: justify;\">\u00abEsto viene agravar la situaci\u00f3n actual.\u00a0 Si hoy existe pesca ilegal por parte de las regiones colindantes, con esta nueva indicaci\u00f3n vemos un futuro desastroso para la pesca de la regi\u00f3n y para la futura situaci\u00f3n econ\u00f3mica y social de nuestros pescadores artesanales\u00bb, concluy\u00f3 la encargada de la DIFOI.<\/p>\n<\/div><\/section><\/div><div  style='height:50px' class='hr hr-invisible   avia-builder-el-6  el_after_av_one_full  el_before_av_social_share '><span class='hr-inner ' ><span class='hr-inner-style'><\/span><\/span><\/div><\/p>\n<div  class='av-social-sharing-box  avia-builder-el-7  el_after_av_hr  el_before_av_hr  '><div class='av-share-box'><h5 class='av-share-link-description av-no-toc '>Compartir esta noticia<\/h5><ul class='av-share-box-list noLightbox'><li class='av-share-link av-social-link-facebook' ><a target=\"_blank\" aria-label=\"Compartir en Facebook\" href='https:\/\/www.facebook.com\/sharer.php?u=https:\/\/radiorevelacionfm.cl\/?p=27572&#038;t=Gobierno%20Regional%20por%20embarcaciones%20ilegales%20en%20Ays%C3%A9n%3A%20%C2%ABEs%20una%20se%C3%B1al%20clara%20de%20la%20nula%20importancia%20que%20le%20dan%20flotas%20de%20otras%20regiones%20a%20la%20sustentabilidad%20de%20nuestros%20recursos%C2%BB' aria-hidden='false' data-av_icon='\ue8f3' data-av_iconfont='entypo-fontello' title='' data-avia-related-tooltip='Compartir en Facebook' rel=\"noopener\"><span class='avia_hidden_link_text'>Compartir en Facebook<\/span><\/a><\/li><li class='av-share-link av-social-link-twitter' ><a target=\"_blank\" aria-label=\"Compartir en Twitter\" href='https:\/\/twitter.com\/share?text=Gobierno%20Regional%20por%20embarcaciones%20ilegales%20en%20Ays%C3%A9n%3A%20%C2%ABEs%20una%20se%C3%B1al%20clara%20de%20la%20nula%20importancia%20que%20le%20dan%20flotas%20de%20otras%20regiones%20a%20la%20sustentabilidad%20de%20nuestros%20recursos%C2%BB&#038;url=https:\/\/radiorevelacionfm.cl\/?p=27572' aria-hidden='false' data-av_icon='\ue8f1' data-av_iconfont='entypo-fontello' title='' data-avia-related-tooltip='Compartir en Twitter' rel=\"noopener\"><span class='avia_hidden_link_text'>Compartir en Twitter<\/span><\/a><\/li><li class='av-share-link av-social-link-whatsapp' ><a target=\"_blank\" aria-label=\"Compartir en Whatsapp\" href='https:\/\/api.whatsapp.com\/send?text=https:\/\/radiorevelacionfm.cl\/?p=27572' aria-hidden='false' data-av_icon='\uf232' data-av_iconfont='entypo-fontello' title='' data-avia-related-tooltip='Compartir en Whatsapp' rel=\"noopener\"><span class='avia_hidden_link_text'>Compartir en Whatsapp<\/span><\/a><\/li><li class='av-share-link av-social-link-linkedin' ><a target=\"_blank\" aria-label=\"Compartir en LinkedIn\" href='https:\/\/linkedin.com\/shareArticle?mini=true&#038;title=Gobierno%20Regional%20por%20embarcaciones%20ilegales%20en%20Ays%C3%A9n%3A%20%C2%ABEs%20una%20se%C3%B1al%20clara%20de%20la%20nula%20importancia%20que%20le%20dan%20flotas%20de%20otras%20regiones%20a%20la%20sustentabilidad%20de%20nuestros%20recursos%C2%BB&#038;url=https:\/\/radiorevelacionfm.cl\/?p=27572' aria-hidden='false' data-av_icon='\ue8fc' data-av_iconfont='entypo-fontello' title='' data-avia-related-tooltip='Compartir en LinkedIn' rel=\"noopener\"><span class='avia_hidden_link_text'>Compartir en LinkedIn<\/span><\/a><\/li><li class='av-share-link av-social-link-mail' ><a  aria-label=\"Compartir por correo\" href='mailto:?subject=Gobierno%20Regional%20por%20embarcaciones%20ilegales%20en%20Ays%C3%A9n%3A%20%C2%ABEs%20una%20se%C3%B1al%20clara%20de%20la%20nula%20importancia%20que%20le%20dan%20flotas%20de%20otras%20regiones%20a%20la%20sustentabilidad%20de%20nuestros%20recursos%C2%BB&#038;body=https:\/\/radiorevelacionfm.cl\/?p=27572' aria-hidden='false' data-av_icon='\ue805' data-av_iconfont='entypo-fontello' title='' data-avia-related-tooltip='Compartir por correo'><span class='avia_hidden_link_text'>Compartir por correo<\/span><\/a><\/li><\/ul><\/div><\/div>\n<div  style='height:50px' class='hr hr-invisible   avia-builder-el-8  el_after_av_social_share  el_before_av_comments_list '><span class='hr-inner ' ><span class='hr-inner-style'><\/span><\/span><\/div>\n<div  class='av-buildercomment  av-blog-meta-html-info-disabled av-blog-meta-tag-disabled  '><\/div>\n","protected":false},"excerpt":{"rendered":"","protected":false},"author":1,"featured_media":27573,"comment_status":"open","ping_status":"open","sticky":false,"template":"","format":"standard","meta":{"footnotes":""},"categories":[60],"tags":[],"class_list":["post-27572","post","type-post","status-publish","format-standard","has-post-thumbnail","hentry","category-pesca"],"jetpack_featured_media_url":"https:\/\/radiorevelacionfm.cl\/wp-content\/uploads\/2023\/02\/328508877_1994287047440066_92359852692040639_n-1_optimized.jpg","_links":{"self":[{"href":"https:\/\/radiorevelacionfm.cl\/index.php?rest_route=\/wp\/v2\/posts\/27572","targetHints":{"allow":["GET"]}}],"collection":[{"href":"https:\/\/radiorevelacionfm.cl\/index.php?rest_route=\/wp\/v2\/posts"}],"about":[{"href":"https:\/\/radiorevelacionfm.cl\/index.php?rest_route=\/wp\/v2\/types\/post"}],"author":[{"embeddable":true,"href":"https:\/\/radiorevelacionfm.cl\/index.php?rest_route=\/wp\/v2\/users\/1"}],"replies":[{"embeddable":true,"href":"https:\/\/radiorevelacionfm.cl\/index.php?rest_route=%2Fwp%2Fv2%2Fcomments&post=27572"}],"version-history":[{"count":2,"href":"https:\/\/radiorevelacionfm.cl\/index.php?rest_route=\/wp\/v2\/posts\/27572\/revisions"}],"predecessor-version":[{"id":27594,"href":"https:\/\/radiorevelacionfm.cl\/index.php?rest_route=\/wp\/v2\/posts\/27572\/revisions\/27594"}],"wp:featuredmedia":[{"embeddable":true,"href":"https:\/\/radiorevelacionfm.cl\/index.php?rest_route=\/wp\/v2\/media\/27573"}],"wp:attachment":[{"href":"https:\/\/radiorevelacionfm.cl\/index.php?rest_route=%2Fwp%2Fv2%2Fmedia&parent=27572"}],"wp:term":[{"taxonomy":"category","embeddable":true,"href":"https:\/\/radiorevelacionfm.cl\/index.php?rest_route=%2Fwp%2Fv2%2Fcategories&post=27572"},{"taxonomy":"post_tag","embeddable":true,"href":"https:\/\/radiorevelacionfm.cl\/index.php?rest_route=%2Fwp%2Fv2%2Ftags&post=27572"}],"curies":[{"name":"wp","href":"https:\/\/api.w.org\/{rel}","templated":true}]}}