{"id":2757,"date":"2021-02-18T15:34:48","date_gmt":"2021-02-18T18:34:48","guid":{"rendered":"https:\/\/radiorevelacionfm.cl\/?p=2757"},"modified":"2021-02-18T15:41:55","modified_gmt":"2021-02-18T18:41:55","slug":"promulgan-nueva-prorroga-para-licencias-de-conducir-vencidas-hasta-el-2022","status":"publish","type":"post","link":"https:\/\/radiorevelacionfm.cl\/?p=2757","title":{"rendered":"Promulgan nueva pr\u00f3rroga hasta el 2022 para licencias de conducir vencidas"},"content":{"rendered":"<div class=\"flex_column av_one_full  flex_column_div av-zero-column-padding first  avia-builder-el-0  el_before_av_one_full  avia-builder-el-first  \" style='border-radius:0px; '><div  class='avia-image-container  av-styling-    avia-builder-el-1  avia-builder-el-no-sibling  avia-align-center '  itemprop=\"image\" itemscope=\"itemscope\" itemtype=\"https:\/\/schema.org\/ImageObject\"  ><div class='avia-image-container-inner'><div class='avia-image-overlay-wrap'><img decoding=\"async\" class='wp-image-0 avia-img-lazy-loading-not-0 avia_image' src=\"https:\/\/radiorevelacionfm.cl\/wp-content\/uploads\/2021\/02\/DSC_2859-1-1.jpg\" alt='' title=''   itemprop=\"thumbnailUrl\"  \/><\/div><\/div><\/div><\/div>\n<div class=\"flex_column av_one_full  flex_column_div av-zero-column-padding first  avia-builder-el-2  el_after_av_one_full  el_before_av_one_full  column-top-margin\" style='border-radius:0px; '><section class=\"av_textblock_section \"  itemscope=\"itemscope\" itemtype=\"https:\/\/schema.org\/BlogPosting\" itemprop=\"blogPost\" ><div class='avia_textblock  '   itemprop=\"text\" ><p style=\"text-align: center;\"><span style=\"font-size: 18pt;\"><strong>Promulgan nueva pr\u00f3rroga hasta el 2022 para licencias de conducir vencidas\u00a0<\/strong><\/span><\/p>\n<div id=\"gtx-trans\" style=\"position: absolute; left: -50px; top: 4.31534px;\">\n<div class=\"gtx-trans-icon\"><\/div>\n<\/div>\n<\/div><\/section><\/div><div class=\"flex_column av_one_full  flex_column_div av-zero-column-padding first  avia-builder-el-4  el_after_av_one_full  el_before_av_hr  column-top-margin\" style='border-radius:0px; '><section class=\"av_textblock_section \"  itemscope=\"itemscope\" itemtype=\"https:\/\/schema.org\/BlogPosting\" itemprop=\"blogPost\" ><div class='avia_textblock  '   itemprop=\"text\" ><p style=\"text-align: justify;\"><strong>Las licencias de conducir tendr\u00e1n vigencia hasta la misma fecha indicada en la licencia de conducir, pero del a\u00f1o 2022.<\/strong><\/p>\n<p style=\"text-align: justify;\">Este jueves 18 de febrero se public\u00f3 en el Diario Oficial la Ley que prorroga hasta el 2022 las licencias de conducir \u2013de todas las clases- que vencen durante 2021. Asimismo, se extendi\u00f3 por un a\u00f1o calendario la ampliaci\u00f3n de la vigencia ya entregada para aquellos documentos que venc\u00edan en 2020 y que ten\u00edan este a\u00f1o para renovarla.<\/p>\n<p style=\"text-align: justify;\">Esto quiere decir que la pr\u00f3rroga es hasta el d\u00eda y mes del a\u00f1o 2022 en que originalmente venc\u00eda la licencia. Por ejemplo, si el documento de una persona caducaba el 20 de marzo de 2020, tendr\u00e1 como plazo m\u00e1ximo hasta el 20 de marzo de 2022 para renovarlo. En el caso de alguien, cuya licencia venza el 15 junio de 2021, tendr\u00e1 hasta la misma fecha de 2022 para hacer el tr\u00e1mite.<\/p>\n<p style=\"text-align: justify;\">\u201cComo consecuencia de la pandemia, como ministerio apoyamos esta pr\u00f3rroga para la renovaci\u00f3n de las licencias de conducir. El objetivo es que no se generen aglomeraciones en las Direcciones de Tr\u00e1nsito de las municipalidades del pa\u00eds. Hay que se\u00f1alar tambi\u00e9n que quienes deseen obtener el documento para conducir por primera vez, deben reservar hora en su municipio. Finalmente, aclarar que aquellas personas que no obstante la pr\u00f3rroga deseen renovar su licencia, podr\u00e1n hacerlo adhiriendo estrictamente a los protocolos establecidos en cada comuna\u201d, se\u00f1al\u00f3 el seremiTT (s) Julio Z\u00fa\u00f1iga.<\/p>\n<p style=\"text-align: justify;\">La autoridad adem\u00e1s record\u00f3 a los conductores que s\u00ed hay un deber que deben cumplir, y esa es la exigencia de tener el Seguro Obligatorio de Accidentes Personales, SOAP, el cual se puede adquirir mediante diversas plataformas digitales.<\/p>\n<\/div><\/section><\/div><\/p>\n<div  style='height:50px' class='hr hr-invisible   avia-builder-el-6  el_after_av_one_full  el_before_av_social_share '><span class='hr-inner ' ><span class='hr-inner-style'><\/span><\/span><\/div>\n<div  class='av-social-sharing-box  avia-builder-el-7  el_after_av_hr  el_before_av_hr  '><div class='av-share-box'><h5 class='av-share-link-description av-no-toc '>Compartir esta noticia<\/h5><ul class='av-share-box-list noLightbox'><li class='av-share-link av-social-link-facebook' ><a target=\"_blank\" aria-label=\"Compartir en Facebook\" href='https:\/\/www.facebook.com\/sharer.php?u=https:\/\/radiorevelacionfm.cl\/?p=2757&#038;t=Promulgan%20nueva%20pr%C3%B3rroga%20hasta%20el%202022%20para%20licencias%20de%20conducir%20vencidas' aria-hidden='false' data-av_icon='\ue8f3' data-av_iconfont='entypo-fontello' title='' data-avia-related-tooltip='Compartir en Facebook' rel=\"noopener\"><span class='avia_hidden_link_text'>Compartir en Facebook<\/span><\/a><\/li><li class='av-share-link av-social-link-twitter' ><a target=\"_blank\" aria-label=\"Compartir en Twitter\" href='https:\/\/twitter.com\/share?text=Promulgan%20nueva%20pr%C3%B3rroga%20hasta%20el%202022%20para%20licencias%20de%20conducir%20vencidas&#038;url=https:\/\/radiorevelacionfm.cl\/?p=2757' aria-hidden='false' data-av_icon='\ue8f1' data-av_iconfont='entypo-fontello' title='' data-avia-related-tooltip='Compartir en Twitter' rel=\"noopener\"><span class='avia_hidden_link_text'>Compartir en Twitter<\/span><\/a><\/li><li class='av-share-link av-social-link-whatsapp' ><a target=\"_blank\" aria-label=\"Compartir en Whatsapp\" href='https:\/\/api.whatsapp.com\/send?text=https:\/\/radiorevelacionfm.cl\/?p=2757' aria-hidden='false' data-av_icon='\uf232' data-av_iconfont='entypo-fontello' title='' data-avia-related-tooltip='Compartir en Whatsapp' rel=\"noopener\"><span class='avia_hidden_link_text'>Compartir en Whatsapp<\/span><\/a><\/li><li class='av-share-link av-social-link-linkedin' ><a target=\"_blank\" aria-label=\"Compartir en LinkedIn\" href='https:\/\/linkedin.com\/shareArticle?mini=true&#038;title=Promulgan%20nueva%20pr%C3%B3rroga%20hasta%20el%202022%20para%20licencias%20de%20conducir%20vencidas&#038;url=https:\/\/radiorevelacionfm.cl\/?p=2757' aria-hidden='false' data-av_icon='\ue8fc' data-av_iconfont='entypo-fontello' title='' data-avia-related-tooltip='Compartir en LinkedIn' rel=\"noopener\"><span class='avia_hidden_link_text'>Compartir en LinkedIn<\/span><\/a><\/li><li class='av-share-link av-social-link-mail' ><a  aria-label=\"Compartir por correo\" href='mailto:?subject=Promulgan%20nueva%20pr%C3%B3rroga%20hasta%20el%202022%20para%20licencias%20de%20conducir%20vencidas&#038;body=https:\/\/radiorevelacionfm.cl\/?p=2757' aria-hidden='false' data-av_icon='\ue805' data-av_iconfont='entypo-fontello' title='' data-avia-related-tooltip='Compartir por correo'><span class='avia_hidden_link_text'>Compartir por correo<\/span><\/a><\/li><\/ul><\/div><\/div>\n<div  style='height:50px' class='hr hr-invisible   avia-builder-el-8  el_after_av_social_share  el_before_av_comments_list '><span class='hr-inner ' ><span class='hr-inner-style'><\/span><\/span><\/div>\n<div  class='av-buildercomment  av-blog-meta-html-info-disabled av-blog-meta-tag-disabled  '><\/div>\n","protected":false},"excerpt":{"rendered":"","protected":false},"author":1,"featured_media":0,"comment_status":"open","ping_status":"open","sticky":false,"template":"","format":"standard","meta":{"footnotes":""},"categories":[59],"tags":[],"class_list":["post-2757","post","type-post","status-publish","format-standard","hentry","category-transporte"],"jetpack_featured_media_url":"","_links":{"self":[{"href":"https:\/\/radiorevelacionfm.cl\/index.php?rest_route=\/wp\/v2\/posts\/2757","targetHints":{"allow":["GET"]}}],"collection":[{"href":"https:\/\/radiorevelacionfm.cl\/index.php?rest_route=\/wp\/v2\/posts"}],"about":[{"href":"https:\/\/radiorevelacionfm.cl\/index.php?rest_route=\/wp\/v2\/types\/post"}],"author":[{"embeddable":true,"href":"https:\/\/radiorevelacionfm.cl\/index.php?rest_route=\/wp\/v2\/users\/1"}],"replies":[{"embeddable":true,"href":"https:\/\/radiorevelacionfm.cl\/index.php?rest_route=%2Fwp%2Fv2%2Fcomments&post=2757"}],"version-history":[{"count":2,"href":"https:\/\/radiorevelacionfm.cl\/index.php?rest_route=\/wp\/v2\/posts\/2757\/revisions"}],"predecessor-version":[{"id":2760,"href":"https:\/\/radiorevelacionfm.cl\/index.php?rest_route=\/wp\/v2\/posts\/2757\/revisions\/2760"}],"wp:attachment":[{"href":"https:\/\/radiorevelacionfm.cl\/index.php?rest_route=%2Fwp%2Fv2%2Fmedia&parent=2757"}],"wp:term":[{"taxonomy":"category","embeddable":true,"href":"https:\/\/radiorevelacionfm.cl\/index.php?rest_route=%2Fwp%2Fv2%2Fcategories&post=2757"},{"taxonomy":"post_tag","embeddable":true,"href":"https:\/\/radiorevelacionfm.cl\/index.php?rest_route=%2Fwp%2Fv2%2Ftags&post=2757"}],"curies":[{"name":"wp","href":"https:\/\/api.w.org\/{rel}","templated":true}]}}