{"id":27568,"date":"2023-02-07T16:33:08","date_gmt":"2023-02-07T19:33:08","guid":{"rendered":"https:\/\/radiorevelacionfm.cl\/?p=27568"},"modified":"2023-02-07T16:33:08","modified_gmt":"2023-02-07T19:33:08","slug":"invitan-a-adultos-mayores-de-cisnes-a-participar-de-tarde-civica","status":"publish","type":"post","link":"https:\/\/radiorevelacionfm.cl\/?p=27568","title":{"rendered":"Invitan a adultos mayores de Cisnes a participar de tarde c\u00edvica"},"content":{"rendered":"<div class=\"flex_column av_one_full  flex_column_div av-zero-column-padding first  avia-builder-el-0  el_before_av_one_full  avia-builder-el-first  \" style='border-radius:0px; '><div  class='avia-image-container  av-styling-    avia-builder-el-1  avia-builder-el-no-sibling  avia-align-center '  itemprop=\"image\" itemscope=\"itemscope\" itemtype=\"https:\/\/schema.org\/ImageObject\"  ><div class='avia-image-container-inner'><div class='avia-image-overlay-wrap'><img decoding=\"async\" class='wp-image-27569 avia-img-lazy-loading-not-27569 avia_image' src=\"https:\/\/radiorevelacionfm.cl\/wp-content\/uploads\/2023\/02\/SEREMI-PDTE-1-1-1.jpg\" alt='' title='SEREMI - PDTE (1) (1) (1)' height=\"600\" width=\"996\"  itemprop=\"thumbnailUrl\" srcset=\"https:\/\/radiorevelacionfm.cl\/wp-content\/uploads\/2023\/02\/SEREMI-PDTE-1-1-1.jpg 996w, https:\/\/radiorevelacionfm.cl\/wp-content\/uploads\/2023\/02\/SEREMI-PDTE-1-1-1-300x181.jpg 300w, https:\/\/radiorevelacionfm.cl\/wp-content\/uploads\/2023\/02\/SEREMI-PDTE-1-1-1-768x463.jpg 768w, https:\/\/radiorevelacionfm.cl\/wp-content\/uploads\/2023\/02\/SEREMI-PDTE-1-1-1-705x425.jpg 705w, https:\/\/radiorevelacionfm.cl\/wp-content\/uploads\/2023\/02\/SEREMI-PDTE-1-1-1-600x361.jpg 600w\" sizes=\"(max-width: 996px) 100vw, 996px\" \/><\/div><\/div><\/div><\/div><div class=\"flex_column av_one_full  flex_column_div av-zero-column-padding first  avia-builder-el-2  el_after_av_one_full  el_before_av_one_full  column-top-margin\" style='border-radius:0px; '><section class=\"av_textblock_section \"  itemscope=\"itemscope\" itemtype=\"https:\/\/schema.org\/BlogPosting\" itemprop=\"blogPost\" ><div class='avia_textblock  '   itemprop=\"text\" ><p style=\"text-align: center;\"><strong><span style=\"font-size: 18pt;\">Invitan a adultos mayores de Cisnes a participar de tarde c\u00edvica <\/span><\/strong><\/p>\n<div id=\"gtx-trans\" style=\"position: absolute; left: -50px; top: 4.31534px;\">\n<div class=\"gtx-trans-icon\"><\/div>\n<\/div>\n<\/div><\/section><\/div><div class=\"flex_column av_one_full  flex_column_div av-zero-column-padding first  avia-builder-el-4  el_after_av_one_full  el_before_av_hr  column-top-margin\" style='border-radius:0px; '><section class=\"av_textblock_section \"  itemscope=\"itemscope\" itemtype=\"https:\/\/schema.org\/BlogPosting\" itemprop=\"blogPost\" ><div class='avia_textblock  '   itemprop=\"text\" ><p style=\"text-align: justify;\">Corporaci\u00f3n de Asistencia Judicial, Municipalidad de Cisnes, Senama, Senadis y Conadi ser\u00e1n los servicios que estar\u00e1n atendiendo a personas mayores de la localidad.<\/p>\n<p style=\"text-align: justify;\">Fue en el marco de una reuni\u00f3n realizada en el Club Adulto Mayor Padre Antonio Ronchi de Puerto Cisnes que el presidente de dicha organizaci\u00f3n, Eduardo C\u00e1rdenas, solicit\u00f3 a la Seremi de Desarrollo Social y Familia, Karina Acevedo Auad, retomar el trabajo directo y presencial que se suspendiera hace m\u00e1s de 2 a\u00f1os cuando inicio la pandemia, abordando as\u00ed una serie de necesidades e inquietudes que tienen este segmento etario. Atendiendo a ese llamado, este viernes a partir de las 14,00 horas en la Sede del Club Deportivo Cisnes diversos servicios atender\u00e1n a las personas mayores de la comunidad en el marco de una tarde c\u00edvica.<\/p>\n<p style=\"text-align: justify;\">Karina Acevedo Auad, Seremi de Desarrollo Social y Familia, explic\u00f3 que la reuni\u00f3n fue una instancia muy provechosa de trabajo conjunto que permiti\u00f3 proyectar acciones futuras y concretar una actividad que acerque los servicios que est\u00e1n dentro de las principales inquietudes que han manifestado las personas mayores. \u201cNos comprometimos no s\u00f3lo para que el Servicio Nacional del Adulto Mayor venga junto otros servicios\u00a0 relacionados al Ministerio de Desarrollo Social, sino que asumimos la tarea de coordinarnos con la SEREMI de Justicia y la Corporaci\u00f3n de Asistencia Judicial para conversar con las personas mayores en torno a sus necesidades e inquietudes. Estamos muy contentos por esta conversaci\u00f3n tan gratificante pero adem\u00e1s porque estamos dando cumplimiento a lo que se ha establecido como algunas de las prioridades del Presidente Gabriel Boric: las personas mayores y el trabajo en terreno\u201d.<\/p>\n<p style=\"text-align: justify;\">En esa misma l\u00ednea, Paulina M\u00e1rquez Valeria, directora\u00a0 de la Direcci\u00f3n de Desarrollo Comunitario de la Municipalidad de Cisnes, destac\u00f3 la importancia del trabajo conjunto entre instituciones y organizaciones sociales que permite por una parte acercar la oferta p\u00fablica y por otra escuchar directamente a la comunidad y sus necesidades. \u201cLa gesti\u00f3n del alcalde Francisco Roncagliolo ha privilegiado el trabajo con nuestra comunidad y organizaciones, el poder contar y realizar un trabajo colaborativo con otros servicios p\u00fablicos \u00a0no s\u00f3lo fortalece lo que estamos haciendo sino que da la oportunidad de tener respuestas m\u00e1s inmediatas a los requerimientos de nuestros vecinos y vecinas. Esperamos que a esta actividad asistan la mayor cantidad de personas mayores\u201d.<\/p>\n<p style=\"text-align: justify;\">Es en el marco de ese trabajo conjunto y el compromiso adquirido con los dirigentes e integrantes del Club Padre Antonio Ronche de Puerto Cisnes que este viernes 10 de febrero a partir de las 14,00 horas Sede del Club Deportivo Cisnes, ubicada en Jos\u00e9 Mar\u00eda Caro 135, se realizar\u00e1 una tarde c\u00edvica, donde organismos como la Corporaci\u00f3n Nacional Ind\u00edgena (Conadi) el Servicio Nacional del Adulto Mayor (Senama), el Servicio Nacional de la Discapacidad (Senadis) adem\u00e1s de la Corporaci\u00f3n de Asistencia Judicial (CAJ) y la Municipalidad de Cisnes atender\u00e1n a personas mayores para resolver consultas, abordar casos y dar conocer la oferta p\u00fablica de cada una de estas instituciones.<\/p>\n<p style=\"text-align: justify;\">Eduardo C\u00e1rdenas Bravo, presidente del Club Adulto Mayor Padre Antonio Ronchi de Puerto Cisnes calific\u00f3 la reuni\u00f3n con la SEREMI de Desarrollo Social como muy provechosa porque la gente estaba esperando una oportunidad como esta. \u201cNo nos junt\u00e1bamos \u2013 como organizaci\u00f3n &#8211; con la SEREMI hace mucho tiempo, desde antes de la pandemia, \u00a0ahora la conocen y saben qu\u00e9 es lo que hace el Ministerio de Desarrollo Social, nos ha quedado claro. El compromiso es que esto no se va a perder aqu\u00ed y va seguir adelante, ojal\u00e1 as\u00ed sea porque se necesita continuidad, presencia y comunicaci\u00f3n con las autoridades de Coyhaique\u201d, finaliz\u00f3 el presidente del \u00fanico club de personas mayores de Puerto Cisnes.<\/p>\n<\/div><\/section><\/div><div  style='height:50px' class='hr hr-invisible   avia-builder-el-6  el_after_av_one_full  el_before_av_social_share '><span class='hr-inner ' ><span class='hr-inner-style'><\/span><\/span><\/div><\/p>\n<div  class='av-social-sharing-box  avia-builder-el-7  el_after_av_hr  el_before_av_hr  '><div class='av-share-box'><h5 class='av-share-link-description av-no-toc '>Compartir esta noticia<\/h5><ul class='av-share-box-list noLightbox'><li class='av-share-link av-social-link-facebook' ><a target=\"_blank\" aria-label=\"Compartir en Facebook\" href='https:\/\/www.facebook.com\/sharer.php?u=https:\/\/radiorevelacionfm.cl\/?p=27568&#038;t=Invitan%20a%20adultos%20mayores%20de%20Cisnes%20a%20participar%20de%20tarde%20c%C3%ADvica' aria-hidden='false' data-av_icon='\ue8f3' data-av_iconfont='entypo-fontello' title='' data-avia-related-tooltip='Compartir en Facebook' rel=\"noopener\"><span class='avia_hidden_link_text'>Compartir en Facebook<\/span><\/a><\/li><li class='av-share-link av-social-link-twitter' ><a target=\"_blank\" aria-label=\"Compartir en Twitter\" href='https:\/\/twitter.com\/share?text=Invitan%20a%20adultos%20mayores%20de%20Cisnes%20a%20participar%20de%20tarde%20c%C3%ADvica&#038;url=https:\/\/radiorevelacionfm.cl\/?p=27568' aria-hidden='false' data-av_icon='\ue8f1' data-av_iconfont='entypo-fontello' title='' data-avia-related-tooltip='Compartir en Twitter' rel=\"noopener\"><span class='avia_hidden_link_text'>Compartir en Twitter<\/span><\/a><\/li><li class='av-share-link av-social-link-whatsapp' ><a target=\"_blank\" aria-label=\"Compartir en Whatsapp\" href='https:\/\/api.whatsapp.com\/send?text=https:\/\/radiorevelacionfm.cl\/?p=27568' aria-hidden='false' data-av_icon='\uf232' data-av_iconfont='entypo-fontello' title='' data-avia-related-tooltip='Compartir en Whatsapp' rel=\"noopener\"><span class='avia_hidden_link_text'>Compartir en Whatsapp<\/span><\/a><\/li><li class='av-share-link av-social-link-linkedin' ><a target=\"_blank\" aria-label=\"Compartir en LinkedIn\" href='https:\/\/linkedin.com\/shareArticle?mini=true&#038;title=Invitan%20a%20adultos%20mayores%20de%20Cisnes%20a%20participar%20de%20tarde%20c%C3%ADvica&#038;url=https:\/\/radiorevelacionfm.cl\/?p=27568' aria-hidden='false' data-av_icon='\ue8fc' data-av_iconfont='entypo-fontello' title='' data-avia-related-tooltip='Compartir en LinkedIn' rel=\"noopener\"><span class='avia_hidden_link_text'>Compartir en LinkedIn<\/span><\/a><\/li><li class='av-share-link av-social-link-mail' ><a  aria-label=\"Compartir por correo\" href='mailto:?subject=Invitan%20a%20adultos%20mayores%20de%20Cisnes%20a%20participar%20de%20tarde%20c%C3%ADvica&#038;body=https:\/\/radiorevelacionfm.cl\/?p=27568' aria-hidden='false' data-av_icon='\ue805' data-av_iconfont='entypo-fontello' title='' data-avia-related-tooltip='Compartir por correo'><span class='avia_hidden_link_text'>Compartir por correo<\/span><\/a><\/li><\/ul><\/div><\/div>\n<div  style='height:50px' class='hr hr-invisible   avia-builder-el-8  el_after_av_social_share  el_before_av_comments_list '><span class='hr-inner ' ><span class='hr-inner-style'><\/span><\/span><\/div>\n<div  class='av-buildercomment  av-blog-meta-html-info-disabled av-blog-meta-tag-disabled  '><\/div>\n","protected":false},"excerpt":{"rendered":"","protected":false},"author":1,"featured_media":27569,"comment_status":"open","ping_status":"open","sticky":false,"template":"","format":"standard","meta":{"footnotes":""},"categories":[38],"tags":[],"class_list":["post-27568","post","type-post","status-publish","format-standard","has-post-thumbnail","hentry","category-regional"],"jetpack_featured_media_url":"https:\/\/radiorevelacionfm.cl\/wp-content\/uploads\/2023\/02\/SEREMI-PDTE-1-1-1.jpg","_links":{"self":[{"href":"https:\/\/radiorevelacionfm.cl\/index.php?rest_route=\/wp\/v2\/posts\/27568","targetHints":{"allow":["GET"]}}],"collection":[{"href":"https:\/\/radiorevelacionfm.cl\/index.php?rest_route=\/wp\/v2\/posts"}],"about":[{"href":"https:\/\/radiorevelacionfm.cl\/index.php?rest_route=\/wp\/v2\/types\/post"}],"author":[{"embeddable":true,"href":"https:\/\/radiorevelacionfm.cl\/index.php?rest_route=\/wp\/v2\/users\/1"}],"replies":[{"embeddable":true,"href":"https:\/\/radiorevelacionfm.cl\/index.php?rest_route=%2Fwp%2Fv2%2Fcomments&post=27568"}],"version-history":[{"count":2,"href":"https:\/\/radiorevelacionfm.cl\/index.php?rest_route=\/wp\/v2\/posts\/27568\/revisions"}],"predecessor-version":[{"id":27571,"href":"https:\/\/radiorevelacionfm.cl\/index.php?rest_route=\/wp\/v2\/posts\/27568\/revisions\/27571"}],"wp:featuredmedia":[{"embeddable":true,"href":"https:\/\/radiorevelacionfm.cl\/index.php?rest_route=\/wp\/v2\/media\/27569"}],"wp:attachment":[{"href":"https:\/\/radiorevelacionfm.cl\/index.php?rest_route=%2Fwp%2Fv2%2Fmedia&parent=27568"}],"wp:term":[{"taxonomy":"category","embeddable":true,"href":"https:\/\/radiorevelacionfm.cl\/index.php?rest_route=%2Fwp%2Fv2%2Fcategories&post=27568"},{"taxonomy":"post_tag","embeddable":true,"href":"https:\/\/radiorevelacionfm.cl\/index.php?rest_route=%2Fwp%2Fv2%2Ftags&post=27568"}],"curies":[{"name":"wp","href":"https:\/\/api.w.org\/{rel}","templated":true}]}}