{"id":27564,"date":"2023-02-07T14:46:31","date_gmt":"2023-02-07T17:46:31","guid":{"rendered":"https:\/\/radiorevelacionfm.cl\/?p=27564"},"modified":"2023-02-07T14:46:31","modified_gmt":"2023-02-07T17:46:31","slug":"aysen-ayuda-a-yumbel-campana-solidaria-para-ir-en-ayuda-de-damnificados-por-incendios-forestales-suma-puntos-de-acopio","status":"publish","type":"post","link":"https:\/\/radiorevelacionfm.cl\/?p=27564","title":{"rendered":"Ays\u00e9n ayuda a Yumbel: Campa\u00f1a solidaria para ir en ayuda de damnificados por incendios forestales suma puntos de acopio"},"content":{"rendered":"<div class=\"flex_column av_one_full  flex_column_div av-zero-column-padding first  avia-builder-el-0  el_before_av_one_full  avia-builder-el-first  \" style='border-radius:0px; '><div  class='avia-image-container  av-styling-    avia-builder-el-1  avia-builder-el-no-sibling  avia-align-center '  itemprop=\"image\" itemscope=\"itemscope\" itemtype=\"https:\/\/schema.org\/ImageObject\"  ><div class='avia-image-container-inner'><div class='avia-image-overlay-wrap'><img decoding=\"async\" class='wp-image-27565 avia-img-lazy-loading-not-27565 avia_image' src=\"https:\/\/radiorevelacionfm.cl\/wp-content\/uploads\/2023\/02\/Fotografia-1-1-1-2.jpg\" alt='' title='Fotograf\u00eda 1 (1) (1) (2)' height=\"600\" width=\"797\"  itemprop=\"thumbnailUrl\" srcset=\"https:\/\/radiorevelacionfm.cl\/wp-content\/uploads\/2023\/02\/Fotografia-1-1-1-2.jpg 797w, https:\/\/radiorevelacionfm.cl\/wp-content\/uploads\/2023\/02\/Fotografia-1-1-1-2-300x226.jpg 300w, https:\/\/radiorevelacionfm.cl\/wp-content\/uploads\/2023\/02\/Fotografia-1-1-1-2-768x578.jpg 768w, https:\/\/radiorevelacionfm.cl\/wp-content\/uploads\/2023\/02\/Fotografia-1-1-1-2-705x531.jpg 705w, https:\/\/radiorevelacionfm.cl\/wp-content\/uploads\/2023\/02\/Fotografia-1-1-1-2-600x452.jpg 600w\" sizes=\"(max-width: 797px) 100vw, 797px\" \/><\/div><\/div><\/div><\/div><div class=\"flex_column av_one_full  flex_column_div av-zero-column-padding first  avia-builder-el-2  el_after_av_one_full  el_before_av_one_full  column-top-margin\" style='border-radius:0px; '><section class=\"av_textblock_section \"  itemscope=\"itemscope\" itemtype=\"https:\/\/schema.org\/BlogPosting\" itemprop=\"blogPost\" ><div class='avia_textblock  '   itemprop=\"text\" ><p style=\"text-align: center;\"><span style=\"font-size: 18pt;\"><strong>Ays\u00e9n ayuda a Yumbel: Campa\u00f1a solidaria para ir en ayuda de damnificados por incendios forestales suma puntos de acopio<\/strong><\/span><\/p>\n<div id=\"gtx-trans\" style=\"position: absolute; left: -50px; top: 4.31534px;\">\n<div class=\"gtx-trans-icon\"><\/div>\n<\/div>\n<\/div><\/section><\/div><div class=\"flex_column av_one_full  flex_column_div av-zero-column-padding first  avia-builder-el-4  el_after_av_one_full  el_before_av_hr  column-top-margin\" style='border-radius:0px; '><section class=\"av_textblock_section \"  itemscope=\"itemscope\" itemtype=\"https:\/\/schema.org\/BlogPosting\" itemprop=\"blogPost\" ><div class='avia_textblock  '   itemprop=\"text\" ><p style=\"text-align: justify;\">Desde el s\u00e1bado 04 de febrero en el primer piso de la Casa de la Cultura de Puerto Ays\u00e9n se encuentran voluntarias y voluntarios recibiendo agua embotellada, pa\u00f1ales, \u00fatiles de aseo, alimentos no perecibles, alimentos para animales y l\u00e1grimas artificiales para ir en ayuda de la comunidad afectada por los incendios forestales de Yumbel, regi\u00f3n del Biob\u00edo.<\/p>\n<p style=\"text-align: justify;\">La Ilustre Municipalidad de Ays\u00e9n en conjunto con la organizaci\u00f3n Sembrando Sue\u00f1os Ays\u00e9n, la Asociaci\u00f3n Gremial de Camioneros Ays\u00e9n-Chacabuco, Bomberos de Ays\u00e9n, Sindicato de Porte\u00f1as Puerto Chacabuco, SBA Productora y V\u00eda Austral, est\u00e1n desarrollando la campa\u00f1a solidaria Ays\u00e9n ayuda a Yumbel a ra\u00edz de los siniestros que aquejan a las regiones de \u00d1uble, Biob\u00edo y La Araucan\u00eda, contando con centros de acopio en Ays\u00e9n, Coyhaique, Villa Ma\u00f1ihuales, Puerto Cisnes, Puerto Puyuhuapi y La Junta.<\/p>\n<p style=\"text-align: justify;\">\u201cSi existen siniestros en nuestro pa\u00eds y personas se ven afectadas, se forma inmediatamente una red de apoyo donde el municipio otorga todas las facilidades para que las organizaciones colaboradoras apoyen en sus distintos puntos de acopio. Como Municipalidad de Ays\u00e9n no podemos quedar exentos de ayudar en estos momentos\u201d, acot\u00f3 el alcalde de la Ilustre Municipalidad de Ays\u00e9n, Julio Uribe Alvarado.<\/p>\n<p style=\"text-align: justify;\">Hasta el 19 de febrero estar\u00e1n disponibles los distintos puntos de acopio para que las y los vecinos de las localidades mencionadas anteriormente puedan acercarse a cooperar, \u201cagradecemos todo el apoyo del municipio y las organizaciones e invitamos a la comunidad a poder ayudar\u201d, acota Patricio Chiguay Lepio, miembro de la Organizaci\u00f3n Sembrando Sue\u00f1os Ays\u00e9n.<\/p>\n<p style=\"text-align: justify;\">Asimismo, el jueves 09 se realizar\u00e1 el evento solidario Ays\u00e9n ayuda a Yumbel a las 17:00 horas en la Plaza de Armas de Puerto Ays\u00e9n donde tendr\u00e1n distintas actividades de espect\u00e1culos, bandas y cantantes regionales, exposici\u00f3n de autos, grupos de baile urbanos, DJ\u00b4s, entre otros con el fin de invitar a las y los vecinos a cooperar.<\/p>\n<p style=\"text-align: justify;\">Las y los invitamos a la causa Ays\u00e9n ayuda a Yumbel en sus distintos puntos de acopio para ir en ayuda de la comunidad damnificada por los siniestros ocurridos en el sur de Chile.<\/p>\n<p style=\"text-align: justify;\"><strong>LUGARES DE CENTRO DE ACOPIO EN LA REGI\u00d3N: <\/strong><\/p>\n<p style=\"text-align: justify;\"><strong>PUERTO AYS\u00c9N: <\/strong><\/p>\n<p style=\"text-align: justify;\">Casa de la Cultura \u2013 10:00 a 20:00 horas.<\/p>\n<p style=\"text-align: justify;\"><strong>COYHAIQUE: <\/strong><\/p>\n<p style=\"text-align: justify;\">Calle 12 de octubre #564 &#8211; 10:00 a 19:00 horas.<\/p>\n<p style=\"text-align: justify;\"><strong>VILLA MA\u00d1IHUALES: <\/strong><\/p>\n<p style=\"text-align: justify;\">Delegaci\u00f3n municipal &#8211; 08:15 a 17:30 horas.<\/p>\n<p style=\"text-align: justify;\"><strong>PUERTO CISNES: <\/strong><\/p>\n<p style=\"text-align: justify;\">Delegaci\u00f3n municipal &#8211; 09:00 a 18:30 horas.<\/p>\n<p style=\"text-align: justify;\"><strong>PUERTO PUYUHUAPI:<\/strong><\/p>\n<p style=\"text-align: justify;\">Delegaci\u00f3n municipal &#8211; 08:30 a 17:45 horas.<\/p>\n<p style=\"text-align: justify;\"><strong>LA JUNTA: <\/strong><\/p>\n<p style=\"text-align: justify;\">Sede comunitaria &#8211; 09:00 a 17:30 horas.<\/p>\n<p style=\"text-align: justify;\"><strong>\u00a0<\/strong><\/p>\n<\/div><\/section><\/div><div  style='height:50px' class='hr hr-invisible   avia-builder-el-6  el_after_av_one_full  el_before_av_social_share '><span class='hr-inner ' ><span class='hr-inner-style'><\/span><\/span><\/div><\/p>\n<div  class='av-social-sharing-box  avia-builder-el-7  el_after_av_hr  el_before_av_hr  '><div class='av-share-box'><h5 class='av-share-link-description av-no-toc '>Compartir esta noticia<\/h5><ul class='av-share-box-list noLightbox'><li class='av-share-link av-social-link-facebook' ><a target=\"_blank\" aria-label=\"Compartir en Facebook\" href='https:\/\/www.facebook.com\/sharer.php?u=https:\/\/radiorevelacionfm.cl\/?p=27564&#038;t=Ays%C3%A9n%20ayuda%20a%20Yumbel%3A%20Campa%C3%B1a%20solidaria%20para%20ir%20en%20ayuda%20de%20damnificados%20por%20incendios%20forestales%20suma%20puntos%20de%20acopio' aria-hidden='false' data-av_icon='\ue8f3' data-av_iconfont='entypo-fontello' title='' data-avia-related-tooltip='Compartir en Facebook' rel=\"noopener\"><span class='avia_hidden_link_text'>Compartir en Facebook<\/span><\/a><\/li><li class='av-share-link av-social-link-twitter' ><a target=\"_blank\" aria-label=\"Compartir en Twitter\" href='https:\/\/twitter.com\/share?text=Ays%C3%A9n%20ayuda%20a%20Yumbel%3A%20Campa%C3%B1a%20solidaria%20para%20ir%20en%20ayuda%20de%20damnificados%20por%20incendios%20forestales%20suma%20puntos%20de%20acopio&#038;url=https:\/\/radiorevelacionfm.cl\/?p=27564' aria-hidden='false' data-av_icon='\ue8f1' data-av_iconfont='entypo-fontello' title='' data-avia-related-tooltip='Compartir en Twitter' rel=\"noopener\"><span class='avia_hidden_link_text'>Compartir en Twitter<\/span><\/a><\/li><li class='av-share-link av-social-link-whatsapp' ><a target=\"_blank\" aria-label=\"Compartir en Whatsapp\" href='https:\/\/api.whatsapp.com\/send?text=https:\/\/radiorevelacionfm.cl\/?p=27564' aria-hidden='false' data-av_icon='\uf232' data-av_iconfont='entypo-fontello' title='' data-avia-related-tooltip='Compartir en Whatsapp' rel=\"noopener\"><span class='avia_hidden_link_text'>Compartir en Whatsapp<\/span><\/a><\/li><li class='av-share-link av-social-link-linkedin' ><a target=\"_blank\" aria-label=\"Compartir en LinkedIn\" href='https:\/\/linkedin.com\/shareArticle?mini=true&#038;title=Ays%C3%A9n%20ayuda%20a%20Yumbel%3A%20Campa%C3%B1a%20solidaria%20para%20ir%20en%20ayuda%20de%20damnificados%20por%20incendios%20forestales%20suma%20puntos%20de%20acopio&#038;url=https:\/\/radiorevelacionfm.cl\/?p=27564' aria-hidden='false' data-av_icon='\ue8fc' data-av_iconfont='entypo-fontello' title='' data-avia-related-tooltip='Compartir en LinkedIn' rel=\"noopener\"><span class='avia_hidden_link_text'>Compartir en LinkedIn<\/span><\/a><\/li><li class='av-share-link av-social-link-mail' ><a  aria-label=\"Compartir por correo\" href='mailto:?subject=Ays%C3%A9n%20ayuda%20a%20Yumbel%3A%20Campa%C3%B1a%20solidaria%20para%20ir%20en%20ayuda%20de%20damnificados%20por%20incendios%20forestales%20suma%20puntos%20de%20acopio&#038;body=https:\/\/radiorevelacionfm.cl\/?p=27564' aria-hidden='false' data-av_icon='\ue805' data-av_iconfont='entypo-fontello' title='' data-avia-related-tooltip='Compartir por correo'><span class='avia_hidden_link_text'>Compartir por correo<\/span><\/a><\/li><\/ul><\/div><\/div>\n<div  style='height:50px' class='hr hr-invisible   avia-builder-el-8  el_after_av_social_share  el_before_av_comments_list '><span class='hr-inner ' ><span class='hr-inner-style'><\/span><\/span><\/div>\n<div  class='av-buildercomment  av-blog-meta-html-info-disabled av-blog-meta-tag-disabled  '><\/div>\n","protected":false},"excerpt":{"rendered":"","protected":false},"author":1,"featured_media":27565,"comment_status":"open","ping_status":"open","sticky":false,"template":"","format":"standard","meta":{"footnotes":""},"categories":[38],"tags":[],"class_list":["post-27564","post","type-post","status-publish","format-standard","has-post-thumbnail","hentry","category-regional"],"jetpack_featured_media_url":"https:\/\/radiorevelacionfm.cl\/wp-content\/uploads\/2023\/02\/Fotografia-1-1-1-2.jpg","_links":{"self":[{"href":"https:\/\/radiorevelacionfm.cl\/index.php?rest_route=\/wp\/v2\/posts\/27564","targetHints":{"allow":["GET"]}}],"collection":[{"href":"https:\/\/radiorevelacionfm.cl\/index.php?rest_route=\/wp\/v2\/posts"}],"about":[{"href":"https:\/\/radiorevelacionfm.cl\/index.php?rest_route=\/wp\/v2\/types\/post"}],"author":[{"embeddable":true,"href":"https:\/\/radiorevelacionfm.cl\/index.php?rest_route=\/wp\/v2\/users\/1"}],"replies":[{"embeddable":true,"href":"https:\/\/radiorevelacionfm.cl\/index.php?rest_route=%2Fwp%2Fv2%2Fcomments&post=27564"}],"version-history":[{"count":2,"href":"https:\/\/radiorevelacionfm.cl\/index.php?rest_route=\/wp\/v2\/posts\/27564\/revisions"}],"predecessor-version":[{"id":27567,"href":"https:\/\/radiorevelacionfm.cl\/index.php?rest_route=\/wp\/v2\/posts\/27564\/revisions\/27567"}],"wp:featuredmedia":[{"embeddable":true,"href":"https:\/\/radiorevelacionfm.cl\/index.php?rest_route=\/wp\/v2\/media\/27565"}],"wp:attachment":[{"href":"https:\/\/radiorevelacionfm.cl\/index.php?rest_route=%2Fwp%2Fv2%2Fmedia&parent=27564"}],"wp:term":[{"taxonomy":"category","embeddable":true,"href":"https:\/\/radiorevelacionfm.cl\/index.php?rest_route=%2Fwp%2Fv2%2Fcategories&post=27564"},{"taxonomy":"post_tag","embeddable":true,"href":"https:\/\/radiorevelacionfm.cl\/index.php?rest_route=%2Fwp%2Fv2%2Ftags&post=27564"}],"curies":[{"name":"wp","href":"https:\/\/api.w.org\/{rel}","templated":true}]}}