{"id":27558,"date":"2023-02-07T11:04:56","date_gmt":"2023-02-07T14:04:56","guid":{"rendered":"https:\/\/radiorevelacionfm.cl\/?p=27558"},"modified":"2023-02-07T11:04:56","modified_gmt":"2023-02-07T14:04:56","slug":"diputado-calisto-insta-al-gobierno-a-crear-un-subsidio-electrico-para-las-localidades-mas-aisladas-de-la-region","status":"publish","type":"post","link":"https:\/\/radiorevelacionfm.cl\/?p=27558","title":{"rendered":"Diputado Calisto insta al Gobierno a crear un subsidio el\u00e9ctrico para las localidades m\u00e1s aisladas de la regi\u00f3n"},"content":{"rendered":"<div class=\"flex_column av_one_full  flex_column_div av-zero-column-padding first  avia-builder-el-0  el_before_av_one_full  avia-builder-el-first  \" style='border-radius:0px; '><div  class='avia-image-container  av-styling-    avia-builder-el-1  avia-builder-el-no-sibling  avia-align-center '  itemprop=\"image\" itemscope=\"itemscope\" itemtype=\"https:\/\/schema.org\/ImageObject\"  ><div class='avia-image-container-inner'><div class='avia-image-overlay-wrap'><img decoding=\"async\" class='wp-image-26543 avia-img-lazy-loading-not-26543 avia_image' src=\"https:\/\/radiorevelacionfm.cl\/wp-content\/uploads\/2023\/01\/foto-calisto-comision-2023-1-1.jpeg\" alt='' title='foto calisto comisi\u00f3n 2023 (1) (1)' height=\"600\" width=\"900\"  itemprop=\"thumbnailUrl\" srcset=\"https:\/\/radiorevelacionfm.cl\/wp-content\/uploads\/2023\/01\/foto-calisto-comision-2023-1-1.jpeg 900w, https:\/\/radiorevelacionfm.cl\/wp-content\/uploads\/2023\/01\/foto-calisto-comision-2023-1-1-300x200.jpeg 300w, https:\/\/radiorevelacionfm.cl\/wp-content\/uploads\/2023\/01\/foto-calisto-comision-2023-1-1-768x512.jpeg 768w, https:\/\/radiorevelacionfm.cl\/wp-content\/uploads\/2023\/01\/foto-calisto-comision-2023-1-1-705x470.jpeg 705w, https:\/\/radiorevelacionfm.cl\/wp-content\/uploads\/2023\/01\/foto-calisto-comision-2023-1-1-600x400.jpeg 600w\" sizes=\"(max-width: 900px) 100vw, 900px\" \/><\/div><\/div><\/div><\/div><div class=\"flex_column av_one_full  flex_column_div av-zero-column-padding first  avia-builder-el-2  el_after_av_one_full  el_before_av_one_full  column-top-margin\" style='border-radius:0px; '><section class=\"av_textblock_section \"  itemscope=\"itemscope\" itemtype=\"https:\/\/schema.org\/BlogPosting\" itemprop=\"blogPost\" ><div class='avia_textblock  '   itemprop=\"text\" ><p style=\"text-align: center;\"><span style=\"font-size: 18pt;\"><b><span lang=\"ES\">Diputado Calisto insta al Gobierno a crear un subsidio el\u00e9ctrico para las localidades m\u00e1s aisladas de la regi\u00f3n<\/span><\/b><\/span><\/p>\n<div id=\"gtx-trans\" style=\"position: absolute; left: -50px; top: 4.31534px;\">\n<div class=\"gtx-trans-icon\"><\/div>\n<\/div>\n<\/div><\/section><\/div><div class=\"flex_column av_one_full  flex_column_div av-zero-column-padding first  avia-builder-el-4  el_after_av_one_full  el_before_av_hr  column-top-margin\" style='border-radius:0px; '><section class=\"av_textblock_section \"  itemscope=\"itemscope\" itemtype=\"https:\/\/schema.org\/BlogPosting\" itemprop=\"blogPost\" ><div class='avia_textblock  '   itemprop=\"text\" ><p style=\"font-weight: 400; text-align: justify;\">En el marco de la visita del Subsecretario de Energ\u00eda a Ays\u00e9n, el diputado Miguel \u00c1ngel Calisto inst\u00f3 al ejecutivo a crear un subsidio de electricidad para beneficiar a las familias que viven en las zonas m\u00e1s aisladas de la regi\u00f3n, asegurando que los altos costos que se pagan en estas zonas \u201ces una desigualdad que no se puede permitir\u201d.<\/p>\n<p style=\"font-weight: 400; text-align: justify;\">Seg\u00fan el legislador, \u201ctuvimos una reuni\u00f3n donde pudimos revisar algunas propuestas legislativas que vamos a emprender durante este a\u00f1o 2023 para buscar rebajar el costo de la tarifa kilowatt hora de los sistemas medianos de la regi\u00f3n, particularmente Coyhaique, Puerto Ays\u00e9n, Cochrane, Chile Chico y Cisnes, que se va a incorporar a estos sistemas medianos\u201d.<\/p>\n<p style=\"font-weight: 400; text-align: justify;\">\u201cTambi\u00e9n planteamos la necesidad de atender una preocupaci\u00f3n que afecta a los habitantes de sectores m\u00e1s alejados, como Islas Huichas, Villa Amengual, Tapera, Gala, Gaviota, que son localidades donde se paga sobre 300 pesos el kilowatt hora, mucho m\u00e1s de lo que se paga en Coyhaique, y por supuesto tambi\u00e9n mucho m\u00e1s de lo que paga un usuario en Santiago. Esta es una desigualdad que no se puede permitir\u201d, indic\u00f3.<\/p>\n<p style=\"font-weight: 400; text-align: justify;\">Calisto agreg\u00f3 que \u201cpor estos motivos es fundamental que existan medidas paliativas, como los subsidios, hasta que no tengamos en esas localidades una soluci\u00f3n m\u00e1s a largo plazo, como generaci\u00f3n de energ\u00edas renovables no convencionales o alg\u00fan otro sistema eficiente que permita rebajar el costo de la generaci\u00f3n\u201d.<\/p>\n<p style=\"font-weight: 400; text-align: justify;\">Finalmente, el legislador indic\u00f3 que \u201csoy partidario de aplicar subsidios a estas localidades para que el precio de kilowatt hora no sea tan alto, y as\u00ed podamos rebajar el costo energ\u00e9tico para las localidades m\u00e1s aisladas de la regi\u00f3n. En estos momentos, las familias que viven en las localidades m\u00e1s alejadas pagan mucho por la energ\u00eda, y eso es una desigualdad tremenda tomando en cuenta el rol que cumplen viviendo en estas zonas alejadas\u201d.<\/p>\n<\/div><\/section><\/div><div  style='height:50px' class='hr hr-invisible   avia-builder-el-6  el_after_av_one_full  el_before_av_social_share '><span class='hr-inner ' ><span class='hr-inner-style'><\/span><\/span><\/div><\/p>\n<div  class='av-social-sharing-box  avia-builder-el-7  el_after_av_hr  el_before_av_hr  '><div class='av-share-box'><h5 class='av-share-link-description av-no-toc '>Compartir esta noticia<\/h5><ul class='av-share-box-list noLightbox'><li class='av-share-link av-social-link-facebook' ><a target=\"_blank\" aria-label=\"Compartir en Facebook\" href='https:\/\/www.facebook.com\/sharer.php?u=https:\/\/radiorevelacionfm.cl\/?p=27558&#038;t=Diputado%20Calisto%20insta%20al%20Gobierno%20a%20crear%20un%20subsidio%20el%C3%A9ctrico%20para%20las%20localidades%20m%C3%A1s%20aisladas%20de%20la%20regi%C3%B3n' aria-hidden='false' data-av_icon='\ue8f3' data-av_iconfont='entypo-fontello' title='' data-avia-related-tooltip='Compartir en Facebook' rel=\"noopener\"><span class='avia_hidden_link_text'>Compartir en Facebook<\/span><\/a><\/li><li class='av-share-link av-social-link-twitter' ><a target=\"_blank\" aria-label=\"Compartir en Twitter\" href='https:\/\/twitter.com\/share?text=Diputado%20Calisto%20insta%20al%20Gobierno%20a%20crear%20un%20subsidio%20el%C3%A9ctrico%20para%20las%20localidades%20m%C3%A1s%20aisladas%20de%20la%20regi%C3%B3n&#038;url=https:\/\/radiorevelacionfm.cl\/?p=27558' aria-hidden='false' data-av_icon='\ue8f1' data-av_iconfont='entypo-fontello' title='' data-avia-related-tooltip='Compartir en Twitter' rel=\"noopener\"><span class='avia_hidden_link_text'>Compartir en Twitter<\/span><\/a><\/li><li class='av-share-link av-social-link-whatsapp' ><a target=\"_blank\" aria-label=\"Compartir en Whatsapp\" href='https:\/\/api.whatsapp.com\/send?text=https:\/\/radiorevelacionfm.cl\/?p=27558' aria-hidden='false' data-av_icon='\uf232' data-av_iconfont='entypo-fontello' title='' data-avia-related-tooltip='Compartir en Whatsapp' rel=\"noopener\"><span class='avia_hidden_link_text'>Compartir en Whatsapp<\/span><\/a><\/li><li class='av-share-link av-social-link-linkedin' ><a target=\"_blank\" aria-label=\"Compartir en LinkedIn\" href='https:\/\/linkedin.com\/shareArticle?mini=true&#038;title=Diputado%20Calisto%20insta%20al%20Gobierno%20a%20crear%20un%20subsidio%20el%C3%A9ctrico%20para%20las%20localidades%20m%C3%A1s%20aisladas%20de%20la%20regi%C3%B3n&#038;url=https:\/\/radiorevelacionfm.cl\/?p=27558' aria-hidden='false' data-av_icon='\ue8fc' data-av_iconfont='entypo-fontello' title='' data-avia-related-tooltip='Compartir en LinkedIn' rel=\"noopener\"><span class='avia_hidden_link_text'>Compartir en LinkedIn<\/span><\/a><\/li><li class='av-share-link av-social-link-mail' ><a  aria-label=\"Compartir por correo\" href='mailto:?subject=Diputado%20Calisto%20insta%20al%20Gobierno%20a%20crear%20un%20subsidio%20el%C3%A9ctrico%20para%20las%20localidades%20m%C3%A1s%20aisladas%20de%20la%20regi%C3%B3n&#038;body=https:\/\/radiorevelacionfm.cl\/?p=27558' aria-hidden='false' data-av_icon='\ue805' data-av_iconfont='entypo-fontello' title='' data-avia-related-tooltip='Compartir por correo'><span class='avia_hidden_link_text'>Compartir por correo<\/span><\/a><\/li><\/ul><\/div><\/div>\n<div  style='height:50px' class='hr hr-invisible   avia-builder-el-8  el_after_av_social_share  el_before_av_comments_list '><span class='hr-inner ' ><span class='hr-inner-style'><\/span><\/span><\/div>\n<div  class='av-buildercomment  av-blog-meta-html-info-disabled av-blog-meta-tag-disabled  '><\/div>\n","protected":false},"excerpt":{"rendered":"","protected":false},"author":1,"featured_media":26543,"comment_status":"open","ping_status":"open","sticky":false,"template":"","format":"standard","meta":{"footnotes":""},"categories":[35],"tags":[],"class_list":["post-27558","post","type-post","status-publish","format-standard","has-post-thumbnail","hentry","category-politica"],"jetpack_featured_media_url":"https:\/\/radiorevelacionfm.cl\/wp-content\/uploads\/2023\/01\/foto-calisto-comision-2023-1-1.jpeg","_links":{"self":[{"href":"https:\/\/radiorevelacionfm.cl\/index.php?rest_route=\/wp\/v2\/posts\/27558","targetHints":{"allow":["GET"]}}],"collection":[{"href":"https:\/\/radiorevelacionfm.cl\/index.php?rest_route=\/wp\/v2\/posts"}],"about":[{"href":"https:\/\/radiorevelacionfm.cl\/index.php?rest_route=\/wp\/v2\/types\/post"}],"author":[{"embeddable":true,"href":"https:\/\/radiorevelacionfm.cl\/index.php?rest_route=\/wp\/v2\/users\/1"}],"replies":[{"embeddable":true,"href":"https:\/\/radiorevelacionfm.cl\/index.php?rest_route=%2Fwp%2Fv2%2Fcomments&post=27558"}],"version-history":[{"count":2,"href":"https:\/\/radiorevelacionfm.cl\/index.php?rest_route=\/wp\/v2\/posts\/27558\/revisions"}],"predecessor-version":[{"id":27561,"href":"https:\/\/radiorevelacionfm.cl\/index.php?rest_route=\/wp\/v2\/posts\/27558\/revisions\/27561"}],"wp:featuredmedia":[{"embeddable":true,"href":"https:\/\/radiorevelacionfm.cl\/index.php?rest_route=\/wp\/v2\/media\/26543"}],"wp:attachment":[{"href":"https:\/\/radiorevelacionfm.cl\/index.php?rest_route=%2Fwp%2Fv2%2Fmedia&parent=27558"}],"wp:term":[{"taxonomy":"category","embeddable":true,"href":"https:\/\/radiorevelacionfm.cl\/index.php?rest_route=%2Fwp%2Fv2%2Fcategories&post=27558"},{"taxonomy":"post_tag","embeddable":true,"href":"https:\/\/radiorevelacionfm.cl\/index.php?rest_route=%2Fwp%2Fv2%2Ftags&post=27558"}],"curies":[{"name":"wp","href":"https:\/\/api.w.org\/{rel}","templated":true}]}}