{"id":27555,"date":"2023-02-07T18:00:45","date_gmt":"2023-02-07T21:00:45","guid":{"rendered":"https:\/\/radiorevelacionfm.cl\/?p=27555"},"modified":"2023-02-07T18:03:49","modified_gmt":"2023-02-07T21:03:49","slug":"familias-valoran-positivamente-programa-vacaciones-en-mi-jardin-2023","status":"publish","type":"post","link":"https:\/\/radiorevelacionfm.cl\/?p=27555","title":{"rendered":"Familias valoran positivamente Programa \u201cVacaciones en Mi Jard\u00edn\u201d 2023"},"content":{"rendered":"<div class=\"flex_column av_one_full  flex_column_div av-zero-column-padding first  avia-builder-el-0  el_before_av_one_full  avia-builder-el-first  \" style='border-radius:0px; '><div  class='avia-image-container  av-styling-    avia-builder-el-1  avia-builder-el-no-sibling  avia-align-center '  itemprop=\"image\" itemscope=\"itemscope\" itemtype=\"https:\/\/schema.org\/ImageObject\"  ><div class='avia-image-container-inner'><div class='avia-image-overlay-wrap'><img decoding=\"async\" class='wp-image-27556 avia-img-lazy-loading-not-27556 avia_image' src=\"https:\/\/radiorevelacionfm.cl\/wp-content\/uploads\/2023\/02\/1-67-1_optimized-1.jpeg\" alt='' title='1-(67)-(1)_optimized (1)' height=\"600\" width=\"1335\"  itemprop=\"thumbnailUrl\" srcset=\"https:\/\/radiorevelacionfm.cl\/wp-content\/uploads\/2023\/02\/1-67-1_optimized-1.jpeg 1335w, https:\/\/radiorevelacionfm.cl\/wp-content\/uploads\/2023\/02\/1-67-1_optimized-1-300x135.jpeg 300w, https:\/\/radiorevelacionfm.cl\/wp-content\/uploads\/2023\/02\/1-67-1_optimized-1-1030x463.jpeg 1030w, https:\/\/radiorevelacionfm.cl\/wp-content\/uploads\/2023\/02\/1-67-1_optimized-1-768x345.jpeg 768w, https:\/\/radiorevelacionfm.cl\/wp-content\/uploads\/2023\/02\/1-67-1_optimized-1-705x317.jpeg 705w, https:\/\/radiorevelacionfm.cl\/wp-content\/uploads\/2023\/02\/1-67-1_optimized-1-600x270.jpeg 600w\" sizes=\"(max-width: 1335px) 100vw, 1335px\" \/><\/div><\/div><\/div><\/div><div class=\"flex_column av_one_full  flex_column_div av-zero-column-padding first  avia-builder-el-2  el_after_av_one_full  el_before_av_one_full  column-top-margin\" style='border-radius:0px; '><section class=\"av_textblock_section \"  itemscope=\"itemscope\" itemtype=\"https:\/\/schema.org\/BlogPosting\" itemprop=\"blogPost\" ><div class='avia_textblock  '   itemprop=\"text\" ><p style=\"text-align: center;\"><strong><span style=\"font-size: 18pt;\">Familias valoran positivamente Programa \u201cVacaciones en Mi Jard\u00edn\u201d 2023<\/span><\/strong><\/p>\n<div id=\"gtx-trans\" style=\"position: absolute; left: -50px; top: 4.31534px;\">\n<div class=\"gtx-trans-icon\"><\/div>\n<\/div>\n<\/div><\/section><\/div><div class=\"flex_column av_one_full  flex_column_div av-zero-column-padding first  avia-builder-el-4  el_after_av_one_full  el_before_av_hr  column-top-margin\" style='border-radius:0px; '><section class=\"av_textblock_section \"  itemscope=\"itemscope\" itemtype=\"https:\/\/schema.org\/BlogPosting\" itemprop=\"blogPost\" ><div class='avia_textblock  '   itemprop=\"text\" ><p style=\"font-weight: 400; text-align: justify;\">El programa se estar\u00e1 desarrollando hasta el 17 de febrero, ofreciendo a los ni\u00f1os y ni\u00f1as actividades recreativas en un marco de seguridad y bienestar durante el periodo estival.<\/p>\n<p style=\"font-weight: 400; text-align: justify;\">A m\u00e1s de tres semanas del inicio del Programa \u201cVacaciones en Mi Jard\u00edn\u201d (VMJ) 2023 las familias de la regi\u00f3n de Ays\u00e9n valoran positivamente esta instancia recalcando que es de gran apoyo para ellos ya que pueden ir a trabajar seguros y, por sobre todo, que sus hijos e hijas aprenden, se alimentan adecuadamente y lo pasan bien.<\/p>\n<p style=\"font-weight: 400; text-align: justify;\">Edimar Garc\u00eda, apoderada de dos ni\u00f1as en este Programa recalca que \u201cpara m\u00ed es importante el jard\u00edn de verano ya que me ha permitido trabajar. Tengo un horario de trabajo de 8 de la ma\u00f1ana a 6 de la tarde y para m\u00ed es muy importante que ellas est\u00e9n aqu\u00ed, adem\u00e1s sus aprendizajes han sido muchos, la alimentaci\u00f3n es muy buena, las t\u00edas son s\u00faper\u00a0ch\u00e9veres\u00a0(buenas)\u201d.<\/p>\n<p style=\"font-weight: 400; text-align: justify;\">Una opini\u00f3n similar tiene Wladimir Ruiz, quien se\u00f1ala lo importante de estos espacios \u201csobre todo para la gente que trabaja todo el d\u00eda y para las familias es de gran ayuda. A nosotros nos dieron la posibilidad de poder traerlo al Jard\u00edn de verano y de verdad se nos alivi\u00f3 mucho\u201d. A la vez recalc\u00f3 que \u201clo que no aprende en la casa, lo aprende en el jard\u00edn, lo que es muy bueno para los ni\u00f1os\u201d.<\/p>\n<p style=\"font-weight: 400; text-align: justify;\">Cabe recordar que el VMJ se est\u00e1 desarrollando en dos jardines infantiles de Fundaci\u00f3n Integra de la regi\u00f3n como lo son \u201cLas Araucarias\u201d de Coyhaique y \u201cLos Chilcos\u201d en Puerto Ays\u00e9n, beneficiando a un total de 96 ni\u00f1os y ni\u00f1as quienes han disfrutado de las diversas actividades preparadas por los equipos educativos.<\/p>\n<p style=\"font-weight: 400; text-align: justify;\">Karin Gajardo otra apoderada de esta modalidad destac\u00f3 que es \u201cs\u00faper buena y me siento segura de que mi hija venga. Me voy tranquila a trabajar, adem\u00e1s a ella le encantaron sus t\u00edas nuevas\u201d. A su vez, reforz\u00f3 que \u201clas t\u00edas todas las semanas tienen distintas actividades, en la que los ni\u00f1os se entretienen y aprenden. Estamos muy felices de que ella est\u00e9 aqu\u00ed\u201d.<\/p>\n<p style=\"font-weight: 400; text-align: justify;\">Es importante se\u00f1alar que el Programa \u201cVacaciones en Mi Jard\u00edn\u201d est\u00e1 dirigido a ni\u00f1as y ni\u00f1os desde los tres meses a cinco a\u00f1os de edad y cuyas familias viven en situaci\u00f3n de vulnerabilidad social, dando respuesta a las necesidades de las familias cuyos hijos e hijas requieren de una atenci\u00f3n adecuada, todo esto con actividades l\u00fadicas y en un marco de interacciones positivas que favorezcan el protagonismo y bienestar integral de los p\u00e1rvulos.<\/p>\n<p style=\"font-weight: 400; text-align: justify;\">La directora regional de Fundaci\u00f3n Integra, Leticia Araya Norambuena invit\u00f3 a las familias de la regi\u00f3n a acercarse a los establecimientos de Fundaci\u00f3n Integra para formar parte de alguno de los 19 establecimientos presentes en la regi\u00f3n reforzando que a partir del \u201c27 de febrero los equipos en los jardines infantiles ya estar\u00e1n en sus establecimientos para que puedan acercarse a inscribir y\/o matricular a sus hijos en alguno de nuestros jardines infantiles\u201d.<\/p>\n<p style=\"font-weight: 400; text-align: justify;\">Finalmente cabe destacar que Fundaci\u00f3n Integra pertenece a la Red de Fundaciones de la Presidencia de la Rep\u00fablica. Con 32 a\u00f1os de experiencia, cuenta con m\u00e1s de 1.230 jardines infantiles y salas cuna gratuitos a los que asisten m\u00e1s de 91 mil ni\u00f1os y ni\u00f1as en todo Chile.<\/p>\n<\/div><\/section><\/div><div  style='height:50px' class='hr hr-invisible   avia-builder-el-6  el_after_av_one_full  el_before_av_social_share '><span class='hr-inner ' ><span class='hr-inner-style'><\/span><\/span><\/div><\/p>\n<div  class='av-social-sharing-box  avia-builder-el-7  el_after_av_hr  el_before_av_hr  '><div class='av-share-box'><h5 class='av-share-link-description av-no-toc '>Compartir esta noticia<\/h5><ul class='av-share-box-list noLightbox'><li class='av-share-link av-social-link-facebook' ><a target=\"_blank\" aria-label=\"Compartir en Facebook\" href='https:\/\/www.facebook.com\/sharer.php?u=https:\/\/radiorevelacionfm.cl\/?p=27555&#038;t=Familias%20valoran%20positivamente%20Programa%20%E2%80%9CVacaciones%20en%20Mi%20Jard%C3%ADn%E2%80%9D%202023' aria-hidden='false' data-av_icon='\ue8f3' data-av_iconfont='entypo-fontello' title='' data-avia-related-tooltip='Compartir en Facebook' rel=\"noopener\"><span class='avia_hidden_link_text'>Compartir en Facebook<\/span><\/a><\/li><li class='av-share-link av-social-link-twitter' ><a target=\"_blank\" aria-label=\"Compartir en Twitter\" href='https:\/\/twitter.com\/share?text=Familias%20valoran%20positivamente%20Programa%20%E2%80%9CVacaciones%20en%20Mi%20Jard%C3%ADn%E2%80%9D%202023&#038;url=https:\/\/radiorevelacionfm.cl\/?p=27555' aria-hidden='false' data-av_icon='\ue8f1' data-av_iconfont='entypo-fontello' title='' data-avia-related-tooltip='Compartir en Twitter' rel=\"noopener\"><span class='avia_hidden_link_text'>Compartir en Twitter<\/span><\/a><\/li><li class='av-share-link av-social-link-whatsapp' ><a target=\"_blank\" aria-label=\"Compartir en Whatsapp\" href='https:\/\/api.whatsapp.com\/send?text=https:\/\/radiorevelacionfm.cl\/?p=27555' aria-hidden='false' data-av_icon='\uf232' data-av_iconfont='entypo-fontello' title='' data-avia-related-tooltip='Compartir en Whatsapp' rel=\"noopener\"><span class='avia_hidden_link_text'>Compartir en Whatsapp<\/span><\/a><\/li><li class='av-share-link av-social-link-linkedin' ><a target=\"_blank\" aria-label=\"Compartir en LinkedIn\" href='https:\/\/linkedin.com\/shareArticle?mini=true&#038;title=Familias%20valoran%20positivamente%20Programa%20%E2%80%9CVacaciones%20en%20Mi%20Jard%C3%ADn%E2%80%9D%202023&#038;url=https:\/\/radiorevelacionfm.cl\/?p=27555' aria-hidden='false' data-av_icon='\ue8fc' data-av_iconfont='entypo-fontello' title='' data-avia-related-tooltip='Compartir en LinkedIn' rel=\"noopener\"><span class='avia_hidden_link_text'>Compartir en LinkedIn<\/span><\/a><\/li><li class='av-share-link av-social-link-mail' ><a  aria-label=\"Compartir por correo\" href='mailto:?subject=Familias%20valoran%20positivamente%20Programa%20%E2%80%9CVacaciones%20en%20Mi%20Jard%C3%ADn%E2%80%9D%202023&#038;body=https:\/\/radiorevelacionfm.cl\/?p=27555' aria-hidden='false' data-av_icon='\ue805' data-av_iconfont='entypo-fontello' title='' data-avia-related-tooltip='Compartir por correo'><span class='avia_hidden_link_text'>Compartir por correo<\/span><\/a><\/li><\/ul><\/div><\/div>\n<div  style='height:50px' class='hr hr-invisible   avia-builder-el-8  el_after_av_social_share  el_before_av_comments_list '><span class='hr-inner ' ><span class='hr-inner-style'><\/span><\/span><\/div>\n<div  class='av-buildercomment  av-blog-meta-html-info-disabled av-blog-meta-tag-disabled  '><\/div>\n","protected":false},"excerpt":{"rendered":"","protected":false},"author":1,"featured_media":27556,"comment_status":"open","ping_status":"open","sticky":false,"template":"","format":"standard","meta":{"footnotes":""},"categories":[49],"tags":[],"class_list":["post-27555","post","type-post","status-publish","format-standard","has-post-thumbnail","hentry","category-educacion"],"jetpack_featured_media_url":"https:\/\/radiorevelacionfm.cl\/wp-content\/uploads\/2023\/02\/1-67-1_optimized-1.jpeg","_links":{"self":[{"href":"https:\/\/radiorevelacionfm.cl\/index.php?rest_route=\/wp\/v2\/posts\/27555","targetHints":{"allow":["GET"]}}],"collection":[{"href":"https:\/\/radiorevelacionfm.cl\/index.php?rest_route=\/wp\/v2\/posts"}],"about":[{"href":"https:\/\/radiorevelacionfm.cl\/index.php?rest_route=\/wp\/v2\/types\/post"}],"author":[{"embeddable":true,"href":"https:\/\/radiorevelacionfm.cl\/index.php?rest_route=\/wp\/v2\/users\/1"}],"replies":[{"embeddable":true,"href":"https:\/\/radiorevelacionfm.cl\/index.php?rest_route=%2Fwp%2Fv2%2Fcomments&post=27555"}],"version-history":[{"count":2,"href":"https:\/\/radiorevelacionfm.cl\/index.php?rest_route=\/wp\/v2\/posts\/27555\/revisions"}],"predecessor-version":[{"id":27563,"href":"https:\/\/radiorevelacionfm.cl\/index.php?rest_route=\/wp\/v2\/posts\/27555\/revisions\/27563"}],"wp:featuredmedia":[{"embeddable":true,"href":"https:\/\/radiorevelacionfm.cl\/index.php?rest_route=\/wp\/v2\/media\/27556"}],"wp:attachment":[{"href":"https:\/\/radiorevelacionfm.cl\/index.php?rest_route=%2Fwp%2Fv2%2Fmedia&parent=27555"}],"wp:term":[{"taxonomy":"category","embeddable":true,"href":"https:\/\/radiorevelacionfm.cl\/index.php?rest_route=%2Fwp%2Fv2%2Fcategories&post=27555"},{"taxonomy":"post_tag","embeddable":true,"href":"https:\/\/radiorevelacionfm.cl\/index.php?rest_route=%2Fwp%2Fv2%2Ftags&post=27555"}],"curies":[{"name":"wp","href":"https:\/\/api.w.org\/{rel}","templated":true}]}}