{"id":27550,"date":"2023-02-07T10:21:02","date_gmt":"2023-02-07T13:21:02","guid":{"rendered":"https:\/\/radiorevelacionfm.cl\/?p=27550"},"modified":"2023-02-07T10:37:39","modified_gmt":"2023-02-07T13:37:39","slug":"en-puerto-cisnes-inician-tour-patrimonial-rescatando-la-cultura-local","status":"publish","type":"post","link":"https:\/\/radiorevelacionfm.cl\/?p=27550","title":{"rendered":"En Puerto Cisnes inician Tour Patrimonial rescatando la cultura local"},"content":{"rendered":"<div class=\"flex_column av_one_full  flex_column_div av-zero-column-padding first  avia-builder-el-0  el_before_av_one_full  avia-builder-el-first  \" style='border-radius:0px; '><div  class='avia-image-container  av-styling-    avia-builder-el-1  avia-builder-el-no-sibling  avia-align-center '  itemprop=\"image\" itemscope=\"itemscope\" itemtype=\"https:\/\/schema.org\/ImageObject\"  ><div class='avia-image-container-inner'><div class='avia-image-overlay-wrap'><img decoding=\"async\" class='wp-image-27551 avia-img-lazy-loading-not-27551 avia_image' src=\"https:\/\/radiorevelacionfm.cl\/wp-content\/uploads\/2023\/02\/IMG-20230129-WA0025-1-1-1.jpg\" alt='' title='IMG-20230129-WA0025 (1) (1) (1)' height=\"600\" width=\"600\"  itemprop=\"thumbnailUrl\" srcset=\"https:\/\/radiorevelacionfm.cl\/wp-content\/uploads\/2023\/02\/IMG-20230129-WA0025-1-1-1.jpg 600w, https:\/\/radiorevelacionfm.cl\/wp-content\/uploads\/2023\/02\/IMG-20230129-WA0025-1-1-1-300x300.jpg 300w, https:\/\/radiorevelacionfm.cl\/wp-content\/uploads\/2023\/02\/IMG-20230129-WA0025-1-1-1-80x80.jpg 80w, https:\/\/radiorevelacionfm.cl\/wp-content\/uploads\/2023\/02\/IMG-20230129-WA0025-1-1-1-36x36.jpg 36w, https:\/\/radiorevelacionfm.cl\/wp-content\/uploads\/2023\/02\/IMG-20230129-WA0025-1-1-1-180x180.jpg 180w, https:\/\/radiorevelacionfm.cl\/wp-content\/uploads\/2023\/02\/IMG-20230129-WA0025-1-1-1-100x100.jpg 100w\" sizes=\"(max-width: 600px) 100vw, 600px\" \/><\/div><\/div><\/div><\/div><div class=\"flex_column av_one_full  flex_column_div av-zero-column-padding first  avia-builder-el-2  el_after_av_one_full  el_before_av_one_full  column-top-margin\" style='border-radius:0px; '><section class=\"av_textblock_section \"  itemscope=\"itemscope\" itemtype=\"https:\/\/schema.org\/BlogPosting\" itemprop=\"blogPost\" ><div class='avia_textblock  '   itemprop=\"text\" ><p style=\"text-align: center;\"><strong><span style=\"font-size: 18pt;\">En Puerto Cisnes inician Tour Patrimonial rescatando la cultura local<\/span><\/strong><\/p>\n<div id=\"gtx-trans\" style=\"position: absolute; left: -50px; top: 4.31534px;\">\n<div class=\"gtx-trans-icon\"><\/div>\n<\/div>\n<\/div><\/section><\/div><div class=\"flex_column av_one_full  flex_column_div av-zero-column-padding first  avia-builder-el-4  el_after_av_one_full  el_before_av_hr  column-top-margin\" style='border-radius:0px; '><section class=\"av_textblock_section \"  itemscope=\"itemscope\" itemtype=\"https:\/\/schema.org\/BlogPosting\" itemprop=\"blogPost\" ><div class='avia_textblock  '   itemprop=\"text\" ><p style=\"text-align: justify;\">Recientemente se dio inicio a un importante proyecto que busca rescatar la cultura patrimonial local en Puerto Cisnes, capital de la comuna de Cisnes.<\/p>\n<p style=\"text-align: justify;\">El estreno de un microdocumental y tour patrimonial son parte de la iniciativa que ejecuta y desarrolla la agrupaci\u00f3n cultural Arte y Mate con el financiamiento del Gobierno Regional 7%, del 2do llamado 2022, contando adicionalmente con el apoyo de Catarsis Film, Radio Revelaci\u00f3n, Radio Aut\u00e9ntica, Finisterra, Hostal Bellavista y emprendedores locales pertenecientes a la C\u00e1mara de turismo y comercio.<\/p>\n<p style=\"text-align: justify;\">El proyecto en s\u00ed, busca rescatar la memoria hist\u00f3rica a trav\u00e9s del valor arquitect\u00f3nico de las casas, siendo \u00e9stas las construcciones m\u00e1s antiguas de la localidad, de este modo se busca conocer un poco de la historia de vida de las familias que llegaron primero a trav\u00e9s de sus propias voces o de los familiares que a\u00fan viven, relevando as\u00ed el valor patrimonial que \u00e9stas tienen. El proyecto incluye recorridos guiados para la comunidad o visitantes, totalmente gratuitos, con el fin de valorizar y conservar este patrimonio de alto valor.<\/p>\n<p style=\"text-align: justify;\">La encargada de esta iniciativa, Mar\u00eda Antonietta Inostroza Garabito, profesional de las artes esc\u00e9nicas y gesti\u00f3n cultural, destac\u00f3 el valor cultural que tiene este tipo de iniciativas, constituy\u00e9ndose en un medio de acceso tanto a la cultura local como al territorio, para su conocimiento y disfrute, y que sean reconocidos por las futuras generaciones como espacios que brindan identidad, por lo que deben ser valorizadas desde esa perspectiva, contribuyendo as\u00ed al desarrollo de Puerto Cisnes y la comuna.<\/p>\n<p style=\"text-align: justify;\">El programa de recorridos del Tour Patrimonial incluye la visita a 21 inmuebles en total, dividi\u00e9ndose este recorrido en 7 casas cada tour, completando un total de 45 minutos aproximadamente cada recorrido. El Tour Patrimonial se inici\u00f3 este s\u00e1bado, 04 de febrero, con su primera salida desde la plaza, se requiere previa inscripci\u00f3n al correo <a href=\"mailto:arteymate2.0@gmail.com\">arteymate2.0@gmail.com<\/a>, \u00f3 a trav\u00e9s de nuestra red social en instagram @arteymate.ac d\u00f3nde podr\u00e1n encontrar el link para la inscripci\u00f3n en l\u00ednea, los cupos son limitados y las salidas disponibles en dos horarios.<\/p>\n<ul style=\"text-align: justify;\">\n<li>salida 04 de febrero, 15:00 y 16:30 horas<\/li>\n<li>salida 11 de febrero, 15:00 y 16:30 horas<\/li>\n<li>salida 18 de febrero, 15:00 y 16:30 horas<\/li>\n<li>salida 25 de febrero, 15:00 y 16:30 horas<\/li>\n<li>salida 08 de marzo (horario por confirmar).<\/li>\n<\/ul>\n<p style=\"text-align: justify;\">Finalmente la entidad enfatiz\u00f3 el enorme esfuerzo que significa este proyecto, por lo que invit\u00f3 a la comunidad a conocer la historia de la localidad, a trav\u00e9s del tour patrimonial.<\/p>\n<p style=\"text-align: justify;\">Al final del recorrido patrimonial los visitantes recibir\u00e1n un peque\u00f1o recuerdo en formato polaroid, con la finalidad de que cada visitante o poblador de nuestra localidad pueda tener dentro de sus recuerdos una fotograf\u00eda del Puerto Cisnes del ayer.<\/p>\n<\/div><\/section><\/div><div  style='height:50px' class='hr hr-invisible   avia-builder-el-6  el_after_av_one_full  el_before_av_social_share '><span class='hr-inner ' ><span class='hr-inner-style'><\/span><\/span><\/div><\/p>\n<div  class='av-social-sharing-box  avia-builder-el-7  el_after_av_hr  el_before_av_hr  '><div class='av-share-box'><h5 class='av-share-link-description av-no-toc '>Compartir esta noticia<\/h5><ul class='av-share-box-list noLightbox'><li class='av-share-link av-social-link-facebook' ><a target=\"_blank\" aria-label=\"Compartir en Facebook\" href='https:\/\/www.facebook.com\/sharer.php?u=https:\/\/radiorevelacionfm.cl\/?p=27550&#038;t=En%20Puerto%20Cisnes%20inician%20Tour%20Patrimonial%20rescatando%20la%20cultura%20local' aria-hidden='false' data-av_icon='\ue8f3' data-av_iconfont='entypo-fontello' title='' data-avia-related-tooltip='Compartir en Facebook' rel=\"noopener\"><span class='avia_hidden_link_text'>Compartir en Facebook<\/span><\/a><\/li><li class='av-share-link av-social-link-twitter' ><a target=\"_blank\" aria-label=\"Compartir en Twitter\" href='https:\/\/twitter.com\/share?text=En%20Puerto%20Cisnes%20inician%20Tour%20Patrimonial%20rescatando%20la%20cultura%20local&#038;url=https:\/\/radiorevelacionfm.cl\/?p=27550' aria-hidden='false' data-av_icon='\ue8f1' data-av_iconfont='entypo-fontello' title='' data-avia-related-tooltip='Compartir en Twitter' rel=\"noopener\"><span class='avia_hidden_link_text'>Compartir en Twitter<\/span><\/a><\/li><li class='av-share-link av-social-link-whatsapp' ><a target=\"_blank\" aria-label=\"Compartir en Whatsapp\" href='https:\/\/api.whatsapp.com\/send?text=https:\/\/radiorevelacionfm.cl\/?p=27550' aria-hidden='false' data-av_icon='\uf232' data-av_iconfont='entypo-fontello' title='' data-avia-related-tooltip='Compartir en Whatsapp' rel=\"noopener\"><span class='avia_hidden_link_text'>Compartir en Whatsapp<\/span><\/a><\/li><li class='av-share-link av-social-link-linkedin' ><a target=\"_blank\" aria-label=\"Compartir en LinkedIn\" href='https:\/\/linkedin.com\/shareArticle?mini=true&#038;title=En%20Puerto%20Cisnes%20inician%20Tour%20Patrimonial%20rescatando%20la%20cultura%20local&#038;url=https:\/\/radiorevelacionfm.cl\/?p=27550' aria-hidden='false' data-av_icon='\ue8fc' data-av_iconfont='entypo-fontello' title='' data-avia-related-tooltip='Compartir en LinkedIn' rel=\"noopener\"><span class='avia_hidden_link_text'>Compartir en LinkedIn<\/span><\/a><\/li><li class='av-share-link av-social-link-mail' ><a  aria-label=\"Compartir por correo\" href='mailto:?subject=En%20Puerto%20Cisnes%20inician%20Tour%20Patrimonial%20rescatando%20la%20cultura%20local&#038;body=https:\/\/radiorevelacionfm.cl\/?p=27550' aria-hidden='false' data-av_icon='\ue805' data-av_iconfont='entypo-fontello' title='' data-avia-related-tooltip='Compartir por correo'><span class='avia_hidden_link_text'>Compartir por correo<\/span><\/a><\/li><\/ul><\/div><\/div>\n<div  style='height:50px' class='hr hr-invisible   avia-builder-el-8  el_after_av_social_share  el_before_av_comments_list '><span class='hr-inner ' ><span class='hr-inner-style'><\/span><\/span><\/div>\n<div  class='av-buildercomment  av-blog-meta-html-info-disabled av-blog-meta-tag-disabled  '><\/div>\n","protected":false},"excerpt":{"rendered":"","protected":false},"author":1,"featured_media":27554,"comment_status":"open","ping_status":"open","sticky":false,"template":"","format":"standard","meta":{"footnotes":""},"categories":[38],"tags":[],"class_list":["post-27550","post","type-post","status-publish","format-standard","has-post-thumbnail","hentry","category-regional"],"jetpack_featured_media_url":"https:\/\/radiorevelacionfm.cl\/wp-content\/uploads\/2023\/02\/img-20230129-wa0025-2-1_optimized-1.jpg","_links":{"self":[{"href":"https:\/\/radiorevelacionfm.cl\/index.php?rest_route=\/wp\/v2\/posts\/27550","targetHints":{"allow":["GET"]}}],"collection":[{"href":"https:\/\/radiorevelacionfm.cl\/index.php?rest_route=\/wp\/v2\/posts"}],"about":[{"href":"https:\/\/radiorevelacionfm.cl\/index.php?rest_route=\/wp\/v2\/types\/post"}],"author":[{"embeddable":true,"href":"https:\/\/radiorevelacionfm.cl\/index.php?rest_route=\/wp\/v2\/users\/1"}],"replies":[{"embeddable":true,"href":"https:\/\/radiorevelacionfm.cl\/index.php?rest_route=%2Fwp%2Fv2%2Fcomments&post=27550"}],"version-history":[{"count":2,"href":"https:\/\/radiorevelacionfm.cl\/index.php?rest_route=\/wp\/v2\/posts\/27550\/revisions"}],"predecessor-version":[{"id":27553,"href":"https:\/\/radiorevelacionfm.cl\/index.php?rest_route=\/wp\/v2\/posts\/27550\/revisions\/27553"}],"wp:featuredmedia":[{"embeddable":true,"href":"https:\/\/radiorevelacionfm.cl\/index.php?rest_route=\/wp\/v2\/media\/27554"}],"wp:attachment":[{"href":"https:\/\/radiorevelacionfm.cl\/index.php?rest_route=%2Fwp%2Fv2%2Fmedia&parent=27550"}],"wp:term":[{"taxonomy":"category","embeddable":true,"href":"https:\/\/radiorevelacionfm.cl\/index.php?rest_route=%2Fwp%2Fv2%2Fcategories&post=27550"},{"taxonomy":"post_tag","embeddable":true,"href":"https:\/\/radiorevelacionfm.cl\/index.php?rest_route=%2Fwp%2Fv2%2Ftags&post=27550"}],"curies":[{"name":"wp","href":"https:\/\/api.w.org\/{rel}","templated":true}]}}