{"id":27540,"date":"2023-02-07T09:27:18","date_gmt":"2023-02-07T12:27:18","guid":{"rendered":"https:\/\/radiorevelacionfm.cl\/?p=27540"},"modified":"2023-02-07T22:18:47","modified_gmt":"2023-02-08T01:18:47","slug":"comunidades-costeras-de-la-patagonia-participan-en-congreso-internacional-de-areas-marinas-protegidas","status":"publish","type":"post","link":"https:\/\/radiorevelacionfm.cl\/?p=27540","title":{"rendered":"Comunidades costeras de Ays\u00e9n participan en Congreso Internacional de \u00c1reas Marinas Protegidas en Canad\u00e1"},"content":{"rendered":"<div class=\"flex_column av_one_full  flex_column_div av-zero-column-padding first  avia-builder-el-0  el_before_av_one_full  avia-builder-el-first  \" style='border-radius:0px; '><div  class='avia-image-container  av-styling-    avia-builder-el-1  avia-builder-el-no-sibling  avia-align-center '  itemprop=\"image\" itemscope=\"itemscope\" itemtype=\"https:\/\/schema.org\/ImageObject\"  ><div class='avia-image-container-inner'><div class='avia-image-overlay-wrap'><img decoding=\"async\" class='wp-image-27541 avia-img-lazy-loading-not-27541 avia_image' src=\"https:\/\/radiorevelacionfm.cl\/wp-content\/uploads\/2023\/02\/delegacion-comunidades-indigenas-costeras-de-chile-impac-5-1_optimized-1.jpg\" alt='' title='delegacion-comunidades-indigenas-costeras-de-chile-impac-5-(1)_optimized (1)' height=\"600\" width=\"1139\"  itemprop=\"thumbnailUrl\" srcset=\"https:\/\/radiorevelacionfm.cl\/wp-content\/uploads\/2023\/02\/delegacion-comunidades-indigenas-costeras-de-chile-impac-5-1_optimized-1.jpg 1139w, https:\/\/radiorevelacionfm.cl\/wp-content\/uploads\/2023\/02\/delegacion-comunidades-indigenas-costeras-de-chile-impac-5-1_optimized-1-300x158.jpg 300w, https:\/\/radiorevelacionfm.cl\/wp-content\/uploads\/2023\/02\/delegacion-comunidades-indigenas-costeras-de-chile-impac-5-1_optimized-1-1030x543.jpg 1030w, https:\/\/radiorevelacionfm.cl\/wp-content\/uploads\/2023\/02\/delegacion-comunidades-indigenas-costeras-de-chile-impac-5-1_optimized-1-768x405.jpg 768w, https:\/\/radiorevelacionfm.cl\/wp-content\/uploads\/2023\/02\/delegacion-comunidades-indigenas-costeras-de-chile-impac-5-1_optimized-1-710x375.jpg 710w, https:\/\/radiorevelacionfm.cl\/wp-content\/uploads\/2023\/02\/delegacion-comunidades-indigenas-costeras-de-chile-impac-5-1_optimized-1-705x371.jpg 705w, https:\/\/radiorevelacionfm.cl\/wp-content\/uploads\/2023\/02\/delegacion-comunidades-indigenas-costeras-de-chile-impac-5-1_optimized-1-600x316.jpg 600w\" sizes=\"(max-width: 1139px) 100vw, 1139px\" \/><\/div><\/div><\/div><\/div>\n<div class=\"flex_column av_one_full  flex_column_div av-zero-column-padding first  avia-builder-el-2  el_after_av_one_full  el_before_av_one_full  column-top-margin\" style='border-radius:0px; '><section class=\"av_textblock_section \"  itemscope=\"itemscope\" itemtype=\"https:\/\/schema.org\/BlogPosting\" itemprop=\"blogPost\" ><div class='avia_textblock  '   itemprop=\"text\" ><p style=\"text-align: center;\"><strong><span style=\"font-size: 18pt;\">Comunidades costeras de Ays\u00e9n participan en Congreso Internacional de \u00c1reas Marinas Protegidas en Canad\u00e1<\/span><\/strong><\/p>\n<div id=\"gtx-trans\" style=\"position: absolute; left: -50px; top: 4.31534px;\">\n<div class=\"gtx-trans-icon\"><\/div>\n<\/div>\n<\/div><\/section><\/div><div class=\"flex_column av_one_full  flex_column_div av-zero-column-padding first  avia-builder-el-4  el_after_av_one_full  el_before_av_hr  column-top-margin\" style='border-radius:0px; '><section class=\"av_textblock_section \"  itemscope=\"itemscope\" itemtype=\"https:\/\/schema.org\/BlogPosting\" itemprop=\"blogPost\" ><div class='avia_textblock  '   itemprop=\"text\" ><p style=\"text-align: justify;\">Desde islas remotas de las regiones de Ays\u00e9n y Los Lagos hasta el Centro de Convenciones de Vancouver, en Canad\u00e1, llegaron dirigentes y representantes de comunidades ind\u00edgenas y pescadores artesanales para participar en el Quinto Congreso Internacional de \u00c1reas Marinas Protegidas -IMPAC 5-. Se trata de las comunidades de Weki Will e islas Desertores\/costa de Chait\u00e9n, de la Regi\u00f3n de Los Lagos, y de islas Huichas Guaitecas y Puerto Cisnes, de la Regi\u00f3n de Ays\u00e9n, cuyos representantes participar\u00e1n en diversas actividades de este evento que re\u00fane comunidades ind\u00edgenas, autoridades y actores de la conservaci\u00f3n marina de todo el mundo para informar, inspirar y promover la acci\u00f3n por las \u00e1reas marinas protegidas.<\/p>\n<p style=\"text-align: justify;\">\u201cEstamos contentos de traer hasta ac\u00e1 la voz de nuestras comunidades y tener la oportunidad de compartir nuestra visi\u00f3n sobre la protecci\u00f3n marina y usos ancestrales con otros pueblos originarios del mundo\u201d, se\u00f1al\u00f3 al respecto Pamela Mayorga, asesora y apoyo t\u00e9cnico local de la ECMPO Islas Desertores y Costa de Chait\u00e9n, destacando -adem\u00e1s- que Canad\u00e1 ha sido un ejemplo de respeto, reconocimiento e integraci\u00f3n de sus pueblos originarios en las pol\u00edticas y medidas de conservaci\u00f3n del patrimonio natural de ese pa\u00eds.<\/p>\n<p style=\"text-align: justify;\">IMPAC5, en efecto, reconoce que los pueblos ind\u00edgenas han tenido un rol importante en la protecci\u00f3n y manejo del mundo marino, y dentro de sus objetivos establece el apoyo y amplificaci\u00f3n de sus voces, creando oportunidades para que pueblos originarios de todo el mundo se re\u00fanan, compartan y aprendan unos de otros acerca de sus experiencias de protecci\u00f3n marina costera y conservaci\u00f3n de sus recursos. En ese contexto, los representantes de las comunidades de la Patagonia participar\u00e1n en los paneles de conversaci\u00f3n \u201cContribuci\u00f3n del pueblo ind\u00edgena a la conservaci\u00f3n de la Patagonia azul: un llamado al reconocimiento y a la acci\u00f3n\u201d e \u201cIniciativas bottom-up y comunidades ind\u00edgenas: liderazgo en la designaci\u00f3n y manejo de las \u00c1reas Marinas Protegidas\u201d, entre otras actividades de intercambio de saberes y experiencias.<\/p>\n<p style=\"text-align: justify;\">\u201cHemos venido hasta ac\u00e1 representando a nuestras comunidades que llevan a\u00f1os solicitando apoyo para detener las malas pr\u00e1cticas ambientales y sociales de industrias como la salmonicultura, que ha devastado nuestros ecosistemas y da\u00f1ado nuestros bancos naturales y espacios hist\u00f3ricos de interacci\u00f3n litoral. No hay una determinaci\u00f3n exacta de la contaminaci\u00f3n generada en la Patagonia, por lo tanto, es urgente buscar respaldo y visibilizar la problem\u00e1tica de nuestro territorio\u201d, se\u00f1al\u00f3 al respecto Nelson Millatureo, presidente de la Comunidad Ind\u00edgena Antunen Rain de islas Huichas, solicitantes del ECMPO Huichas.<\/p>\n<p style=\"text-align: justify;\">Por su parte Juan Catin, presidente comunidad ind\u00edgena de Buill, solicitantes del ECMPO Weki-Will en la Regi\u00f3n de Los Lagos, dijo que \u201clas comunidades ind\u00edgenas -junto a nuestros vecinos pescadores artesanales, agricultores, entre muchos otros- somos quienes debemos administrar nuestros espacios; somos nosotros quienes hacemos todo por conservar los recursos y fortalecerlos con un mejor manejo a escala local, porque sabemos -m\u00e1s que nadie- que son nuestro sustento econ\u00f3mico y cultural. En este Congreso ser\u00e1 muy enriquecedor compartir experiencias de otros pa\u00edses al respecto\u201d.<\/p>\n<p style=\"text-align: justify;\">Todas estas comunidades solicitaron hace varios a\u00f1os -entre 2017 y 2020- la creaci\u00f3n de Espacios Costero Marino de Pueblos Originarios (ECMPO) en sus territorios, para poder resguardar sus usos consuetudinarios protegiendo -a la vez- los recursos y entorno natural. Las solicitudes est\u00e1n a\u00fan en tramitaci\u00f3n, a pesar de que la ley se\u00f1ala que debiese pasar alrededor de un a\u00f1o desde el ingreso de la solicitud hasta la entrega de la Destinaci\u00f3n Mar\u00edtima. Los dirigentes aprovecharon esta instancia internacional para dar m\u00e1s visibilidad a sus iniciativas y solicitar al Estado agilizar los procesos de tramitaci\u00f3n porque \u201cLas comunidades queremos desarrollo, claro que s\u00ed, pero uno sostenible, local, equilibrado y \u00e9tico. La inversi\u00f3n debe tener pertinencia territorial y garantizar que sus habitantes tengan acceso a fuentes de herramientas y recursos bien conservados\u201d, complementa Pamela Mayorga.<\/p>\n<p style=\"text-align: justify;\">Los ECMPOs, que surgen en 2008 con la Ley N\u00ba20.249, son una figura de administraci\u00f3n territorial que permite avanzar y fortalecer la gobernanza ambiental inclusiva en Chile, sobre todo en lo que respecta al reconocimiento de los usos tradicionales de pueblos originarios y a la protecci\u00f3n y conservaci\u00f3n de la biodiversidad marino-costera a nivel local. Su administraci\u00f3n y uso se asigna a comunidades o asociaciones de pueblos originarios vinculadas al borde costero, otorg\u00e1ndoles la oportunidad de crear un modelo de gobernanza local en el que sean ellos mismos quienes gestionan y controlan el uso de recursos naturales y la protecci\u00f3n del ecosistema que los sostiene. Ello, integrando y considerando los intereses y opiniones de las todas las comunidades locales que, precisamente, son los primeros afectados por las restricciones en los usos o por la afectaci\u00f3n de emprendimientos industriales.<\/p>\n<p style=\"text-align: justify;\">\u201cEn un encuentro internacional de las caracter\u00edsticas del IMPAC, que congrega a cientos de personas relacionadas con la protecci\u00f3n marino-costera y con la conservaci\u00f3n de sus especies, no pueden estar ausentes quienes han habitado hist\u00f3ricamente los asentamientos costeros. La conservaci\u00f3n empieza con las comunidades locales\u201d, dijo C\u00e9sar Guala, director del Programa Austral Patagonia de la Universidad Austral de Chile, entidad que trabaja para mejorar la conservaci\u00f3n de la Patagonia chilena.<\/p>\n<p style=\"text-align: justify;\">Al respecto Celestino Ancamil, presidente de la Agrupaci\u00f3n Turismo N\u00e1utico y Conservaci\u00f3n de Cet\u00e1ceos de Puerto Cisnes, dijo estar \u201cagradecido de poder estar presentes en el IMPAC 5 para traer la inquietud y la voz de los actores locales de nuestras comunidades que trabajan por la conservaci\u00f3n marina y por las futuras generaciones\u201d.<\/p>\n<p style=\"text-align: justify;\">\u201cPara nosotros es relevante elevar y amplificar la voz de las propias comunidades\u201d, dijo por su parte Francisco Sol\u00eds Germani, quien dirige el trabajo de la ONG Pew en la Patagonia chilena. \u201cEllos est\u00e1n tomando liderazgo innovador y activo en las estrategias de conservaci\u00f3n de los ecosistemas en los que conviven, bas\u00e1ndose en los valores culturales que constituyen su identidad. Es por esto que estamos apoyando la participaci\u00f3n de representantes del pueblo Rapa Nui y de la Patagonia chilena en este encuentro internacional\u201d, finaliz\u00f3.<\/p>\n<div class=\"td-a-rec td-a-rec-id-content_bottom tdi_2 td_block_template_4\">\n<div id=\"101580-1\" style=\"text-align: justify;\"><\/div>\n<\/div>\n<\/div><\/section><\/div><\/p>\n<div  style='height:50px' class='hr hr-invisible   avia-builder-el-6  el_after_av_one_full  el_before_av_social_share '><span class='hr-inner ' ><span class='hr-inner-style'><\/span><\/span><\/div>\n<div  class='av-social-sharing-box  avia-builder-el-7  el_after_av_hr  el_before_av_hr  '><div class='av-share-box'><h5 class='av-share-link-description av-no-toc '>Compartir esta noticia<\/h5><ul class='av-share-box-list noLightbox'><li class='av-share-link av-social-link-facebook' ><a target=\"_blank\" aria-label=\"Compartir en Facebook\" href='https:\/\/www.facebook.com\/sharer.php?u=https:\/\/radiorevelacionfm.cl\/?p=27540&#038;t=Comunidades%20costeras%20de%20Ays%C3%A9n%20participan%20en%20Congreso%20Internacional%20de%20%C3%81reas%20Marinas%20Protegidas%20en%20Canad%C3%A1' aria-hidden='false' data-av_icon='\ue8f3' data-av_iconfont='entypo-fontello' title='' data-avia-related-tooltip='Compartir en Facebook' rel=\"noopener\"><span class='avia_hidden_link_text'>Compartir en Facebook<\/span><\/a><\/li><li class='av-share-link av-social-link-twitter' ><a target=\"_blank\" aria-label=\"Compartir en Twitter\" href='https:\/\/twitter.com\/share?text=Comunidades%20costeras%20de%20Ays%C3%A9n%20participan%20en%20Congreso%20Internacional%20de%20%C3%81reas%20Marinas%20Protegidas%20en%20Canad%C3%A1&#038;url=https:\/\/radiorevelacionfm.cl\/?p=27540' aria-hidden='false' data-av_icon='\ue8f1' data-av_iconfont='entypo-fontello' title='' data-avia-related-tooltip='Compartir en Twitter' rel=\"noopener\"><span class='avia_hidden_link_text'>Compartir en Twitter<\/span><\/a><\/li><li class='av-share-link av-social-link-whatsapp' ><a target=\"_blank\" aria-label=\"Compartir en Whatsapp\" href='https:\/\/api.whatsapp.com\/send?text=https:\/\/radiorevelacionfm.cl\/?p=27540' aria-hidden='false' data-av_icon='\uf232' data-av_iconfont='entypo-fontello' title='' data-avia-related-tooltip='Compartir en Whatsapp' rel=\"noopener\"><span class='avia_hidden_link_text'>Compartir en Whatsapp<\/span><\/a><\/li><li class='av-share-link av-social-link-linkedin' ><a target=\"_blank\" aria-label=\"Compartir en LinkedIn\" href='https:\/\/linkedin.com\/shareArticle?mini=true&#038;title=Comunidades%20costeras%20de%20Ays%C3%A9n%20participan%20en%20Congreso%20Internacional%20de%20%C3%81reas%20Marinas%20Protegidas%20en%20Canad%C3%A1&#038;url=https:\/\/radiorevelacionfm.cl\/?p=27540' aria-hidden='false' data-av_icon='\ue8fc' data-av_iconfont='entypo-fontello' title='' data-avia-related-tooltip='Compartir en LinkedIn' rel=\"noopener\"><span class='avia_hidden_link_text'>Compartir en LinkedIn<\/span><\/a><\/li><li class='av-share-link av-social-link-mail' ><a  aria-label=\"Compartir por correo\" href='mailto:?subject=Comunidades%20costeras%20de%20Ays%C3%A9n%20participan%20en%20Congreso%20Internacional%20de%20%C3%81reas%20Marinas%20Protegidas%20en%20Canad%C3%A1&#038;body=https:\/\/radiorevelacionfm.cl\/?p=27540' aria-hidden='false' data-av_icon='\ue805' data-av_iconfont='entypo-fontello' title='' data-avia-related-tooltip='Compartir por correo'><span class='avia_hidden_link_text'>Compartir por correo<\/span><\/a><\/li><\/ul><\/div><\/div>\n<div  style='height:50px' class='hr hr-invisible   avia-builder-el-8  el_after_av_social_share  el_before_av_comments_list '><span class='hr-inner ' ><span class='hr-inner-style'><\/span><\/span><\/div>\n<div  class='av-buildercomment  av-blog-meta-html-info-disabled av-blog-meta-tag-disabled  '><\/div>\n","protected":false},"excerpt":{"rendered":"","protected":false},"author":1,"featured_media":27541,"comment_status":"open","ping_status":"open","sticky":false,"template":"","format":"standard","meta":{"footnotes":""},"categories":[39],"tags":[],"class_list":["post-27540","post","type-post","status-publish","format-standard","has-post-thumbnail","hentry","category-medio-ambiente"],"jetpack_featured_media_url":"https:\/\/radiorevelacionfm.cl\/wp-content\/uploads\/2023\/02\/delegacion-comunidades-indigenas-costeras-de-chile-impac-5-1_optimized-1.jpg","_links":{"self":[{"href":"https:\/\/radiorevelacionfm.cl\/index.php?rest_route=\/wp\/v2\/posts\/27540","targetHints":{"allow":["GET"]}}],"collection":[{"href":"https:\/\/radiorevelacionfm.cl\/index.php?rest_route=\/wp\/v2\/posts"}],"about":[{"href":"https:\/\/radiorevelacionfm.cl\/index.php?rest_route=\/wp\/v2\/types\/post"}],"author":[{"embeddable":true,"href":"https:\/\/radiorevelacionfm.cl\/index.php?rest_route=\/wp\/v2\/users\/1"}],"replies":[{"embeddable":true,"href":"https:\/\/radiorevelacionfm.cl\/index.php?rest_route=%2Fwp%2Fv2%2Fcomments&post=27540"}],"version-history":[{"count":5,"href":"https:\/\/radiorevelacionfm.cl\/index.php?rest_route=\/wp\/v2\/posts\/27540\/revisions"}],"predecessor-version":[{"id":27599,"href":"https:\/\/radiorevelacionfm.cl\/index.php?rest_route=\/wp\/v2\/posts\/27540\/revisions\/27599"}],"wp:featuredmedia":[{"embeddable":true,"href":"https:\/\/radiorevelacionfm.cl\/index.php?rest_route=\/wp\/v2\/media\/27541"}],"wp:attachment":[{"href":"https:\/\/radiorevelacionfm.cl\/index.php?rest_route=%2Fwp%2Fv2%2Fmedia&parent=27540"}],"wp:term":[{"taxonomy":"category","embeddable":true,"href":"https:\/\/radiorevelacionfm.cl\/index.php?rest_route=%2Fwp%2Fv2%2Fcategories&post=27540"},{"taxonomy":"post_tag","embeddable":true,"href":"https:\/\/radiorevelacionfm.cl\/index.php?rest_route=%2Fwp%2Fv2%2Ftags&post=27540"}],"curies":[{"name":"wp","href":"https:\/\/api.w.org\/{rel}","templated":true}]}}