{"id":2754,"date":"2021-02-18T09:34:14","date_gmt":"2021-02-18T12:34:14","guid":{"rendered":"https:\/\/radiorevelacionfm.cl\/?p=2754"},"modified":"2021-02-18T09:34:14","modified_gmt":"2021-02-18T12:34:14","slug":"bienes-nacionales-confirma-gestiones-de-terreno-para-que-lago-verde-siga-proyectando-su-crecimiento","status":"publish","type":"post","link":"https:\/\/radiorevelacionfm.cl\/?p=2754","title":{"rendered":"Bienes Nacionales confirma gestiones de terreno para que Lago Verde siga proyectando su crecimiento"},"content":{"rendered":"<div class=\"flex_column av_one_full  flex_column_div av-zero-column-padding first  avia-builder-el-0  el_before_av_one_full  avia-builder-el-first  \" style='border-radius:0px; '><div  class='avia-image-container  av-styling-    avia-builder-el-1  avia-builder-el-no-sibling  avia-align-center '  itemprop=\"image\" itemscope=\"itemscope\" itemtype=\"https:\/\/schema.org\/ImageObject\"  ><div class='avia-image-container-inner'><div class='avia-image-overlay-wrap'><img decoding=\"async\" class='wp-image-0 avia-img-lazy-loading-not-0 avia_image' src=\"https:\/\/radiorevelacionfm.cl\/wp-content\/uploads\/2021\/02\/reunion-bbnn-2-1.jpeg\" alt='' title=''   itemprop=\"thumbnailUrl\"  \/><\/div><\/div><\/div><\/div><div class=\"flex_column av_one_full  flex_column_div av-zero-column-padding first  avia-builder-el-2  el_after_av_one_full  el_before_av_one_full  column-top-margin\" style='border-radius:0px; '><section class=\"av_textblock_section \"  itemscope=\"itemscope\" itemtype=\"https:\/\/schema.org\/BlogPosting\" itemprop=\"blogPost\" ><div class='avia_textblock  '   itemprop=\"text\" ><p style=\"text-align: center;\"><strong><span style=\"font-size: 18pt;\">Bienes Nacionales confirma gestiones de terreno para que Lago Verde siga proyectando su crecimiento<\/span><\/strong><\/p>\n<div id=\"gtx-trans\" style=\"position: absolute; left: -50px; top: 4.31534px;\">\n<div class=\"gtx-trans-icon\"><\/div>\n<\/div>\n<\/div><\/section><\/div><div class=\"flex_column av_one_full  flex_column_div av-zero-column-padding first  avia-builder-el-4  el_after_av_one_full  el_before_av_hr  column-top-margin\" style='border-radius:0px; '><section class=\"av_textblock_section \"  itemscope=\"itemscope\" itemtype=\"https:\/\/schema.org\/BlogPosting\" itemprop=\"blogPost\" ><div class='avia_textblock  '   itemprop=\"text\" ><p style=\"text-align: justify;\"><em>En un terreno fiscal de 21 hect\u00e1reas se pretenden levantar soluciones habitacionales, emprendimientos productivos y un parque costumbrista que incorpora, entre otras cosas, una cancha de carreras a la chilena. La Seremi se comprometi\u00f3 a acelerar las gestiones junto al Alcalde Nelson Opazo, en beneficio de la comunidad de Lago Verde.<\/em><\/p>\n<p style=\"text-align: justify;\">Hasta Lago Verde se traslad\u00f3 la Seremi de Bienes Nacionales, Ana Mar\u00eda Mora, quien fue citada por el Alcalde Nelson Opazo a una reuni\u00f3n de trabajo, con miras a seguir proyectando el crecimiento de la comuna, pensando en el futuro de la cabecera comunal, como un polo de desarrollo en materias como las viviendas sociales, emprendimientos productivos y para la distracci\u00f3n de esta zona netamente de gente de campo, a trav\u00e9s de la construcci\u00f3n de un parque costumbrista, que incluir\u00eda, entre otras cosas, una cancha de carreras a la chilena.<\/p>\n<p style=\"text-align: justify;\">Para concretar estos sue\u00f1os que vienen de la comunidad y que el Alcalde ha recogido en su permanente trabajo en los distintos puntos del territorio, se requiere contar con un terreno fiscal de 21 hect\u00e1reas. Por ello, la m\u00e1xima autoridad de la comuna de Lago Verde, puso en valor la importante reuni\u00f3n con la representante del Ministerio de Bienes Nacionales en la regi\u00f3n.<\/p>\n<p style=\"text-align: justify;\">\u201cAgradecemos la presencia en la comuna de nuestra Seremi de Bienes Nacionales, Ana Mar\u00eda Mora, con quien hemos tenido una jornada muy productiva que yo creo que nos va a dar frutos muy positivos para muchas familias del territorio, en los \u00e1mbitos que involucran regularizaci\u00f3n definitiva y puesta en uso para la comunidad de Lago Verde de estas m\u00e1s de 21 hect\u00e1reas. As\u00ed es que, queremos reiterar nuestro agradecimiento a la Seremi de Bienes Nacionales por su presencia en la zona, agradecer las gestiones que ya ha realizado permanentemente antes en la Seremi de Vivienda donde pudimos trabajar en otros \u00e1mbitos y en esta labor no me cabe duda que vamos a tener resultados tan auspiciosos, como los que tuvimos en su anterior gesti\u00f3n\u201d.<\/p>\n<p style=\"text-align: justify;\">Por su parte, la Seremi de Bienes Nacionales, Ana Mar\u00eda Mora, se\u00f1al\u00f3 que a raz\u00f3n de la importancia en los temas planteados por el Alcalde Opazo, inmediatamente decidi\u00f3 concurrir hasta la comuna de Lago Verde y as\u00ed cumplir los lineamientos del Gobierno y del Ministro Julio Isamit de estar en terreno.<\/p>\n<p style=\"text-align: justify;\">\u201cY tal como nos dice nuestro Ministro Julio Isamit, hay que estar en terreno donde est\u00e1n los temas y aqu\u00ed estamos junto al Alcalde. Vamos a volver, Dios mediante, durante la primera semana de marzo por el replanteo de este lote, que hay un preliminar que trabajaremos con el equipo de la Municipalidad de Lago Verde y con el equipo nuestro lo vamos a afinar, de tal manera de optimar lo m\u00e1s posible estos terrenos. Porque la idea es cumplir las grandes expectativas que se tienen como un parque costumbrista que incluya una cancha de carreras a la chilena, \u00a0los terrenos para las viviendas Serviu, terrenos para los emprendimientos productivos, que es muy importante para la reactivaci\u00f3n econ\u00f3mica que el Gobierno se ha empe\u00f1ado en activar en las diferentes regiones y Lago Verde es una de las comunas m\u00e1s lejanas, pero no por eso menos importante\u201d.<\/p>\n<p style=\"text-align: justify;\">Con estas gestiones y futuras iniciativas la administraci\u00f3n que lidera el Alcalde Nelson Opazo, busca reactivar la econom\u00eda, pensando tambi\u00e9n en el bienestar social de muchas familias y en seguir rescatando espacios para la comunidad.<\/p>\n<\/div><\/section><\/div><div  style='height:50px' class='hr hr-invisible   avia-builder-el-6  el_after_av_one_full  el_before_av_social_share '><span class='hr-inner ' ><span class='hr-inner-style'><\/span><\/span><\/div><\/p>\n<div  class='av-social-sharing-box  avia-builder-el-7  el_after_av_hr  el_before_av_hr  '><div class='av-share-box'><h5 class='av-share-link-description av-no-toc '>Compartir esta noticia<\/h5><ul class='av-share-box-list noLightbox'><li class='av-share-link av-social-link-facebook' ><a target=\"_blank\" aria-label=\"Compartir en Facebook\" href='https:\/\/www.facebook.com\/sharer.php?u=https:\/\/radiorevelacionfm.cl\/?p=2754&#038;t=Bienes%20Nacionales%20confirma%20gestiones%20de%20terreno%20para%20que%20Lago%20Verde%20siga%20proyectando%20su%20crecimiento' aria-hidden='false' data-av_icon='\ue8f3' data-av_iconfont='entypo-fontello' title='' data-avia-related-tooltip='Compartir en Facebook' rel=\"noopener\"><span class='avia_hidden_link_text'>Compartir en Facebook<\/span><\/a><\/li><li class='av-share-link av-social-link-twitter' ><a target=\"_blank\" aria-label=\"Compartir en Twitter\" href='https:\/\/twitter.com\/share?text=Bienes%20Nacionales%20confirma%20gestiones%20de%20terreno%20para%20que%20Lago%20Verde%20siga%20proyectando%20su%20crecimiento&#038;url=https:\/\/radiorevelacionfm.cl\/?p=2754' aria-hidden='false' data-av_icon='\ue8f1' data-av_iconfont='entypo-fontello' title='' data-avia-related-tooltip='Compartir en Twitter' rel=\"noopener\"><span class='avia_hidden_link_text'>Compartir en Twitter<\/span><\/a><\/li><li class='av-share-link av-social-link-whatsapp' ><a target=\"_blank\" aria-label=\"Compartir en Whatsapp\" href='https:\/\/api.whatsapp.com\/send?text=https:\/\/radiorevelacionfm.cl\/?p=2754' aria-hidden='false' data-av_icon='\uf232' data-av_iconfont='entypo-fontello' title='' data-avia-related-tooltip='Compartir en Whatsapp' rel=\"noopener\"><span class='avia_hidden_link_text'>Compartir en Whatsapp<\/span><\/a><\/li><li class='av-share-link av-social-link-linkedin' ><a target=\"_blank\" aria-label=\"Compartir en LinkedIn\" href='https:\/\/linkedin.com\/shareArticle?mini=true&#038;title=Bienes%20Nacionales%20confirma%20gestiones%20de%20terreno%20para%20que%20Lago%20Verde%20siga%20proyectando%20su%20crecimiento&#038;url=https:\/\/radiorevelacionfm.cl\/?p=2754' aria-hidden='false' data-av_icon='\ue8fc' data-av_iconfont='entypo-fontello' title='' data-avia-related-tooltip='Compartir en LinkedIn' rel=\"noopener\"><span class='avia_hidden_link_text'>Compartir en LinkedIn<\/span><\/a><\/li><li class='av-share-link av-social-link-mail' ><a  aria-label=\"Compartir por correo\" href='mailto:?subject=Bienes%20Nacionales%20confirma%20gestiones%20de%20terreno%20para%20que%20Lago%20Verde%20siga%20proyectando%20su%20crecimiento&#038;body=https:\/\/radiorevelacionfm.cl\/?p=2754' aria-hidden='false' data-av_icon='\ue805' data-av_iconfont='entypo-fontello' title='' data-avia-related-tooltip='Compartir por correo'><span class='avia_hidden_link_text'>Compartir por correo<\/span><\/a><\/li><\/ul><\/div><\/div>\n<div  style='height:50px' class='hr hr-invisible   avia-builder-el-8  el_after_av_social_share  el_before_av_comments_list '><span class='hr-inner ' ><span class='hr-inner-style'><\/span><\/span><\/div>\n<div  class='av-buildercomment  av-blog-meta-html-info-disabled av-blog-meta-tag-disabled  '><\/div>\n","protected":false},"excerpt":{"rendered":"","protected":false},"author":1,"featured_media":0,"comment_status":"open","ping_status":"open","sticky":false,"template":"","format":"standard","meta":{"footnotes":""},"categories":[1],"tags":[],"class_list":["post-2754","post","type-post","status-publish","format-standard","hentry","category-sin-categoria"],"jetpack_featured_media_url":"","_links":{"self":[{"href":"https:\/\/radiorevelacionfm.cl\/index.php?rest_route=\/wp\/v2\/posts\/2754","targetHints":{"allow":["GET"]}}],"collection":[{"href":"https:\/\/radiorevelacionfm.cl\/index.php?rest_route=\/wp\/v2\/posts"}],"about":[{"href":"https:\/\/radiorevelacionfm.cl\/index.php?rest_route=\/wp\/v2\/types\/post"}],"author":[{"embeddable":true,"href":"https:\/\/radiorevelacionfm.cl\/index.php?rest_route=\/wp\/v2\/users\/1"}],"replies":[{"embeddable":true,"href":"https:\/\/radiorevelacionfm.cl\/index.php?rest_route=%2Fwp%2Fv2%2Fcomments&post=2754"}],"version-history":[{"count":1,"href":"https:\/\/radiorevelacionfm.cl\/index.php?rest_route=\/wp\/v2\/posts\/2754\/revisions"}],"predecessor-version":[{"id":2756,"href":"https:\/\/radiorevelacionfm.cl\/index.php?rest_route=\/wp\/v2\/posts\/2754\/revisions\/2756"}],"wp:attachment":[{"href":"https:\/\/radiorevelacionfm.cl\/index.php?rest_route=%2Fwp%2Fv2%2Fmedia&parent=2754"}],"wp:term":[{"taxonomy":"category","embeddable":true,"href":"https:\/\/radiorevelacionfm.cl\/index.php?rest_route=%2Fwp%2Fv2%2Fcategories&post=2754"},{"taxonomy":"post_tag","embeddable":true,"href":"https:\/\/radiorevelacionfm.cl\/index.php?rest_route=%2Fwp%2Fv2%2Ftags&post=2754"}],"curies":[{"name":"wp","href":"https:\/\/api.w.org\/{rel}","templated":true}]}}