{"id":27537,"date":"2023-02-07T11:57:48","date_gmt":"2023-02-07T14:57:48","guid":{"rendered":"https:\/\/radiorevelacionfm.cl\/?p=27537"},"modified":"2023-02-07T11:57:48","modified_gmt":"2023-02-07T14:57:48","slug":"invitan-a-sostenedores-municipales-a-postular-proyectos-de-conservacion-de-infraestructura-de-la-direccion-de-educacion-publica","status":"publish","type":"post","link":"https:\/\/radiorevelacionfm.cl\/?p=27537","title":{"rendered":"Invitan a sostenedores municipales a postular proyectos de conservaci\u00f3n de infraestructura de la Direcci\u00f3n de Educaci\u00f3n P\u00fablica"},"content":{"rendered":"<div class=\"flex_column av_one_full  flex_column_div av-zero-column-padding first  avia-builder-el-0  el_before_av_one_full  avia-builder-el-first  \" style='border-radius:0px; '><div  class='avia-image-container  av-styling-    avia-builder-el-1  avia-builder-el-no-sibling  avia-align-center '  itemprop=\"image\" itemscope=\"itemscope\" itemtype=\"https:\/\/schema.org\/ImageObject\"  ><div class='avia-image-container-inner'><div class='avia-image-overlay-wrap'><img decoding=\"async\" class='wp-image-27538 avia-img-lazy-loading-not-27538 avia_image' src=\"https:\/\/radiorevelacionfm.cl\/wp-content\/uploads\/2023\/02\/tortel-1-1_optimized.jpg\" alt='' title='tortel-1-(1)_optimized' height=\"600\" width=\"798\"  itemprop=\"thumbnailUrl\" srcset=\"https:\/\/radiorevelacionfm.cl\/wp-content\/uploads\/2023\/02\/tortel-1-1_optimized.jpg 798w, https:\/\/radiorevelacionfm.cl\/wp-content\/uploads\/2023\/02\/tortel-1-1_optimized-300x226.jpg 300w, https:\/\/radiorevelacionfm.cl\/wp-content\/uploads\/2023\/02\/tortel-1-1_optimized-768x577.jpg 768w, https:\/\/radiorevelacionfm.cl\/wp-content\/uploads\/2023\/02\/tortel-1-1_optimized-705x530.jpg 705w, https:\/\/radiorevelacionfm.cl\/wp-content\/uploads\/2023\/02\/tortel-1-1_optimized-600x451.jpg 600w\" sizes=\"(max-width: 798px) 100vw, 798px\" \/><\/div><\/div><\/div><\/div><div class=\"flex_column av_one_full  flex_column_div av-zero-column-padding first  avia-builder-el-2  el_after_av_one_full  el_before_av_one_full  column-top-margin\" style='border-radius:0px; '><section class=\"av_textblock_section \"  itemscope=\"itemscope\" itemtype=\"https:\/\/schema.org\/BlogPosting\" itemprop=\"blogPost\" ><div class='avia_textblock  '   itemprop=\"text\" ><p style=\"text-align: center;\"><strong><span style=\"font-size: 18pt;\">Invitan a sostenedores municipales a postular proyectos de conservaci\u00f3n de infraestructura de la Direcci\u00f3n de Educaci\u00f3n P\u00fablica<\/span><\/strong><\/p>\n<div id=\"gtx-trans\" style=\"position: absolute; left: -50px; top: 4.31534px;\">\n<div class=\"gtx-trans-icon\"><\/div>\n<\/div>\n<\/div><\/section><\/div><div class=\"flex_column av_one_full  flex_column_div av-zero-column-padding first  avia-builder-el-4  el_after_av_one_full  el_before_av_hr  column-top-margin\" style='border-radius:0px; '><section class=\"av_textblock_section \"  itemscope=\"itemscope\" itemtype=\"https:\/\/schema.org\/BlogPosting\" itemprop=\"blogPost\" ><div class='avia_textblock  '   itemprop=\"text\" ><p style=\"text-align: justify;\">Este jueves 2 de febrero la Seremi de Educaci\u00f3n, Isabel Garrido Casassa, junto al equipo de infraestructura de la SECREDUC y el equipo del Servicio Local de Educaci\u00f3n P\u00fablica SLEP Ays\u00e9n, se reunieron con el alcalde de la comuna de Tortel, Abel Becerra, para realizar la \u00abPresentaci\u00f3n de la convocatoria 2023 de la Direcci\u00f3n de Educaci\u00f3n P\u00fablica (DEP) para proyectos de conservaci\u00f3n de infraestructura correspondientes a establecimientos municipales.<br \/>\nAdem\u00e1s visitaron las dependencias del Jard\u00edn Ciruelillo en Flor y se reunieron con representantes de la comunidad escolar para presentar orientaci\u00f3n t\u00e9cnica respecto al inmueble; adem\u00e1s, verificaron en terreno, el nivel de avance de las Intervenciones a la Escuela Comandante Luis Bravo que se adjudic\u00f3 un proyecto de emergencia en el marco del Plan de Reactivaci\u00f3n Educativa \u00bb Seamos Comunidad\u00bb. Los arreglos planificados son: reposici\u00f3n de pasarelas, tabiquer\u00edas y cielos por un monto de $30.025.905.<\/p>\n<p style=\"text-align: justify;\">El Alcalde Abel Becerra expres\u00f3 su satisfacci\u00f3n por el aporte del ministerio de educaci\u00f3n a su comuna y valor\u00f3 la visita de la seremi. \u00abNo es f\u00e1cil trasladarse ac\u00e1 y la seremi lo ha hecho con su equipo t\u00e9cnico. Es importante que las pol\u00edticas p\u00fablicas se generen desde los territorios. Contamos con el compromiso de la autoridad regional para entregar nuestros colegios a la administraci\u00f3n del Servicio Local de Educaci\u00f3n P\u00fablica en buen estado para la educaci\u00f3n de nuestros hijos e hijas. Con los recursos aportados por la presente administraci\u00f3n de gobierno como comuna hemos priorizado abordar necesidades del jard\u00edn infantil y \u00a0sala cuna y de nuestra escuela para hacerlo lo m\u00e1s confortable para nuestros ni\u00f1os y estudiantes\u00bb.<\/p>\n<p style=\"text-align: justify;\">Por su parte, la seremi Isabel Garrido, destac\u00f3 que \u00aben la regi\u00f3n de Ays\u00e9n hay seis establecimientos beneficiados con el Fondo de Conservaci\u00f3n de Emergencia Seamos Comunidad del a\u00f1o 2022, uno de los cuales es la Escuela Comandante Luis Bravo de Tortel que permitir\u00e1 reparar las pasarelas de acceso al establecimiento entre otras intervenciones que aporten a la reactivaci\u00f3n educativa\u00bb.<\/p>\n<p style=\"text-align: justify;\">En esa misma \u00a0l\u00ednea se inform\u00f3 que la Convocatoria de Proyectos de Conservaci\u00f3n de Infraestructura 2023 de la Direcci\u00f3n de Educaci\u00f3n P\u00fablica dispone de $100 mil millones para que los sostenedores de establecimientos educacionales p\u00fablicos realicen mejoras en los inmuebles.<\/p>\n<p style=\"text-align: justify;\">Al invitar a los 10 municipios de Ays\u00e9n a postular a esta convocatoria la seremi Isabel Garrido se\u00f1al\u00f3 que \u00abdesde que asumimos el Gobierno, hemos puesto urgencia a la recuperaci\u00f3n de la educaci\u00f3n p\u00fablica, a trav\u00e9s de nuestro Plan de Reactivaci\u00f3n Educativa, y una de las prioridades para ello ha sido la infraestructura de los establecimientos educacionales. Para que ni\u00f1os y ni\u00f1as puedan aprender, es necesario que tengan las condiciones para ello. Por eso, hoy estamos presentando esta Convocatoria de Proyectos de Conservaci\u00f3n de Infraestructura, que busca que las escuelas sean espacios de aprendizaje, convivencia, cuidado y respeto, y que entreguen seguridad a las madres y padres\u00bb.<br \/>\nLa titular de educaci\u00f3n en la regi\u00f3n, sostuvo reuniones informativas sobre este fondo en Cochrane con el Alcalde Jorge Calder\u00f3n N\u00fa\u00f1ez y en Coyhaique con el Alcalde de Lago Verde Nelson Opazo L\u00f3pez. Pr\u00f3ximamente el equipo Secreduc se desplegar\u00e1 en terreno para presentar los detalles a los dem\u00e1s municipios.<\/p>\n<p><b>Proyectos de Conservaci\u00f3n de Infraestructura 2023<\/b><\/p>\n<p style=\"text-align: justify;\">Los recursos, que son parte del presupuesto de la\u00a0Direcci\u00f3n de Educaci\u00f3n P\u00fablica (DEP),\u00a0ser\u00e1n entregados seg\u00fan cuatro l\u00edneas de financiamiento, una de las cuales es totalmente nueva, destinada a los sostenedores que traspasar\u00e1n prontamente sus establecimientos a los SLEP creados el a\u00f1o pasado. Las cuatro l\u00edneas son:<br \/>\n1.L\u00ednea regional:\u00a0para escuelas y liceos municipales.<br \/>\n2.L\u00ednea SAD:\u00a0para establecimientos de administraci\u00f3n delegada.<br \/>\n3.L\u00ednea diferenciada: para jardines v\u00eda transferencia de fondos (VTF), escuelas especiales, centros de educaci\u00f3n de adultos, aulas hospitalarias y escuelas c\u00e1rcel.<br \/>\n4.L\u00ednea de anticipaci\u00f3n:\u00a0para los establecimientos que en 2024 ser\u00e1n traspasados a los seis Servicios Locales de Educaci\u00f3n P\u00fablica (SLEP) creados en 2022\u00a0de Ays\u00e9n, Iquique, Licancabur, Magallanes, Maule Costa y Punilla Cordillera).<\/p>\n<p style=\"text-align: justify;\">Esta convocatoria para la reparaci\u00f3n de la infraestructura se suma a los recursos del fondo de infraestructura de emergencia que dispuso el Mineduc para realizar reparaciones urgentes en los establecimientos, que el a\u00f1o pasado asign\u00f3 $50.395 millones a 454 establecimientos, y que este a\u00f1o dispone de $85 mil millones, los que son parte del Plan de Reactivaci\u00f3n Educativa.<\/p>\n<p style=\"text-align: justify;\">La convocatoria pondr\u00e1 \u00e9nfasis en la ruralidad, consider\u00e1ndola como un criterio de evaluaci\u00f3n para la priorizaci\u00f3n de las iniciativas, junto al deterioro, la matr\u00edcula y la vulnerabilidad de sus estudiantes. El plazo para que los sostenedores presenten sus proyectos es hasta el 17 de abril, a trav\u00e9s del sitio\u00a0<a href=\"http:\/\/www.inframineducenlinea.cl\/\" target=\"_blank\" rel=\"noopener noreferrer\">www.inframineducenlinea.cl<\/a>, y los interesados pueden buscar m\u00e1s informaci\u00f3n en su respectiva Seremi de Educaci\u00f3n y en el sitio\u00a0<a href=\"http:\/\/educacionpublica.cl\/\" target=\"_blank\" rel=\"noopener noreferrer\">educacionpublica.cl<\/a><\/p>\n<div style=\"text-align: justify;\"><\/div>\n<\/div><\/section><\/div><div  style='height:50px' class='hr hr-invisible   avia-builder-el-6  el_after_av_one_full  el_before_av_social_share '><span class='hr-inner ' ><span class='hr-inner-style'><\/span><\/span><\/div><\/p>\n<div  class='av-social-sharing-box  avia-builder-el-7  el_after_av_hr  el_before_av_hr  '><div class='av-share-box'><h5 class='av-share-link-description av-no-toc '>Compartir esta noticia<\/h5><ul class='av-share-box-list noLightbox'><li class='av-share-link av-social-link-facebook' ><a target=\"_blank\" aria-label=\"Compartir en Facebook\" href='https:\/\/www.facebook.com\/sharer.php?u=https:\/\/radiorevelacionfm.cl\/?p=27537&#038;t=Invitan%20a%20sostenedores%20municipales%20a%20postular%20proyectos%20de%20conservaci%C3%B3n%20de%20infraestructura%20de%20la%20Direcci%C3%B3n%20de%20Educaci%C3%B3n%20P%C3%BAblica' aria-hidden='false' data-av_icon='\ue8f3' data-av_iconfont='entypo-fontello' title='' data-avia-related-tooltip='Compartir en Facebook' rel=\"noopener\"><span class='avia_hidden_link_text'>Compartir en Facebook<\/span><\/a><\/li><li class='av-share-link av-social-link-twitter' ><a target=\"_blank\" aria-label=\"Compartir en Twitter\" href='https:\/\/twitter.com\/share?text=Invitan%20a%20sostenedores%20municipales%20a%20postular%20proyectos%20de%20conservaci%C3%B3n%20de%20infraestructura%20de%20la%20Direcci%C3%B3n%20de%20Educaci%C3%B3n%20P%C3%BAblica&#038;url=https:\/\/radiorevelacionfm.cl\/?p=27537' aria-hidden='false' data-av_icon='\ue8f1' data-av_iconfont='entypo-fontello' title='' data-avia-related-tooltip='Compartir en Twitter' rel=\"noopener\"><span class='avia_hidden_link_text'>Compartir en Twitter<\/span><\/a><\/li><li class='av-share-link av-social-link-whatsapp' ><a target=\"_blank\" aria-label=\"Compartir en Whatsapp\" href='https:\/\/api.whatsapp.com\/send?text=https:\/\/radiorevelacionfm.cl\/?p=27537' aria-hidden='false' data-av_icon='\uf232' data-av_iconfont='entypo-fontello' title='' data-avia-related-tooltip='Compartir en Whatsapp' rel=\"noopener\"><span class='avia_hidden_link_text'>Compartir en Whatsapp<\/span><\/a><\/li><li class='av-share-link av-social-link-linkedin' ><a target=\"_blank\" aria-label=\"Compartir en LinkedIn\" href='https:\/\/linkedin.com\/shareArticle?mini=true&#038;title=Invitan%20a%20sostenedores%20municipales%20a%20postular%20proyectos%20de%20conservaci%C3%B3n%20de%20infraestructura%20de%20la%20Direcci%C3%B3n%20de%20Educaci%C3%B3n%20P%C3%BAblica&#038;url=https:\/\/radiorevelacionfm.cl\/?p=27537' aria-hidden='false' data-av_icon='\ue8fc' data-av_iconfont='entypo-fontello' title='' data-avia-related-tooltip='Compartir en LinkedIn' rel=\"noopener\"><span class='avia_hidden_link_text'>Compartir en LinkedIn<\/span><\/a><\/li><li class='av-share-link av-social-link-mail' ><a  aria-label=\"Compartir por correo\" href='mailto:?subject=Invitan%20a%20sostenedores%20municipales%20a%20postular%20proyectos%20de%20conservaci%C3%B3n%20de%20infraestructura%20de%20la%20Direcci%C3%B3n%20de%20Educaci%C3%B3n%20P%C3%BAblica&#038;body=https:\/\/radiorevelacionfm.cl\/?p=27537' aria-hidden='false' data-av_icon='\ue805' data-av_iconfont='entypo-fontello' title='' data-avia-related-tooltip='Compartir por correo'><span class='avia_hidden_link_text'>Compartir por correo<\/span><\/a><\/li><\/ul><\/div><\/div>\n<div  style='height:50px' class='hr hr-invisible   avia-builder-el-8  el_after_av_social_share  el_before_av_comments_list '><span class='hr-inner ' ><span class='hr-inner-style'><\/span><\/span><\/div>\n<div  class='av-buildercomment  av-blog-meta-html-info-disabled av-blog-meta-tag-disabled  '><\/div>\n","protected":false},"excerpt":{"rendered":"","protected":false},"author":1,"featured_media":27538,"comment_status":"open","ping_status":"open","sticky":false,"template":"","format":"standard","meta":{"footnotes":""},"categories":[49],"tags":[],"class_list":["post-27537","post","type-post","status-publish","format-standard","has-post-thumbnail","hentry","category-educacion"],"jetpack_featured_media_url":"https:\/\/radiorevelacionfm.cl\/wp-content\/uploads\/2023\/02\/tortel-1-1_optimized.jpg","_links":{"self":[{"href":"https:\/\/radiorevelacionfm.cl\/index.php?rest_route=\/wp\/v2\/posts\/27537","targetHints":{"allow":["GET"]}}],"collection":[{"href":"https:\/\/radiorevelacionfm.cl\/index.php?rest_route=\/wp\/v2\/posts"}],"about":[{"href":"https:\/\/radiorevelacionfm.cl\/index.php?rest_route=\/wp\/v2\/types\/post"}],"author":[{"embeddable":true,"href":"https:\/\/radiorevelacionfm.cl\/index.php?rest_route=\/wp\/v2\/users\/1"}],"replies":[{"embeddable":true,"href":"https:\/\/radiorevelacionfm.cl\/index.php?rest_route=%2Fwp%2Fv2%2Fcomments&post=27537"}],"version-history":[{"count":2,"href":"https:\/\/radiorevelacionfm.cl\/index.php?rest_route=\/wp\/v2\/posts\/27537\/revisions"}],"predecessor-version":[{"id":27562,"href":"https:\/\/radiorevelacionfm.cl\/index.php?rest_route=\/wp\/v2\/posts\/27537\/revisions\/27562"}],"wp:featuredmedia":[{"embeddable":true,"href":"https:\/\/radiorevelacionfm.cl\/index.php?rest_route=\/wp\/v2\/media\/27538"}],"wp:attachment":[{"href":"https:\/\/radiorevelacionfm.cl\/index.php?rest_route=%2Fwp%2Fv2%2Fmedia&parent=27537"}],"wp:term":[{"taxonomy":"category","embeddable":true,"href":"https:\/\/radiorevelacionfm.cl\/index.php?rest_route=%2Fwp%2Fv2%2Fcategories&post=27537"},{"taxonomy":"post_tag","embeddable":true,"href":"https:\/\/radiorevelacionfm.cl\/index.php?rest_route=%2Fwp%2Fv2%2Ftags&post=27537"}],"curies":[{"name":"wp","href":"https:\/\/api.w.org\/{rel}","templated":true}]}}