{"id":27531,"date":"2023-02-06T18:55:02","date_gmt":"2023-02-06T21:55:02","guid":{"rendered":"https:\/\/radiorevelacionfm.cl\/?p=27531"},"modified":"2023-02-06T19:04:28","modified_gmt":"2023-02-06T22:04:28","slug":"gobierno-regional-reafirma-compromiso-con-el-deporte-tras-exitoso-campeonato-nacional-de-la-fenfur-en-aysen","status":"publish","type":"post","link":"https:\/\/radiorevelacionfm.cl\/?p=27531","title":{"rendered":"Gobierno Regional reafirma compromiso con el deporte tras exitoso campeonato nacional de la FENFUR en Ays\u00e9n"},"content":{"rendered":"<div class=\"flex_column av_one_full  flex_column_div av-zero-column-padding first  avia-builder-el-0  el_before_av_one_full  avia-builder-el-first  \" style='border-radius:0px; '><div  class='avia-image-container  av-styling-    avia-builder-el-1  avia-builder-el-no-sibling  avia-align-center '  itemprop=\"image\" itemscope=\"itemscope\" itemtype=\"https:\/\/schema.org\/ImageObject\"  ><div class='avia-image-container-inner'><div class='avia-image-overlay-wrap'><img decoding=\"async\" class='wp-image-27535 avia-img-lazy-loading-not-27535 avia_image' src=\"https:\/\/radiorevelacionfm.cl\/wp-content\/uploads\/2023\/02\/foto-fenfur-3-1-1.jpeg\" alt='' title='foto fenfur 3 (1) (1)' height=\"600\" width=\"900\"  itemprop=\"thumbnailUrl\" srcset=\"https:\/\/radiorevelacionfm.cl\/wp-content\/uploads\/2023\/02\/foto-fenfur-3-1-1.jpeg 900w, https:\/\/radiorevelacionfm.cl\/wp-content\/uploads\/2023\/02\/foto-fenfur-3-1-1-300x200.jpeg 300w, https:\/\/radiorevelacionfm.cl\/wp-content\/uploads\/2023\/02\/foto-fenfur-3-1-1-768x512.jpeg 768w, https:\/\/radiorevelacionfm.cl\/wp-content\/uploads\/2023\/02\/foto-fenfur-3-1-1-705x470.jpeg 705w, https:\/\/radiorevelacionfm.cl\/wp-content\/uploads\/2023\/02\/foto-fenfur-3-1-1-600x400.jpeg 600w\" sizes=\"(max-width: 900px) 100vw, 900px\" \/><\/div><\/div><\/div><\/div><div class=\"flex_column av_one_full  flex_column_div av-zero-column-padding first  avia-builder-el-2  el_after_av_one_full  el_before_av_one_full  column-top-margin\" style='border-radius:0px; '><section class=\"av_textblock_section \"  itemscope=\"itemscope\" itemtype=\"https:\/\/schema.org\/BlogPosting\" itemprop=\"blogPost\" ><div class='avia_textblock  '   itemprop=\"text\" ><p style=\"text-align: center;\"><strong><span style=\"font-size: 18pt;\">Gobierno Regional reafirma compromiso con el deporte tras exitoso campeonato nacional de la FENFUR en Ays\u00e9n<\/span><\/strong><\/p>\n<div id=\"gtx-trans\" style=\"position: absolute; left: -50px; top: 4.31534px;\">\n<div class=\"gtx-trans-icon\"><\/div>\n<\/div>\n<\/div><\/section><\/div><\/p>\n<div class=\"flex_column av_one_full  flex_column_div av-zero-column-padding first  avia-builder-el-4  el_after_av_one_full  el_before_av_hr  column-top-margin\" style='border-radius:0px; '><section class=\"av_textblock_section \"  itemscope=\"itemscope\" itemtype=\"https:\/\/schema.org\/BlogPosting\" itemprop=\"blogPost\" ><div class='avia_textblock  '   itemprop=\"text\" ><p dir=\"ltr\" style=\"text-align: justify;\">Este domingo se llev\u00f3 a cabo la final y la ceremonia de premiaci\u00f3n del Campeonato Nacional Federaci\u00f3n Nacional de F\u00fatbol Rural (FENFUR) Regi\u00f3n de Ays\u00e9n 2023, donde el equipo de la comuna de Pelarco, el Club El Arrozal, logr\u00f3 coronarse como campe\u00f3n del f\u00fatbol rural chileno tras derrotar a Deportes Lagunillas, de la ciudad de Ovalle, en el \u00faltimo partido por 3 goles a 1.<\/p>\n<p dir=\"ltr\" style=\"text-align: justify;\">Esta nueva edici\u00f3n del campeonato de la FENFUR, que se llev\u00f3 a cabo en los estadios de cuatro comunas de Ays\u00e9n (Coyhaique, R\u00edo Ib\u00e1\u00f1ez, Cisnes y Cochrane), tuvo el apoyo del Gobierno Regional y su Consejo, a trav\u00e9s del 7% del Fondo Nacional de Desarrollo Regional (FNDR) con un monto de m\u00e1s de 30 millones de pesos entregados v\u00eda transferencia directa.<\/p>\n<p dir=\"ltr\" style=\"text-align: justify;\">\u00abReafirmamos el compromiso de nuestra Gobernadora Regional, Andrea Mac\u00edas Palma, para poder incentivar el deporte, tanto competitivo como recreativo, en la Regi\u00f3n de Ays\u00e9n. Estamos muy contentos de poder desarrollar esta actividad y seguir cumpliendo sue\u00f1os para la regi\u00f3n y tambi\u00e9n asociados al deporte\u00bb, enfatiz\u00f3 el jefe de la Divisi\u00f3n de Planificaci\u00f3n y Desarrollo Regional (DIPLADE) del Gobierno Regional, Francisco Lara.<\/p>\n<p dir=\"ltr\" style=\"text-align: justify;\">Para la cita futbolera, que se desarroll\u00f3 en diferentes estadios de la regi\u00f3n durante una semana, llegaron hasta la Patagonia veinte delegaciones de f\u00fatbol rural de distintos lugares del pa\u00eds, con equipos provenientes desde la ciudad de Calama hasta la localidad de Cochrane.<\/p>\n<p dir=\"ltr\" style=\"text-align: justify;\">\u00abPrimero, agradecer sinceramente a nuestra Gobernadora, Andrea Mac\u00edas, porque este es un sue\u00f1o, un sue\u00f1o patag\u00f3n, de los deportistas de la regi\u00f3n (&#8230;) nosotros queremos descentralizar el f\u00fatbol, y por lo mismo solicitamos a la directiva nacional, que est\u00e1 en el norte, que este nacional se realizara aqu\u00ed en la regi\u00f3n. Creo que la descentralizaci\u00f3n es fundamental para todo \u00e1mbito, pero en especial en el deporte\u00bb, sostuvo el presidente de FENFUR Ays\u00e9n, Francisco Rubilar.<\/p>\n<p dir=\"ltr\" style=\"text-align: justify;\">Tras varios encuentros electrizantes, el equipo que recibi\u00f3 la copa del primer lugar, entregada por el representante de la Gobernadora Regional, el jefe de la DIPLADE, Francisco Lara, fue el Club El Arrozal de la comuna de Pelarco, ubicada en la s\u00e9ptima regi\u00f3n. Su capit\u00e1n, Camilo Pardo, coment\u00f3 que este triunfo es un gran orgullo y una motivaci\u00f3n para quienes quieran surgir en este deporte, no s\u00f3lo en su localidad sino en el f\u00fatbol rural a nivel pa\u00eds, que congrega todos los fines de semana a miles de chilenos y chilenas.<\/p>\n<p dir=\"ltr\" style=\"text-align: justify;\">\u00abHicimos un esfuerzo muy grande, viajamos muchas horas. Se nos not\u00f3 el cansancio ya despu\u00e9s en los \u00faltimos partidos, pero a\u00fan as\u00ed seguimos corriendo y seguimos meti\u00e9ndole, porque somos un grupo que ten\u00eda ganas de ganar, que era lo importante. Era la idea que tra\u00edamos, porque sab\u00edamos la calidad de jugadores que ven\u00edamos y lo logramos. Estamos felices, contentos, agradecer a toda la gente de Pelarco y de Talca que siempre nos apoy\u00f3 y que nos vio en las redes sociales. Un saludo para todos ellos\u00bb, dijo el n\u00famero 10 de El Arrozal.<\/p>\n<\/div><\/section><\/div>\n<div  style='height:50px' class='hr hr-invisible   avia-builder-el-6  el_after_av_one_full  el_before_av_social_share '><span class='hr-inner ' ><span class='hr-inner-style'><\/span><\/span><\/div>\n<div  class='av-social-sharing-box  avia-builder-el-7  el_after_av_hr  el_before_av_hr  '><div class='av-share-box'><h5 class='av-share-link-description av-no-toc '>Compartir esta noticia<\/h5><ul class='av-share-box-list noLightbox'><li class='av-share-link av-social-link-facebook' ><a target=\"_blank\" aria-label=\"Compartir en Facebook\" href='https:\/\/www.facebook.com\/sharer.php?u=https:\/\/radiorevelacionfm.cl\/?p=27531&#038;t=Gobierno%20Regional%20reafirma%20compromiso%20con%20el%20deporte%20tras%20exitoso%20campeonato%20nacional%20de%20la%20FENFUR%20en%20Ays%C3%A9n' aria-hidden='false' data-av_icon='\ue8f3' data-av_iconfont='entypo-fontello' title='' data-avia-related-tooltip='Compartir en Facebook' rel=\"noopener\"><span class='avia_hidden_link_text'>Compartir en Facebook<\/span><\/a><\/li><li class='av-share-link av-social-link-twitter' ><a target=\"_blank\" aria-label=\"Compartir en Twitter\" href='https:\/\/twitter.com\/share?text=Gobierno%20Regional%20reafirma%20compromiso%20con%20el%20deporte%20tras%20exitoso%20campeonato%20nacional%20de%20la%20FENFUR%20en%20Ays%C3%A9n&#038;url=https:\/\/radiorevelacionfm.cl\/?p=27531' aria-hidden='false' data-av_icon='\ue8f1' data-av_iconfont='entypo-fontello' title='' data-avia-related-tooltip='Compartir en Twitter' rel=\"noopener\"><span class='avia_hidden_link_text'>Compartir en Twitter<\/span><\/a><\/li><li class='av-share-link av-social-link-whatsapp' ><a target=\"_blank\" aria-label=\"Compartir en Whatsapp\" href='https:\/\/api.whatsapp.com\/send?text=https:\/\/radiorevelacionfm.cl\/?p=27531' aria-hidden='false' data-av_icon='\uf232' data-av_iconfont='entypo-fontello' title='' data-avia-related-tooltip='Compartir en Whatsapp' rel=\"noopener\"><span class='avia_hidden_link_text'>Compartir en Whatsapp<\/span><\/a><\/li><li class='av-share-link av-social-link-linkedin' ><a target=\"_blank\" aria-label=\"Compartir en LinkedIn\" href='https:\/\/linkedin.com\/shareArticle?mini=true&#038;title=Gobierno%20Regional%20reafirma%20compromiso%20con%20el%20deporte%20tras%20exitoso%20campeonato%20nacional%20de%20la%20FENFUR%20en%20Ays%C3%A9n&#038;url=https:\/\/radiorevelacionfm.cl\/?p=27531' aria-hidden='false' data-av_icon='\ue8fc' data-av_iconfont='entypo-fontello' title='' data-avia-related-tooltip='Compartir en LinkedIn' rel=\"noopener\"><span class='avia_hidden_link_text'>Compartir en LinkedIn<\/span><\/a><\/li><li class='av-share-link av-social-link-mail' ><a  aria-label=\"Compartir por correo\" href='mailto:?subject=Gobierno%20Regional%20reafirma%20compromiso%20con%20el%20deporte%20tras%20exitoso%20campeonato%20nacional%20de%20la%20FENFUR%20en%20Ays%C3%A9n&#038;body=https:\/\/radiorevelacionfm.cl\/?p=27531' aria-hidden='false' data-av_icon='\ue805' data-av_iconfont='entypo-fontello' title='' data-avia-related-tooltip='Compartir por correo'><span class='avia_hidden_link_text'>Compartir por correo<\/span><\/a><\/li><\/ul><\/div><\/div>\n<div  style='height:50px' class='hr hr-invisible   avia-builder-el-8  el_after_av_social_share  el_before_av_comments_list '><span class='hr-inner ' ><span class='hr-inner-style'><\/span><\/span><\/div>\n<div  class='av-buildercomment  av-blog-meta-html-info-disabled av-blog-meta-tag-disabled  '><\/div>\n","protected":false},"excerpt":{"rendered":"","protected":false},"author":1,"featured_media":27535,"comment_status":"open","ping_status":"open","sticky":false,"template":"","format":"standard","meta":{"footnotes":""},"categories":[40],"tags":[],"class_list":["post-27531","post","type-post","status-publish","format-standard","has-post-thumbnail","hentry","category-deportes"],"jetpack_featured_media_url":"https:\/\/radiorevelacionfm.cl\/wp-content\/uploads\/2023\/02\/foto-fenfur-3-1-1.jpeg","_links":{"self":[{"href":"https:\/\/radiorevelacionfm.cl\/index.php?rest_route=\/wp\/v2\/posts\/27531","targetHints":{"allow":["GET"]}}],"collection":[{"href":"https:\/\/radiorevelacionfm.cl\/index.php?rest_route=\/wp\/v2\/posts"}],"about":[{"href":"https:\/\/radiorevelacionfm.cl\/index.php?rest_route=\/wp\/v2\/types\/post"}],"author":[{"embeddable":true,"href":"https:\/\/radiorevelacionfm.cl\/index.php?rest_route=\/wp\/v2\/users\/1"}],"replies":[{"embeddable":true,"href":"https:\/\/radiorevelacionfm.cl\/index.php?rest_route=%2Fwp%2Fv2%2Fcomments&post=27531"}],"version-history":[{"count":3,"href":"https:\/\/radiorevelacionfm.cl\/index.php?rest_route=\/wp\/v2\/posts\/27531\/revisions"}],"predecessor-version":[{"id":27534,"href":"https:\/\/radiorevelacionfm.cl\/index.php?rest_route=\/wp\/v2\/posts\/27531\/revisions\/27534"}],"wp:featuredmedia":[{"embeddable":true,"href":"https:\/\/radiorevelacionfm.cl\/index.php?rest_route=\/wp\/v2\/media\/27535"}],"wp:attachment":[{"href":"https:\/\/radiorevelacionfm.cl\/index.php?rest_route=%2Fwp%2Fv2%2Fmedia&parent=27531"}],"wp:term":[{"taxonomy":"category","embeddable":true,"href":"https:\/\/radiorevelacionfm.cl\/index.php?rest_route=%2Fwp%2Fv2%2Fcategories&post=27531"},{"taxonomy":"post_tag","embeddable":true,"href":"https:\/\/radiorevelacionfm.cl\/index.php?rest_route=%2Fwp%2Fv2%2Ftags&post=27531"}],"curies":[{"name":"wp","href":"https:\/\/api.w.org\/{rel}","templated":true}]}}