{"id":27526,"date":"2023-02-06T18:12:37","date_gmt":"2023-02-06T21:12:37","guid":{"rendered":"https:\/\/radiorevelacionfm.cl\/?p=27526"},"modified":"2023-02-06T18:12:37","modified_gmt":"2023-02-06T21:12:37","slug":"general-de-carabineros-aysen-junto-al-mop-visitan-el-litoral-y-presentan-etapa-de-diseno-del-reten-puerto-aguirre","status":"publish","type":"post","link":"https:\/\/radiorevelacionfm.cl\/?p=27526","title":{"rendered":"General de Carabineros Ays\u00e9n junto al MOP visitan el litoral y presentan etapa de dise\u00f1o del Ret\u00e9n Puerto Aguirre"},"content":{"rendered":"<div class=\"flex_column av_one_full  flex_column_div av-zero-column-padding first  avia-builder-el-0  el_before_av_one_full  avia-builder-el-first  \" style='border-radius:0px; '><div  class='avia-image-container  av-styling-    avia-builder-el-1  avia-builder-el-no-sibling  avia-align-center '  itemprop=\"image\" itemscope=\"itemscope\" itemtype=\"https:\/\/schema.org\/ImageObject\"  ><div class='avia-image-container-inner'><div class='avia-image-overlay-wrap'><img decoding=\"async\" class='wp-image-27527 avia-img-lazy-loading-not-27527 avia_image' src=\"https:\/\/radiorevelacionfm.cl\/wp-content\/uploads\/2023\/02\/0b892c61-b11f-449b-b8a2-b6dab8582933-1_optimized.jpg\" alt='' title='0b892c61-b11f-449b-b8a2-b6dab8582933-(1)_optimized' height=\"600\" width=\"800\"  itemprop=\"thumbnailUrl\" srcset=\"https:\/\/radiorevelacionfm.cl\/wp-content\/uploads\/2023\/02\/0b892c61-b11f-449b-b8a2-b6dab8582933-1_optimized.jpg 800w, https:\/\/radiorevelacionfm.cl\/wp-content\/uploads\/2023\/02\/0b892c61-b11f-449b-b8a2-b6dab8582933-1_optimized-300x225.jpg 300w, https:\/\/radiorevelacionfm.cl\/wp-content\/uploads\/2023\/02\/0b892c61-b11f-449b-b8a2-b6dab8582933-1_optimized-768x576.jpg 768w, https:\/\/radiorevelacionfm.cl\/wp-content\/uploads\/2023\/02\/0b892c61-b11f-449b-b8a2-b6dab8582933-1_optimized-705x529.jpg 705w, https:\/\/radiorevelacionfm.cl\/wp-content\/uploads\/2023\/02\/0b892c61-b11f-449b-b8a2-b6dab8582933-1_optimized-600x450.jpg 600w\" sizes=\"(max-width: 800px) 100vw, 800px\" \/><\/div><\/div><\/div><\/div><div class=\"flex_column av_one_full  flex_column_div av-zero-column-padding first  avia-builder-el-2  el_after_av_one_full  el_before_av_one_full  column-top-margin\" style='border-radius:0px; '><section class=\"av_textblock_section \"  itemscope=\"itemscope\" itemtype=\"https:\/\/schema.org\/BlogPosting\" itemprop=\"blogPost\" ><div class='avia_textblock  '   itemprop=\"text\" ><p style=\"text-align: center;\"><span style=\"font-size: 18pt;\"><b>General de Carabineros Ays\u00e9n junto al MOP visitan el litoral y presentan etapa de dise\u00f1o del Ret\u00e9n Puerto Aguirre<\/b><\/span><\/p>\n<div id=\"gtx-trans\" style=\"position: absolute; left: -50px; top: 4.31534px;\">\n<div class=\"gtx-trans-icon\"><\/div>\n<\/div>\n<\/div><\/section><\/div><div class=\"flex_column av_one_full  flex_column_div av-zero-column-padding first  avia-builder-el-4  el_after_av_one_full  el_before_av_hr  column-top-margin\" style='border-radius:0px; '><section class=\"av_textblock_section \"  itemscope=\"itemscope\" itemtype=\"https:\/\/schema.org\/BlogPosting\" itemprop=\"blogPost\" ><div class='avia_textblock  '   itemprop=\"text\" ><p class=\"v1MsoNormal\" style=\"text-align: justify;\">Como parte del proceso de modernizaci\u00f3n y mejora continua para brindar un mejor servicio, el General de Carabineros Ays\u00e9n, Patricio Javier Santos Poblete, junto a la directora regional de la Direcci\u00f3n de Arquitectura del Ministerio de Obras P\u00fablicas (MOP), Paola Az\u00f3car, se traslad\u00f3 hasta la localidad de Puerto Aguirre -en la zona insular de la regi\u00f3n- con la finalidad de presentar la etapa de dise\u00f1o del proyecto de reposici\u00f3n del Ret\u00e9n de Carabineros de esta localidad.<\/p>\n<p class=\"v1MsoNormal\" style=\"text-align: justify;\">\u00abEs muy importante poder presentar los resultados de la consultor\u00eda que ya est\u00e1 terminando y que nos permite mejorar las condiciones de habitabilidad de los funcionarios en primera instancia y, posteriormente, tambi\u00e9n aportar al desarrollo de la localidad en t\u00e9rminos de poder mejorar las condiciones de infraestructura p\u00fablica que son esenciales como es un ret\u00e9n de Carabineros en localidades tan apartadas\u00bb, expres\u00f3 la arquitecto y directora regional de la Direcci\u00f3n de Arquitectura de esta cartera.<\/p>\n<p class=\"v1MsoNormal\" style=\"text-align: justify;\">El Ret\u00e9n Puerto Aguirre -ubicado en la localidad del mismo nombre situada a 154 km al noroeste de Coyhaique y donde residen 541 habitantes- corresponde a una antigua instalaci\u00f3n expuesta a los embates de la naturaleza y riguroso clima del litoral de la regi\u00f3n de Ays\u00e9n, cuya infraestructura data del 25 de agosto de 1947, la cual ha llegado al t\u00e9rmino de su vida \u00fatil.<\/p>\n<p class=\"v1MsoNormal\" style=\"text-align: justify;\"><b>Proyecto de reposici\u00f3n<\/b><\/p>\n<p class=\"v1MsoNormal\" style=\"text-align: justify;\">Seg\u00fan indic\u00f3 el General Patricio Santos Poblete, cerca de 76 a\u00f1os despu\u00e9s de la puesta en servicio del Ret\u00e9n -donde Carabineros constituye la presencia del Estado en la zona- la Instituci\u00f3n lleva adelante un proceso de modernizaci\u00f3n, el cual a trav\u00e9s de este proyecto -hoy en etapa de dise\u00f1o- busca la reposici\u00f3n de este cuartel, por modernas instalaciones, dotadas de est\u00e1ndares actuales de construcci\u00f3n, tecnolog\u00eda, sustentable, con nuevos y confortables espacios para la comunidad, as\u00ed como brindar las condiciones necesarias y una adecuada calidad de vida para el personal que desempe\u00f1a funciones en este lugar, cuartel que m\u00e1s que un lugar de permanencia de infractores de ley, constituye un espacio de encuentro para la comunidad.<\/p>\n<p class=\"v1MsoNormal\" style=\"text-align: justify;\">\u00abEsto permite dar m\u00e1s dignidad a todos nuestros carabineros que todos los d\u00edas prestan servicio en estos lugares tan apartados como en esta isla y, ciertamente mejorar la calidad del servicio (&#8230;) ojal\u00e1 poder ampliar esta iniciativa a todos los destacamentos de la regi\u00f3n, especialmente a aquellos que viven en condiciones que son similares a esta\u00bb, expres\u00f3 el General Santos quien reiter\u00f3 el agradecimiento al Gobierno central -a trav\u00e9s de la Direcci\u00f3n de Arquitectura del MOP y tambi\u00e9n al Gobierno regional por el apoyo en este esfuerzo.<\/p>\n<p class=\"v1MsoNormal\" style=\"text-align: justify;\"><b>Pr\u00f3xima etapa: ejecuci\u00f3n<\/b><\/p>\n<p class=\"v1MsoNormal\" style=\"text-align: justify;\">La directora regional de la Direcci\u00f3n de Arquitectura del MOP, Paola Azocar, a\u00f1adi\u00f3 que, una vez concluida la etapa de dise\u00f1o, se dar\u00e1 paso a la ejecuci\u00f3n del proyecto.<\/p>\n<p class=\"v1MsoNormal\" style=\"text-align: justify;\">\u00abEsta alianza estrat\u00e9gica nos permite avanzar en disminuir las desigualdades en territorios tan aislados como este\u00bb, expres\u00f3 la profesional.<\/p>\n<p class=\"v1MsoNormal\" style=\"text-align: justify;\">Se trata en definitiva de un cuartel que constituye una respuesta a las necesidades de seguridad de la ciudadan\u00eda, el cual reunir\u00e1 las condiciones y exigencias para el desarrollo de la funci\u00f3n policial.<\/p>\n<p class=\"v1MsoNormal\" style=\"text-align: justify;\">Carabineros de Chile posee en la regi\u00f3n de Ays\u00e9n un total de 32 cuarteles, de los cuales 17 corresponden a Retenes, 5 Tenencias, 3 Subcomisar\u00edas, 5 Comisar\u00edas, 1 Prefectura y 1 edificio Zonal.<\/p>\n<\/div><\/section><\/div><div  style='height:50px' class='hr hr-invisible   avia-builder-el-6  el_after_av_one_full  el_before_av_social_share '><span class='hr-inner ' ><span class='hr-inner-style'><\/span><\/span><\/div><\/p>\n<div  class='av-social-sharing-box  avia-builder-el-7  el_after_av_hr  el_before_av_hr  '><div class='av-share-box'><h5 class='av-share-link-description av-no-toc '>Compartir esta noticia<\/h5><ul class='av-share-box-list noLightbox'><li class='av-share-link av-social-link-facebook' ><a target=\"_blank\" aria-label=\"Compartir en Facebook\" href='https:\/\/www.facebook.com\/sharer.php?u=https:\/\/radiorevelacionfm.cl\/?p=27526&#038;t=General%20de%20Carabineros%20Ays%C3%A9n%20junto%20al%20MOP%20visitan%20el%20litoral%20y%20presentan%20etapa%20de%20dise%C3%B1o%20del%20Ret%C3%A9n%20Puerto%20Aguirre' aria-hidden='false' data-av_icon='\ue8f3' data-av_iconfont='entypo-fontello' title='' data-avia-related-tooltip='Compartir en Facebook' rel=\"noopener\"><span class='avia_hidden_link_text'>Compartir en Facebook<\/span><\/a><\/li><li class='av-share-link av-social-link-twitter' ><a target=\"_blank\" aria-label=\"Compartir en Twitter\" href='https:\/\/twitter.com\/share?text=General%20de%20Carabineros%20Ays%C3%A9n%20junto%20al%20MOP%20visitan%20el%20litoral%20y%20presentan%20etapa%20de%20dise%C3%B1o%20del%20Ret%C3%A9n%20Puerto%20Aguirre&#038;url=https:\/\/radiorevelacionfm.cl\/?p=27526' aria-hidden='false' data-av_icon='\ue8f1' data-av_iconfont='entypo-fontello' title='' data-avia-related-tooltip='Compartir en Twitter' rel=\"noopener\"><span class='avia_hidden_link_text'>Compartir en Twitter<\/span><\/a><\/li><li class='av-share-link av-social-link-whatsapp' ><a target=\"_blank\" aria-label=\"Compartir en Whatsapp\" href='https:\/\/api.whatsapp.com\/send?text=https:\/\/radiorevelacionfm.cl\/?p=27526' aria-hidden='false' data-av_icon='\uf232' data-av_iconfont='entypo-fontello' title='' data-avia-related-tooltip='Compartir en Whatsapp' rel=\"noopener\"><span class='avia_hidden_link_text'>Compartir en Whatsapp<\/span><\/a><\/li><li class='av-share-link av-social-link-linkedin' ><a target=\"_blank\" aria-label=\"Compartir en LinkedIn\" href='https:\/\/linkedin.com\/shareArticle?mini=true&#038;title=General%20de%20Carabineros%20Ays%C3%A9n%20junto%20al%20MOP%20visitan%20el%20litoral%20y%20presentan%20etapa%20de%20dise%C3%B1o%20del%20Ret%C3%A9n%20Puerto%20Aguirre&#038;url=https:\/\/radiorevelacionfm.cl\/?p=27526' aria-hidden='false' data-av_icon='\ue8fc' data-av_iconfont='entypo-fontello' title='' data-avia-related-tooltip='Compartir en LinkedIn' rel=\"noopener\"><span class='avia_hidden_link_text'>Compartir en LinkedIn<\/span><\/a><\/li><li class='av-share-link av-social-link-mail' ><a  aria-label=\"Compartir por correo\" href='mailto:?subject=General%20de%20Carabineros%20Ays%C3%A9n%20junto%20al%20MOP%20visitan%20el%20litoral%20y%20presentan%20etapa%20de%20dise%C3%B1o%20del%20Ret%C3%A9n%20Puerto%20Aguirre&#038;body=https:\/\/radiorevelacionfm.cl\/?p=27526' aria-hidden='false' data-av_icon='\ue805' data-av_iconfont='entypo-fontello' title='' data-avia-related-tooltip='Compartir por correo'><span class='avia_hidden_link_text'>Compartir por correo<\/span><\/a><\/li><\/ul><\/div><\/div>\n<div  style='height:50px' class='hr hr-invisible   avia-builder-el-8  el_after_av_social_share  el_before_av_comments_list '><span class='hr-inner ' ><span class='hr-inner-style'><\/span><\/span><\/div>\n<div  class='av-buildercomment  av-blog-meta-html-info-disabled av-blog-meta-tag-disabled  '><\/div>\n","protected":false},"excerpt":{"rendered":"","protected":false},"author":1,"featured_media":27527,"comment_status":"open","ping_status":"open","sticky":false,"template":"","format":"standard","meta":{"footnotes":""},"categories":[36],"tags":[],"class_list":["post-27526","post","type-post","status-publish","format-standard","has-post-thumbnail","hentry","category-policial"],"jetpack_featured_media_url":"https:\/\/radiorevelacionfm.cl\/wp-content\/uploads\/2023\/02\/0b892c61-b11f-449b-b8a2-b6dab8582933-1_optimized.jpg","_links":{"self":[{"href":"https:\/\/radiorevelacionfm.cl\/index.php?rest_route=\/wp\/v2\/posts\/27526","targetHints":{"allow":["GET"]}}],"collection":[{"href":"https:\/\/radiorevelacionfm.cl\/index.php?rest_route=\/wp\/v2\/posts"}],"about":[{"href":"https:\/\/radiorevelacionfm.cl\/index.php?rest_route=\/wp\/v2\/types\/post"}],"author":[{"embeddable":true,"href":"https:\/\/radiorevelacionfm.cl\/index.php?rest_route=\/wp\/v2\/users\/1"}],"replies":[{"embeddable":true,"href":"https:\/\/radiorevelacionfm.cl\/index.php?rest_route=%2Fwp%2Fv2%2Fcomments&post=27526"}],"version-history":[{"count":2,"href":"https:\/\/radiorevelacionfm.cl\/index.php?rest_route=\/wp\/v2\/posts\/27526\/revisions"}],"predecessor-version":[{"id":27529,"href":"https:\/\/radiorevelacionfm.cl\/index.php?rest_route=\/wp\/v2\/posts\/27526\/revisions\/27529"}],"wp:featuredmedia":[{"embeddable":true,"href":"https:\/\/radiorevelacionfm.cl\/index.php?rest_route=\/wp\/v2\/media\/27527"}],"wp:attachment":[{"href":"https:\/\/radiorevelacionfm.cl\/index.php?rest_route=%2Fwp%2Fv2%2Fmedia&parent=27526"}],"wp:term":[{"taxonomy":"category","embeddable":true,"href":"https:\/\/radiorevelacionfm.cl\/index.php?rest_route=%2Fwp%2Fv2%2Fcategories&post=27526"},{"taxonomy":"post_tag","embeddable":true,"href":"https:\/\/radiorevelacionfm.cl\/index.php?rest_route=%2Fwp%2Fv2%2Ftags&post=27526"}],"curies":[{"name":"wp","href":"https:\/\/api.w.org\/{rel}","templated":true}]}}