{"id":27522,"date":"2023-02-06T19:05:03","date_gmt":"2023-02-06T22:05:03","guid":{"rendered":"https:\/\/radiorevelacionfm.cl\/?p=27522"},"modified":"2023-02-06T20:11:14","modified_gmt":"2023-02-06T23:11:14","slug":"confirman-subsidios-para-186-familias-de-la-junta-balmaceda-y-puerto-chacabuco","status":"publish","type":"post","link":"https:\/\/radiorevelacionfm.cl\/?p=27522","title":{"rendered":"Confirman Subsidios para 186 familias de la Junta, Balmaceda y Puerto Chacabuco"},"content":{"rendered":"<div class=\"flex_column av_one_full  flex_column_div av-zero-column-padding first  avia-builder-el-0  el_before_av_one_full  avia-builder-el-first  \" style='border-radius:0px; '><div  class='avia-image-container  av-styling-    avia-builder-el-1  avia-builder-el-no-sibling  avia-align-center '  itemprop=\"image\" itemscope=\"itemscope\" itemtype=\"https:\/\/schema.org\/ImageObject\"  ><div class='avia-image-container-inner'><div class='avia-image-overlay-wrap'><img decoding=\"async\" class='wp-image-27523 avia-img-lazy-loading-not-27523 avia_image' src=\"https:\/\/radiorevelacionfm.cl\/wp-content\/uploads\/2023\/02\/Comite-El-Encuentro-de-la-Junta-1-1.jpeg\" alt='' title='Comit\u00e9 El Encuentro de la Junta (1) (1)' height=\"600\" width=\"800\"  itemprop=\"thumbnailUrl\" srcset=\"https:\/\/radiorevelacionfm.cl\/wp-content\/uploads\/2023\/02\/Comite-El-Encuentro-de-la-Junta-1-1.jpeg 800w, https:\/\/radiorevelacionfm.cl\/wp-content\/uploads\/2023\/02\/Comite-El-Encuentro-de-la-Junta-1-1-300x225.jpeg 300w, https:\/\/radiorevelacionfm.cl\/wp-content\/uploads\/2023\/02\/Comite-El-Encuentro-de-la-Junta-1-1-768x576.jpeg 768w, https:\/\/radiorevelacionfm.cl\/wp-content\/uploads\/2023\/02\/Comite-El-Encuentro-de-la-Junta-1-1-705x529.jpeg 705w, https:\/\/radiorevelacionfm.cl\/wp-content\/uploads\/2023\/02\/Comite-El-Encuentro-de-la-Junta-1-1-600x450.jpeg 600w\" sizes=\"(max-width: 800px) 100vw, 800px\" \/><\/div><\/div><\/div><\/div><div class=\"flex_column av_one_full  flex_column_div av-zero-column-padding first  avia-builder-el-2  el_after_av_one_full  el_before_av_one_full  column-top-margin\" style='border-radius:0px; '><section class=\"av_textblock_section \"  itemscope=\"itemscope\" itemtype=\"https:\/\/schema.org\/BlogPosting\" itemprop=\"blogPost\" ><div class='avia_textblock  '   itemprop=\"text\" ><p style=\"text-align: center;\"><strong><span style=\"font-size: 18pt;\">Confirman Subsidios para 186 familias de la Junta, Balmaceda y Puerto Chacabuco<\/span><\/strong><\/p>\n<div id=\"gtx-trans\" style=\"position: absolute; left: -50px; top: 4.31534px;\">\n<div class=\"gtx-trans-icon\"><\/div>\n<\/div>\n<\/div><\/section><\/div><div class=\"flex_column av_one_full  flex_column_div av-zero-column-padding first  avia-builder-el-4  el_after_av_one_full  el_before_av_hr  column-top-margin\" style='border-radius:0px; '><section class=\"av_textblock_section \"  itemscope=\"itemscope\" itemtype=\"https:\/\/schema.org\/BlogPosting\" itemprop=\"blogPost\" ><div class='avia_textblock  '   itemprop=\"text\" ><p style=\"text-align: justify;\">Una excelente noticia entreg\u00f3 este lunes la Seremi de Vivienda y Urbanismo, Paulina Ruz Delf\u00edn, al confirmar que 186 familias de La Junta, Balmaceda y Puerto Chacabuco, resultaron seleccionados para recibir los subsidios que les permitir\u00e1n entrar en la etapa final de su camino hacia la casa propia.<\/p>\n<p style=\"text-align: justify;\">Precis\u00f3 la autoridad sectorial que, en el documento firmado por el Ministro de Vivienda, Carlos Montes, se detalla la aprobaci\u00f3n de la n\u00f3mina de los proyectos seleccionados para nuestra regi\u00f3n, los que corresponden a los comit\u00e9s \u201cEl Encuentro\u201d de la Junta, con 32 integrantes; \u201cPatagonia Alegre\u201d, de Puerto Chacabuco, con 58 socios y \u201cProyecto Joven\u201d, de Balmaceda, integrado por 96 familias.<\/p>\n<p style=\"text-align: justify;\">Los proyectos antes mencionados recibir\u00e1n su financiamiento total para recibir los subsidios del Fondo Solidario de Elecci\u00f3n de Vivienda, en la modalidad de postulaci\u00f3n colectiva para construcci\u00f3n en nuevos terrenos, noticia que era muy esperada por los dirigentes, las familias y las respectivas Entidades Patrocinantes.<\/p>\n<p style=\"text-align: justify;\">Record\u00f3 la Seremi Paulina Ruz, que estos positivos resultados corresponden al \u00faltimo llamado del concurso que se cerr\u00f3 en diciembre y que se desarroll\u00f3 en condiciones especiales para familias de las regiones de Ays\u00e9n y Magallanes, donde se destinar\u00e1n m\u00e1s de 16 mil millones de pesos para financiar los proyectos habitacionales que se har\u00e1n realidad en Chacabuco, Balmaceda y La Junta.<\/p>\n<p style=\"text-align: justify;\">\u201cEsto para nosotros es muy importante, ya que en primer lugar cumplimos con lo que se\u00f1ala el compromiso de garantizar el derecho a la vivienda digna y adecuada a las familias a trav\u00e9s de nuestro plan de Emergencia Habitacional. Asimismo, permite que descentralicemos el beneficio de la gesti\u00f3n, ya que esto no es solo desde la palabra, sino que este es un hecho concreto. En el caso del comit\u00e9 Proyecto Joven, si bien pertenece a la comuna de Coyhaique, es del sector rural de Balmaceda y en el caso de Patagonia Alegre y El Encuentro, son comit\u00e9s de la comuna de Cisnes y de Ays\u00e9n, pero tampoco correspondan a las capitales comunales. Eso es lo que gestionamos y estamos muy contentos de beneficiar a 186 familias, donde son 16 mil millones de pesos los involucrados por parte del Ministerio de Vivienda, lo que refleja el compromiso que se tiene y el desaf\u00edo que este trabajo nos impone para seguir entregando soluciones habitacionales a las familias de la regi\u00f3n de Ays\u00e9n\u201d, manifest\u00f3.<\/p>\n<p style=\"text-align: justify;\">Agreg\u00f3 finalmente la Seremi de Vivienda que seguir\u00e1n en estrecho contacto con dirigentes y socios para apoyarlos junto a sus entidades patrocinantes en las etapas que faltan, entre las que destacan la licitaci\u00f3n y ejecuci\u00f3n de los respectivos proyectos habitacionales, que se espera puedan partir sus obras en el transcurso de este a\u00f1o.<\/p>\n<\/div><\/section><\/div><div  style='height:50px' class='hr hr-invisible   avia-builder-el-6  el_after_av_one_full  el_before_av_social_share '><span class='hr-inner ' ><span class='hr-inner-style'><\/span><\/span><\/div><\/p>\n<div  class='av-social-sharing-box  avia-builder-el-7  el_after_av_hr  el_before_av_hr  '><div class='av-share-box'><h5 class='av-share-link-description av-no-toc '>Compartir esta noticia<\/h5><ul class='av-share-box-list noLightbox'><li class='av-share-link av-social-link-facebook' ><a target=\"_blank\" aria-label=\"Compartir en Facebook\" href='https:\/\/www.facebook.com\/sharer.php?u=https:\/\/radiorevelacionfm.cl\/?p=27522&#038;t=Confirman%20Subsidios%20para%20186%20familias%20de%20la%20Junta%2C%20Balmaceda%20y%20Puerto%20Chacabuco' aria-hidden='false' data-av_icon='\ue8f3' data-av_iconfont='entypo-fontello' title='' data-avia-related-tooltip='Compartir en Facebook' rel=\"noopener\"><span class='avia_hidden_link_text'>Compartir en Facebook<\/span><\/a><\/li><li class='av-share-link av-social-link-twitter' ><a target=\"_blank\" aria-label=\"Compartir en Twitter\" href='https:\/\/twitter.com\/share?text=Confirman%20Subsidios%20para%20186%20familias%20de%20la%20Junta%2C%20Balmaceda%20y%20Puerto%20Chacabuco&#038;url=https:\/\/radiorevelacionfm.cl\/?p=27522' aria-hidden='false' data-av_icon='\ue8f1' data-av_iconfont='entypo-fontello' title='' data-avia-related-tooltip='Compartir en Twitter' rel=\"noopener\"><span class='avia_hidden_link_text'>Compartir en Twitter<\/span><\/a><\/li><li class='av-share-link av-social-link-whatsapp' ><a target=\"_blank\" aria-label=\"Compartir en Whatsapp\" href='https:\/\/api.whatsapp.com\/send?text=https:\/\/radiorevelacionfm.cl\/?p=27522' aria-hidden='false' data-av_icon='\uf232' data-av_iconfont='entypo-fontello' title='' data-avia-related-tooltip='Compartir en Whatsapp' rel=\"noopener\"><span class='avia_hidden_link_text'>Compartir en Whatsapp<\/span><\/a><\/li><li class='av-share-link av-social-link-linkedin' ><a target=\"_blank\" aria-label=\"Compartir en LinkedIn\" href='https:\/\/linkedin.com\/shareArticle?mini=true&#038;title=Confirman%20Subsidios%20para%20186%20familias%20de%20la%20Junta%2C%20Balmaceda%20y%20Puerto%20Chacabuco&#038;url=https:\/\/radiorevelacionfm.cl\/?p=27522' aria-hidden='false' data-av_icon='\ue8fc' data-av_iconfont='entypo-fontello' title='' data-avia-related-tooltip='Compartir en LinkedIn' rel=\"noopener\"><span class='avia_hidden_link_text'>Compartir en LinkedIn<\/span><\/a><\/li><li class='av-share-link av-social-link-mail' ><a  aria-label=\"Compartir por correo\" href='mailto:?subject=Confirman%20Subsidios%20para%20186%20familias%20de%20la%20Junta%2C%20Balmaceda%20y%20Puerto%20Chacabuco&#038;body=https:\/\/radiorevelacionfm.cl\/?p=27522' aria-hidden='false' data-av_icon='\ue805' data-av_iconfont='entypo-fontello' title='' data-avia-related-tooltip='Compartir por correo'><span class='avia_hidden_link_text'>Compartir por correo<\/span><\/a><\/li><\/ul><\/div><\/div>\n<div  style='height:50px' class='hr hr-invisible   avia-builder-el-8  el_after_av_social_share  el_before_av_comments_list '><span class='hr-inner ' ><span class='hr-inner-style'><\/span><\/span><\/div>\n<div  class='av-buildercomment  av-blog-meta-html-info-disabled av-blog-meta-tag-disabled  '><\/div>\n","protected":false},"excerpt":{"rendered":"","protected":false},"author":1,"featured_media":27523,"comment_status":"open","ping_status":"open","sticky":false,"template":"","format":"standard","meta":{"footnotes":""},"categories":[57],"tags":[],"class_list":["post-27522","post","type-post","status-publish","format-standard","has-post-thumbnail","hentry","category-vivienda"],"jetpack_featured_media_url":"https:\/\/radiorevelacionfm.cl\/wp-content\/uploads\/2023\/02\/Comite-El-Encuentro-de-la-Junta-1-1.jpeg","_links":{"self":[{"href":"https:\/\/radiorevelacionfm.cl\/index.php?rest_route=\/wp\/v2\/posts\/27522","targetHints":{"allow":["GET"]}}],"collection":[{"href":"https:\/\/radiorevelacionfm.cl\/index.php?rest_route=\/wp\/v2\/posts"}],"about":[{"href":"https:\/\/radiorevelacionfm.cl\/index.php?rest_route=\/wp\/v2\/types\/post"}],"author":[{"embeddable":true,"href":"https:\/\/radiorevelacionfm.cl\/index.php?rest_route=\/wp\/v2\/users\/1"}],"replies":[{"embeddable":true,"href":"https:\/\/radiorevelacionfm.cl\/index.php?rest_route=%2Fwp%2Fv2%2Fcomments&post=27522"}],"version-history":[{"count":2,"href":"https:\/\/radiorevelacionfm.cl\/index.php?rest_route=\/wp\/v2\/posts\/27522\/revisions"}],"predecessor-version":[{"id":27530,"href":"https:\/\/radiorevelacionfm.cl\/index.php?rest_route=\/wp\/v2\/posts\/27522\/revisions\/27530"}],"wp:featuredmedia":[{"embeddable":true,"href":"https:\/\/radiorevelacionfm.cl\/index.php?rest_route=\/wp\/v2\/media\/27523"}],"wp:attachment":[{"href":"https:\/\/radiorevelacionfm.cl\/index.php?rest_route=%2Fwp%2Fv2%2Fmedia&parent=27522"}],"wp:term":[{"taxonomy":"category","embeddable":true,"href":"https:\/\/radiorevelacionfm.cl\/index.php?rest_route=%2Fwp%2Fv2%2Fcategories&post=27522"},{"taxonomy":"post_tag","embeddable":true,"href":"https:\/\/radiorevelacionfm.cl\/index.php?rest_route=%2Fwp%2Fv2%2Ftags&post=27522"}],"curies":[{"name":"wp","href":"https:\/\/api.w.org\/{rel}","templated":true}]}}