{"id":27518,"date":"2023-02-06T17:51:07","date_gmt":"2023-02-06T20:51:07","guid":{"rendered":"https:\/\/radiorevelacionfm.cl\/?p=27518"},"modified":"2023-02-06T17:51:07","modified_gmt":"2023-02-06T20:51:07","slug":"con-recalada-del-crucero-marina-continua-temporada-de-cruceros-de-puerto-chacabuco","status":"publish","type":"post","link":"https:\/\/radiorevelacionfm.cl\/?p=27518","title":{"rendered":"Con recalada del crucero \u00abMarina\u00bb contin\u00faa Temporada de Cruceros de Puerto Chacabuco"},"content":{"rendered":"<div class=\"flex_column av_one_full  flex_column_div av-zero-column-padding first  avia-builder-el-0  el_before_av_one_full  avia-builder-el-first  \" style='border-radius:0px; '><div  class='avia-image-container  av-styling-    avia-builder-el-1  avia-builder-el-no-sibling  avia-align-center '  itemprop=\"image\" itemscope=\"itemscope\" itemtype=\"https:\/\/schema.org\/ImageObject\"  ><div class='avia-image-container-inner'><div class='avia-image-overlay-wrap'><img decoding=\"async\" class='wp-image-27519 avia-img-lazy-loading-not-27519 avia_image' src=\"https:\/\/radiorevelacionfm.cl\/wp-content\/uploads\/2023\/02\/img_20230204_120141-1-1_optimized-1.jpg\" alt='' title='img_20230204_120141-(1)-(1)_optimized (1)' height=\"600\" width=\"1333\"  itemprop=\"thumbnailUrl\" srcset=\"https:\/\/radiorevelacionfm.cl\/wp-content\/uploads\/2023\/02\/img_20230204_120141-1-1_optimized-1.jpg 1333w, https:\/\/radiorevelacionfm.cl\/wp-content\/uploads\/2023\/02\/img_20230204_120141-1-1_optimized-1-300x135.jpg 300w, https:\/\/radiorevelacionfm.cl\/wp-content\/uploads\/2023\/02\/img_20230204_120141-1-1_optimized-1-1030x464.jpg 1030w, https:\/\/radiorevelacionfm.cl\/wp-content\/uploads\/2023\/02\/img_20230204_120141-1-1_optimized-1-768x346.jpg 768w, https:\/\/radiorevelacionfm.cl\/wp-content\/uploads\/2023\/02\/img_20230204_120141-1-1_optimized-1-705x317.jpg 705w, https:\/\/radiorevelacionfm.cl\/wp-content\/uploads\/2023\/02\/img_20230204_120141-1-1_optimized-1-600x270.jpg 600w\" sizes=\"(max-width: 1333px) 100vw, 1333px\" \/><\/div><\/div><\/div><\/div><div class=\"flex_column av_one_full  flex_column_div av-zero-column-padding first  avia-builder-el-2  el_after_av_one_full  el_before_av_one_full  column-top-margin\" style='border-radius:0px; '><section class=\"av_textblock_section \"  itemscope=\"itemscope\" itemtype=\"https:\/\/schema.org\/BlogPosting\" itemprop=\"blogPost\" ><div class='avia_textblock  '   itemprop=\"text\" ><p style=\"text-align: center;\"><span style=\"font-size: 18pt;\"><b>Con recalada del crucero \u00abMarina\u00bb contin\u00faa Temporada de Cruceros de Puerto Chacabuco<\/b><\/span><\/p>\n<div id=\"gtx-trans\" style=\"position: absolute; left: -50px; top: 4.31534px;\">\n<div class=\"gtx-trans-icon\"><\/div>\n<\/div>\n<\/div><\/section><\/div><div class=\"flex_column av_one_full  flex_column_div av-zero-column-padding first  avia-builder-el-4  el_after_av_one_full  el_before_av_hr  column-top-margin\" style='border-radius:0px; '><section class=\"av_textblock_section \"  itemscope=\"itemscope\" itemtype=\"https:\/\/schema.org\/BlogPosting\" itemprop=\"blogPost\" ><div class='avia_textblock  '   itemprop=\"text\" ><p style=\"text-align: justify;\">Este viernes 3 de febrero recal\u00f3 en los muelles de Empresa Portuaria Chacabuco (Emporcha) el crucero \u00abMarina\u00bb, concret\u00e1ndose as\u00ed un nuevo hito en el marco de la Temporada de Cruceros 2022-2023 de este puerto, que se inici\u00f3 en noviembre del a\u00f1o pasado.<\/p>\n<p style=\"text-align: justify;\">1.178 visitantes, entre pasajeros y tripulantes, llegaron a bordo de esta nave que inici\u00f3 su itinerario en Miami, Estados Unidos, sumando escalas en distintos puntos del Caribe, Brasil, Uruguay, Argentina y Chile. A Chacabuco lleg\u00f3 procedente de Punta Arenas, tras lo cual continuar\u00e1 en Puerto Montt y San Antonio, su \u00faltimo punto, tras completar 51 d\u00edas de navegaci\u00f3n.<\/p>\n<p style=\"text-align: justify;\">La nave de lujo pertenece a Oceania Cruises, filial de la l\u00ednea Norwegian Cruise Line, y fue construida en los astilleros de Sestri Ponente de Fincantieri, en Italia, el a\u00f1o 2011. Navega bajo bandera de Islas Marshall.<\/p>\n<p style=\"text-align: justify;\">Con el arribo del \u00abMarina\u00bb contin\u00faa as\u00ed la temporada tur\u00edstica de Puerto Chacabuco, la cual contempla recaladas de naves de pasajeros tanto en infraestructura de Emporcha como en la empresa Oxxean. En total, poco m\u00e1s de 24 mil visitantes se espera lleguen hasta la Regi\u00f3n de Ays\u00e9n en el contexto de este ciclo, con el cual se confirma la recuperaci\u00f3n de la actividad a nivel nacional y regional.<\/p>\n<p style=\"text-align: justify;\">Desde Emporcha se destac\u00f3 la coordinaci\u00f3n y colaboraci\u00f3n que ha podido concretarse con las autoridades regionales de Econom\u00eda, Sernatur, Gobierno Regional, adem\u00e1s de la Armada y los servicios fiscalizadores, y la municipalidad de Ays\u00e9n para la atenci\u00f3n de los cruceros y la promoci\u00f3n tur\u00edstica de la zona, labor en la que adem\u00e1s se han sumado gremios productivos del turismo, la artesan\u00eda y el hoteler\u00eda local. Cabe se\u00f1alar que esta es la primera, de 3 visitas que har\u00e1 el Marina esta temporada<\/p>\n<p style=\"text-align: justify;\">\u00abComo hemos se\u00f1alado previamente, esta temporada de cruceros se prepar\u00f3 con mucha antelaci\u00f3n, considerando que -tras la pandemia y el periodo posterior de ajuste- la industria tur\u00edstica poco a poco ha podido ponerse de pie y tiene en la llegada de estas naves un foco importante para seguir recuper\u00e1ndose. Nos interesa este trabajo articulado para hacer de Chacabuco un punto de inter\u00e9s y el lugar de entrada a la Patagonia\u00bb, dijo Felipe Candia, gerente general de Puerto Chacabuco.<\/p>\n<\/div><\/section><\/div><div  style='height:50px' class='hr hr-invisible   avia-builder-el-6  el_after_av_one_full  el_before_av_social_share '><span class='hr-inner ' ><span class='hr-inner-style'><\/span><\/span><\/div><\/p>\n<div  class='av-social-sharing-box  avia-builder-el-7  el_after_av_hr  el_before_av_hr  '><div class='av-share-box'><h5 class='av-share-link-description av-no-toc '>Compartir esta noticia<\/h5><ul class='av-share-box-list noLightbox'><li class='av-share-link av-social-link-facebook' ><a target=\"_blank\" aria-label=\"Compartir en Facebook\" href='https:\/\/www.facebook.com\/sharer.php?u=https:\/\/radiorevelacionfm.cl\/?p=27518&#038;t=Con%20recalada%20del%20crucero%20%C2%ABMarina%C2%BB%20contin%C3%BAa%20Temporada%20de%20Cruceros%20de%20Puerto%20Chacabuco' aria-hidden='false' data-av_icon='\ue8f3' data-av_iconfont='entypo-fontello' title='' data-avia-related-tooltip='Compartir en Facebook' rel=\"noopener\"><span class='avia_hidden_link_text'>Compartir en Facebook<\/span><\/a><\/li><li class='av-share-link av-social-link-twitter' ><a target=\"_blank\" aria-label=\"Compartir en Twitter\" href='https:\/\/twitter.com\/share?text=Con%20recalada%20del%20crucero%20%C2%ABMarina%C2%BB%20contin%C3%BAa%20Temporada%20de%20Cruceros%20de%20Puerto%20Chacabuco&#038;url=https:\/\/radiorevelacionfm.cl\/?p=27518' aria-hidden='false' data-av_icon='\ue8f1' data-av_iconfont='entypo-fontello' title='' data-avia-related-tooltip='Compartir en Twitter' rel=\"noopener\"><span class='avia_hidden_link_text'>Compartir en Twitter<\/span><\/a><\/li><li class='av-share-link av-social-link-whatsapp' ><a target=\"_blank\" aria-label=\"Compartir en Whatsapp\" href='https:\/\/api.whatsapp.com\/send?text=https:\/\/radiorevelacionfm.cl\/?p=27518' aria-hidden='false' data-av_icon='\uf232' data-av_iconfont='entypo-fontello' title='' data-avia-related-tooltip='Compartir en Whatsapp' rel=\"noopener\"><span class='avia_hidden_link_text'>Compartir en Whatsapp<\/span><\/a><\/li><li class='av-share-link av-social-link-linkedin' ><a target=\"_blank\" aria-label=\"Compartir en LinkedIn\" href='https:\/\/linkedin.com\/shareArticle?mini=true&#038;title=Con%20recalada%20del%20crucero%20%C2%ABMarina%C2%BB%20contin%C3%BAa%20Temporada%20de%20Cruceros%20de%20Puerto%20Chacabuco&#038;url=https:\/\/radiorevelacionfm.cl\/?p=27518' aria-hidden='false' data-av_icon='\ue8fc' data-av_iconfont='entypo-fontello' title='' data-avia-related-tooltip='Compartir en LinkedIn' rel=\"noopener\"><span class='avia_hidden_link_text'>Compartir en LinkedIn<\/span><\/a><\/li><li class='av-share-link av-social-link-mail' ><a  aria-label=\"Compartir por correo\" href='mailto:?subject=Con%20recalada%20del%20crucero%20%C2%ABMarina%C2%BB%20contin%C3%BAa%20Temporada%20de%20Cruceros%20de%20Puerto%20Chacabuco&#038;body=https:\/\/radiorevelacionfm.cl\/?p=27518' aria-hidden='false' data-av_icon='\ue805' data-av_iconfont='entypo-fontello' title='' data-avia-related-tooltip='Compartir por correo'><span class='avia_hidden_link_text'>Compartir por correo<\/span><\/a><\/li><\/ul><\/div><\/div>\n<div  style='height:50px' class='hr hr-invisible   avia-builder-el-8  el_after_av_social_share  el_before_av_comments_list '><span class='hr-inner ' ><span class='hr-inner-style'><\/span><\/span><\/div>\n<div  class='av-buildercomment  av-blog-meta-html-info-disabled av-blog-meta-tag-disabled  '><\/div>\n","protected":false},"excerpt":{"rendered":"","protected":false},"author":1,"featured_media":27519,"comment_status":"open","ping_status":"open","sticky":false,"template":"","format":"standard","meta":{"footnotes":""},"categories":[54],"tags":[],"class_list":["post-27518","post","type-post","status-publish","format-standard","has-post-thumbnail","hentry","category-turismo"],"jetpack_featured_media_url":"https:\/\/radiorevelacionfm.cl\/wp-content\/uploads\/2023\/02\/img_20230204_120141-1-1_optimized-1.jpg","_links":{"self":[{"href":"https:\/\/radiorevelacionfm.cl\/index.php?rest_route=\/wp\/v2\/posts\/27518","targetHints":{"allow":["GET"]}}],"collection":[{"href":"https:\/\/radiorevelacionfm.cl\/index.php?rest_route=\/wp\/v2\/posts"}],"about":[{"href":"https:\/\/radiorevelacionfm.cl\/index.php?rest_route=\/wp\/v2\/types\/post"}],"author":[{"embeddable":true,"href":"https:\/\/radiorevelacionfm.cl\/index.php?rest_route=\/wp\/v2\/users\/1"}],"replies":[{"embeddable":true,"href":"https:\/\/radiorevelacionfm.cl\/index.php?rest_route=%2Fwp%2Fv2%2Fcomments&post=27518"}],"version-history":[{"count":2,"href":"https:\/\/radiorevelacionfm.cl\/index.php?rest_route=\/wp\/v2\/posts\/27518\/revisions"}],"predecessor-version":[{"id":27521,"href":"https:\/\/radiorevelacionfm.cl\/index.php?rest_route=\/wp\/v2\/posts\/27518\/revisions\/27521"}],"wp:featuredmedia":[{"embeddable":true,"href":"https:\/\/radiorevelacionfm.cl\/index.php?rest_route=\/wp\/v2\/media\/27519"}],"wp:attachment":[{"href":"https:\/\/radiorevelacionfm.cl\/index.php?rest_route=%2Fwp%2Fv2%2Fmedia&parent=27518"}],"wp:term":[{"taxonomy":"category","embeddable":true,"href":"https:\/\/radiorevelacionfm.cl\/index.php?rest_route=%2Fwp%2Fv2%2Fcategories&post=27518"},{"taxonomy":"post_tag","embeddable":true,"href":"https:\/\/radiorevelacionfm.cl\/index.php?rest_route=%2Fwp%2Fv2%2Ftags&post=27518"}],"curies":[{"name":"wp","href":"https:\/\/api.w.org\/{rel}","templated":true}]}}